{"id":101781,"date":"2023-07-11T16:42:17","date_gmt":"2023-07-11T16:42:17","guid":{"rendered":"https:\/\/primicias2262.com\/noticias\/?p=101781"},"modified":"2023-07-12T16:27:47","modified_gmt":"2023-07-12T16:27:47","slug":"estamos-en-un-espacio-politico-donde-se-escucha-a-los-vecinos-y-sobre-todo-se-gestiona","status":"publish","type":"post","link":"https:\/\/primicias2262.com\/noticias\/estamos-en-un-espacio-politico-donde-se-escucha-a-los-vecinos-y-sobre-todo-se-gestiona\/","title":{"rendered":"\u201cEstamos en un espacio pol\u00edtico donde se escucha a los vecinos y sobre todo se gestiona\u201d"},"content":{"rendered":"<p><strong>As\u00ed lo defini\u00f3 el abogado Julio Zapata, primer precandidato a concejal de la lista de Uni\u00f3n por la Patria que postula como aspirante a intendente de Necochea a Mauro Vel\u00e1zquez, del Frente Renovador.<\/strong><\/p>\n<p>Durante su visita a \u201cVoces de la Ciudad\u201d, Zapata charl\u00f3 en nota con el periodista Jorge G\u00f3mez y cont\u00f3 el porqu\u00e9 de su participaci\u00f3n activa en la lista: \u201cNo es un tema de convencimientos, sino de confianza. Estuve participando en la anterior gesti\u00f3n en el Departamento Ejecutivo municipal y Mauro (Vel\u00e1zquez) me convoc\u00f3, conociendo un poco mi impronta y sobre todo mi persona y la capacidad de trabajo que uno le pone, con ganas de salir adelante\u201d.<\/p>\n<p>Actualmente de 61 a\u00f1os, vale recordar que al doctor Julio Zapata le toc\u00f3 pasar por el hecho traum\u00e1tico de ir a la Guerra de Malvinas: \u201cIngres\u00e9 a la Armada haciendo tres a\u00f1os de escuelas y luego egresando, y ni bien salido con j\u00f3venes 20 a\u00f1os me toc\u00f3 vivir aquello\u201d, pero prefiri\u00f3 apoyarse en que \u201cante cualquier situaci\u00f3n traum\u00e1tica, est\u00e1 en la persona poder superarlo, para cualquier contingencia de la vida que se te presente, lo importante en la persona es tener la voluntad de salir adelante, no quedarte ni caerte\u201d.<\/p>\n<figure id=\"attachment_101783\" aria-describedby=\"caption-attachment-101783\" style=\"width: 1200px\" class=\"wp-caption aligncenter\"><a href=\"https:\/\/primicias2262.com\/noticias\/wp-content\/uploads\/2023\/07\/zapata.jpg\"><img loading=\"lazy\" decoding=\"async\" class=\"size-full wp-image-101783\" src=\"https:\/\/primicias2262.com\/noticias\/wp-content\/uploads\/2023\/07\/zapata.jpg\" alt=\"\" width=\"1200\" height=\"900\" srcset=\"https:\/\/primicias2262.com\/noticias\/wp-content\/uploads\/2023\/07\/zapata.jpg 1200w, https:\/\/primicias2262.com\/noticias\/wp-content\/uploads\/2023\/07\/zapata-300x225.jpg 300w, https:\/\/primicias2262.com\/noticias\/wp-content\/uploads\/2023\/07\/zapata-1024x768.jpg 1024w, https:\/\/primicias2262.com\/noticias\/wp-content\/uploads\/2023\/07\/zapata-768x576.jpg 768w, https:\/\/primicias2262.com\/noticias\/wp-content\/uploads\/2023\/07\/zapata-150x113.jpg 150w, https:\/\/primicias2262.com\/noticias\/wp-content\/uploads\/2023\/07\/zapata-696x522.jpg 696w, https:\/\/primicias2262.com\/noticias\/wp-content\/uploads\/2023\/07\/zapata-1068x801.jpg 1068w\" sizes=\"auto, (max-width: 1200px) 100vw, 1200px\" \/><\/a><figcaption id=\"caption-attachment-101783\" class=\"wp-caption-text\">Julio Zapata, durante el homenaje que le hizo la gesti\u00f3n de Facundo L\u00f3pez cuando se cumplieron 37 a\u00f1os del hundimiento del Crucero General Belgrano.<\/figcaption><\/figure>\n<p>Fue as\u00ed como el oriundo de C\u00f3rdoba capital, tras aquella etapa eligi\u00f3 a Necochea para vivir. \u201cEleg\u00ed esta ciudad porque ten\u00eda afinidades, estaba mi hermano, y si bien pensaba retornar a mi ciudad natal lo cierto es que conoc\u00ed este lugar bell\u00edsimo y me qued\u00e9\u201d.<\/p>\n<p>Volviendo a lo que lo convoca actualmente, Zapata mostr\u00f3 su compromiso y defini\u00f3 que \u201cno es sencillo enfrentar los problemas, el ser pol\u00edtico es una vocaci\u00f3n de servicio, una vez que est\u00e1s insertado adentro te das cuenta que no es sencillo, no es como estar en tu casa. Los contribuyentes necesitan una respuesta y la esencia est\u00e1 en planificar y c\u00f3mo hacerlo, y dar esa respuesta que necesita la gente\u201d.<\/p>\n<p>En ese sentido, asegur\u00f3 que \u201cMauro en su rol ha seguido estando con los vecinos desde la anterior gesti\u00f3n\u2026 es un espacio pol\u00edtico donde realmente se trabaja y se propone, se escucha a los vecinos y sobre todo se gestiona\u2026 obviamente con tropiezos, pero se hace\u2026 as\u00ed es este equipo de trabajo. Estamos con todas las ganas y muy confiados en que la gente nos va a acompa\u00f1ar, pero hay que demostrar que realmente ten\u00e9s val\u00eda para escucharlos y trabajar en eso, y Mauro tiene esa impronta\u201d.<\/p>\n<p><a href=\"https:\/\/primicias2262.com\/noticias\/wp-content\/uploads\/2023\/07\/julio-zapata.jpeg\"><img loading=\"lazy\" decoding=\"async\" class=\"aligncenter size-full wp-image-101782\" src=\"https:\/\/primicias2262.com\/noticias\/wp-content\/uploads\/2023\/07\/julio-zapata.jpeg\" alt=\"\" width=\"1024\" height=\"768\" srcset=\"https:\/\/primicias2262.com\/noticias\/wp-content\/uploads\/2023\/07\/julio-zapata.jpeg 1024w, https:\/\/primicias2262.com\/noticias\/wp-content\/uploads\/2023\/07\/julio-zapata-300x225.jpeg 300w, https:\/\/primicias2262.com\/noticias\/wp-content\/uploads\/2023\/07\/julio-zapata-768x576.jpeg 768w, https:\/\/primicias2262.com\/noticias\/wp-content\/uploads\/2023\/07\/julio-zapata-150x113.jpeg 150w, https:\/\/primicias2262.com\/noticias\/wp-content\/uploads\/2023\/07\/julio-zapata-696x522.jpeg 696w\" sizes=\"auto, (max-width: 1024px) 100vw, 1024px\" \/><\/a><\/p>\n<p>En tanto, acerca de la cabeza de todo el proyecto nacional, Sergio Massa, destac\u00f3 que \u201cha tomado desaf\u00edos como lo hizo al asumir una situaci\u00f3n coyuntural muy complicada en Econom\u00eda, y hoy se est\u00e1 poniendo al frente de un pa\u00eds para revertir la situaci\u00f3n, y lo est\u00e1 haciendo, tiene una visi\u00f3n de pa\u00eds superadora, est\u00e1 muy bien preparado y viene trabajando en el objetivo de ser presidente\u201d.<\/p>\n","protected":false},"excerpt":{"rendered":"<p>As\u00ed lo defini\u00f3 el abogado Julio Zapata, primer precandidato a concejal de la lista de Uni\u00f3n por la Patria que postula como aspirante a intendente de Necochea a Mauro Vel\u00e1zquez, del Frente Renovador. Durante su visita a \u201cVoces de la Ciudad\u201d, Zapata charl\u00f3 en nota con el periodista Jorge G\u00f3mez y cont\u00f3 el porqu\u00e9 de [&hellip;]<\/p>\n","protected":false},"author":3,"featured_media":101784,"comment_status":"open","ping_status":"open","sticky":false,"template":"","format":"standard","meta":{"footnotes":""},"categories":[3],"tags":[],"class_list":["post-101781","post","type-post","status-publish","format-standard","has-post-thumbnail","category-masnoticias"],"_links":{"self":[{"href":"https:\/\/primicias2262.com\/noticias\/wp-json\/wp\/v2\/posts\/101781","targetHints":{"allow":["GET"]}}],"collection":[{"href":"https:\/\/primicias2262.com\/noticias\/wp-json\/wp\/v2\/posts"}],"about":[{"href":"https:\/\/primicias2262.com\/noticias\/wp-json\/wp\/v2\/types\/post"}],"author":[{"embeddable":true,"href":"https:\/\/primicias2262.com\/noticias\/wp-json\/wp\/v2\/users\/3"}],"replies":[{"embeddable":true,"href":"https:\/\/primicias2262.com\/noticias\/wp-json\/wp\/v2\/comments?post=101781"}],"version-history":[{"count":2,"href":"https:\/\/primicias2262.com\/noticias\/wp-json\/wp\/v2\/posts\/101781\/revisions"}],"predecessor-version":[{"id":101812,"href":"https:\/\/primicias2262.com\/noticias\/wp-json\/wp\/v2\/posts\/101781\/revisions\/101812"}],"wp:featuredmedia":[{"embeddable":true,"href":"https:\/\/primicias2262.com\/noticias\/wp-json\/wp\/v2\/media\/101784"}],"wp:attachment":[{"href":"https:\/\/primicias2262.com\/noticias\/wp-json\/wp\/v2\/media?parent=101781"}],"wp:term":[{"taxonomy":"category","embeddable":true,"href":"https:\/\/primicias2262.com\/noticias\/wp-json\/wp\/v2\/categories?post=101781"},{"taxonomy":"post_tag","embeddable":true,"href":"https:\/\/primicias2262.com\/noticias\/wp-json\/wp\/v2\/tags?post=101781"}],"curies":[{"name":"wp","href":"https:\/\/api.w.org\/{rel}","templated":true}]}}