{"id":101787,"date":"2023-07-12T11:18:44","date_gmt":"2023-07-12T11:18:44","guid":{"rendered":"https:\/\/primicias2262.com\/noticias\/?p=101787"},"modified":"2023-07-13T13:40:52","modified_gmt":"2023-07-13T13:40:52","slug":"santa-maria-del-carmen-invierten-en-arreglos-del-templo-y-preparan-una-pena-baile-en-la-vispera-de-las-patronales","status":"publish","type":"post","link":"https:\/\/primicias2262.com\/noticias\/santa-maria-del-carmen-invierten-en-arreglos-del-templo-y-preparan-una-pena-baile-en-la-vispera-de-las-patronales\/","title":{"rendered":"Santa Mar\u00eda del Carmen: invierten en arreglos del templo y preparan una pe\u00f1a baile en la v\u00edspera de las patronales"},"content":{"rendered":"<p><strong>Los integrantes de la parroquia Santa Mar\u00eda del Carmen, Hugo Favre y Norberto Lavia, pasaron por los estudios de \u201cVoces de la Ciudad\u201d, y en una nota realizada por el periodista Jorge G\u00f3mez hablaron de esta semana cargada de actividades para dicha comunidad, a pocos d\u00edas de la de la celebraci\u00f3n de la Patrona Santa Mar\u00eda del Carmen, que tendr\u00e1 una procesi\u00f3n y misa el domingo 16 de julio.<\/strong><\/p>\n<p><a href=\"https:\/\/primicias2262.com\/noticias\/wp-content\/uploads\/2023\/07\/WhatsApp-Image-2023-07-11-at-2.26.24-PM-1.jpeg\"><img loading=\"lazy\" decoding=\"async\" class=\"aligncenter size-full wp-image-101797\" src=\"https:\/\/primicias2262.com\/noticias\/wp-content\/uploads\/2023\/07\/WhatsApp-Image-2023-07-11-at-2.26.24-PM-1.jpeg\" alt=\"\" width=\"1024\" height=\"768\" srcset=\"https:\/\/primicias2262.com\/noticias\/wp-content\/uploads\/2023\/07\/WhatsApp-Image-2023-07-11-at-2.26.24-PM-1.jpeg 1024w, https:\/\/primicias2262.com\/noticias\/wp-content\/uploads\/2023\/07\/WhatsApp-Image-2023-07-11-at-2.26.24-PM-1-300x225.jpeg 300w, https:\/\/primicias2262.com\/noticias\/wp-content\/uploads\/2023\/07\/WhatsApp-Image-2023-07-11-at-2.26.24-PM-1-768x576.jpeg 768w, https:\/\/primicias2262.com\/noticias\/wp-content\/uploads\/2023\/07\/WhatsApp-Image-2023-07-11-at-2.26.24-PM-1-150x113.jpeg 150w, https:\/\/primicias2262.com\/noticias\/wp-content\/uploads\/2023\/07\/WhatsApp-Image-2023-07-11-at-2.26.24-PM-1-696x522.jpeg 696w\" sizes=\"auto, (max-width: 1024px) 100vw, 1024px\" \/><\/a>En plena novena, transitando el quinto d\u00eda de la misma, se\u00f1alaron que en simult\u00e1neo a ello est\u00e1n concluyendo con la venta de un bono de colaboraci\u00f3n para juntar fondos para la restauraci\u00f3n del templo. \u201cTenemos una buena cantidad de n\u00fameros vendidos\u00a0 y se sortea este s\u00e1bado 15, todo con el fin de poder poner el templo en condiciones, que va a cumplir 140 a\u00f1os y hab\u00eda que darle una mano de embellecimiento\u201d, se\u00f1alaron.<\/p>\n<p>El primer premio del bono es un terreno de 10 metros por 20 metros en 52 y 87, escriturado y con tasas al d\u00eda, se sortea por quiniela nacional y el valor del bono es de 7 mil pesos. \u201cTen\u00edamos mil n\u00fameros y se vendieron casi 600, que teniendo en cuenta la situaci\u00f3n es entendible y est\u00e1 bien, aunque tambi\u00e9n se recibieron muchas colaboraciones m\u00e1s all\u00e1 del bono\u201d.<\/p>\n<p>Para conseguir bonos y colaborar, los interesados pueden acudir a la parroquia del centro, en 61 entre 58 y 60; llamar al fijo 42-2133 o al celular 2262-589589, o por mensaje al Facebook Santa Mar\u00eda del Carmen. \u201cDe aqu\u00ed hasta el s\u00e1bado est\u00e1 la posibilidad de comprar bonos\u201d, aclararon.<a href=\"https:\/\/primicias2262.com\/noticias\/wp-content\/uploads\/2023\/07\/WhatsApp-Image-2023-07-11-at-2.25.42-PM-1.jpeg\"><img loading=\"lazy\" decoding=\"async\" class=\"aligncenter size-full wp-image-101796\" src=\"https:\/\/primicias2262.com\/noticias\/wp-content\/uploads\/2023\/07\/WhatsApp-Image-2023-07-11-at-2.25.42-PM-1.jpeg\" alt=\"\" width=\"754\" height=\"1024\" srcset=\"https:\/\/primicias2262.com\/noticias\/wp-content\/uploads\/2023\/07\/WhatsApp-Image-2023-07-11-at-2.25.42-PM-1.jpeg 754w, https:\/\/primicias2262.com\/noticias\/wp-content\/uploads\/2023\/07\/WhatsApp-Image-2023-07-11-at-2.25.42-PM-1-221x300.jpeg 221w, https:\/\/primicias2262.com\/noticias\/wp-content\/uploads\/2023\/07\/WhatsApp-Image-2023-07-11-at-2.25.42-PM-1-150x204.jpeg 150w, https:\/\/primicias2262.com\/noticias\/wp-content\/uploads\/2023\/07\/WhatsApp-Image-2023-07-11-at-2.25.42-PM-1-300x407.jpeg 300w, https:\/\/primicias2262.com\/noticias\/wp-content\/uploads\/2023\/07\/WhatsApp-Image-2023-07-11-at-2.25.42-PM-1-696x945.jpeg 696w\" sizes=\"auto, (max-width: 754px) 100vw, 754px\" \/><\/a><\/p>\n<p><strong>Este s\u00e1bado, gran fiesta en el SUM del P\u00edo XII<\/strong><\/p>\n<p>Por otra parte, Favre y Lavia dieron detalles de la celebraci\u00f3n que tendr\u00e1n en v\u00edspera de las patronales del domingo. \u201cEl s\u00e1bado tendremos un festejo de bailar y cantarle a la virgen a la tarde noche, despu\u00e9s de la misa a las 20 vamos a hacer una pe\u00f1a baile en el SUM del P\u00edo XII, por calle 60, entre 61 y 63\u201d.<\/p>\n<p>Al respecto, adelantaron que \u201ctenemos programados cinco o seis n\u00fameros de gente que nos va a acompa\u00f1ar, en el lugar habr\u00e1 cantina y la gente podr\u00e1 degustar empanadas, sanguches de bondiola y alg\u00fan guiso de lentejas\u201d, para terminar aclarando que \u201cno hay reservas de tarjetas y simplemente estamos invitando a la comunidad a que venga a bailar y a pasar una linda noche en la v\u00edspera de las patronales\u201d.<\/p>\n","protected":false},"excerpt":{"rendered":"<p>Los integrantes de la parroquia Santa Mar\u00eda del Carmen, Hugo Favre y Norberto Lavia, pasaron por los estudios de \u201cVoces de la Ciudad\u201d, y en una nota realizada por el periodista Jorge G\u00f3mez hablaron de esta semana cargada de actividades para dicha comunidad, a pocos d\u00edas de la de la celebraci\u00f3n de la Patrona Santa [&hellip;]<\/p>\n","protected":false},"author":3,"featured_media":101795,"comment_status":"open","ping_status":"open","sticky":false,"template":"","format":"standard","meta":{"footnotes":""},"categories":[3],"tags":[],"class_list":["post-101787","post","type-post","status-publish","format-standard","has-post-thumbnail","category-masnoticias"],"_links":{"self":[{"href":"https:\/\/primicias2262.com\/noticias\/wp-json\/wp\/v2\/posts\/101787","targetHints":{"allow":["GET"]}}],"collection":[{"href":"https:\/\/primicias2262.com\/noticias\/wp-json\/wp\/v2\/posts"}],"about":[{"href":"https:\/\/primicias2262.com\/noticias\/wp-json\/wp\/v2\/types\/post"}],"author":[{"embeddable":true,"href":"https:\/\/primicias2262.com\/noticias\/wp-json\/wp\/v2\/users\/3"}],"replies":[{"embeddable":true,"href":"https:\/\/primicias2262.com\/noticias\/wp-json\/wp\/v2\/comments?post=101787"}],"version-history":[{"count":3,"href":"https:\/\/primicias2262.com\/noticias\/wp-json\/wp\/v2\/posts\/101787\/revisions"}],"predecessor-version":[{"id":101794,"href":"https:\/\/primicias2262.com\/noticias\/wp-json\/wp\/v2\/posts\/101787\/revisions\/101794"}],"wp:featuredmedia":[{"embeddable":true,"href":"https:\/\/primicias2262.com\/noticias\/wp-json\/wp\/v2\/media\/101795"}],"wp:attachment":[{"href":"https:\/\/primicias2262.com\/noticias\/wp-json\/wp\/v2\/media?parent=101787"}],"wp:term":[{"taxonomy":"category","embeddable":true,"href":"https:\/\/primicias2262.com\/noticias\/wp-json\/wp\/v2\/categories?post=101787"},{"taxonomy":"post_tag","embeddable":true,"href":"https:\/\/primicias2262.com\/noticias\/wp-json\/wp\/v2\/tags?post=101787"}],"curies":[{"name":"wp","href":"https:\/\/api.w.org\/{rel}","templated":true}]}}