{"id":101799,"date":"2023-07-12T14:18:33","date_gmt":"2023-07-12T14:18:33","guid":{"rendered":"https:\/\/primicias2262.com\/noticias\/?p=101799"},"modified":"2023-07-13T14:26:34","modified_gmt":"2023-07-13T14:26:34","slug":"el-patin-artistico-del-club-huracan-ira-con-17-chicas-al-selectivo-para-los-nacionales-de-la-cap","status":"publish","type":"post","link":"https:\/\/primicias2262.com\/noticias\/el-patin-artistico-del-club-huracan-ira-con-17-chicas-al-selectivo-para-los-nacionales-de-la-cap\/","title":{"rendered":"El pat\u00edn art\u00edstico del Club Hurac\u00e1n ir\u00e1 con 17 chicas al selectivo para los nacionales de la CAP"},"content":{"rendered":"<p><strong>Desde este viernes, y hasta el domingo 16 inclusive, se realizar\u00e1 en el Polideportivo Municipal de Tres Arroyos el Torneo Regional de pat\u00edn art\u00edstico selectivo para las copas nacionales que organiza la Confederaci\u00f3n Argentina de Pat\u00edn. A esta cita regional donde competir\u00e1n m\u00e1s de 400 patinadoras, el Club Hurac\u00e1n de Necochea asistir\u00e1 con una numerosa delegaci\u00f3n de 17 chicas a cargo de la t\u00e9cnica nacional, Florencia Mart\u00edn.<\/strong><\/p>\n<p>Se recuerda que en el \u00e1mbito del pat\u00edn, Hurac\u00e1n de nuestra ciudad forma parte de la Asociaci\u00f3n Marplatense, la cual participar\u00e1 de este selectivo junto a representantes de la Asociaci\u00f3n Pampeana, Federaci\u00f3n Provincia de Buenos Aires y Asociaci\u00f3n Tandilense.<\/p>\n<p>Tal como lo dice su nombre, este selectivo clasificar\u00e1 a las mejores exponentes para las prestigiosas copas nacionales \u201cGonz\u00e1lez Molina\u201d y \u201cRoberto Rodr\u00edguez\u201d, que esta temporada ser\u00e1n en Neuqu\u00e9n y C\u00f3rdoba, respectivamente, y en las que las dirigidas por Florencia Mart\u00edn han sabido brillar.<\/p>\n<div id='gallery-1' class='gallery galleryid-101799 gallery-columns-2 gallery-size-medium'><figure class='gallery-item'>\n\t\t\t<div class='gallery-icon landscape'>\n\t\t\t\t<a href='https:\/\/primicias2262.com\/noticias\/el-patin-artistico-del-club-huracan-ira-con-17-chicas-al-selectivo-para-los-nacionales-de-la-cap\/patin-huracan1\/'><img loading=\"lazy\" decoding=\"async\" width=\"300\" height=\"250\" src=\"https:\/\/primicias2262.com\/noticias\/wp-content\/uploads\/2023\/07\/patin-huracan1-300x250.png\" class=\"attachment-medium size-medium\" alt=\"\" srcset=\"https:\/\/primicias2262.com\/noticias\/wp-content\/uploads\/2023\/07\/patin-huracan1-300x250.png 300w, https:\/\/primicias2262.com\/noticias\/wp-content\/uploads\/2023\/07\/patin-huracan1-150x125.png 150w, https:\/\/primicias2262.com\/noticias\/wp-content\/uploads\/2023\/07\/patin-huracan1-696x580.png 696w, https:\/\/primicias2262.com\/noticias\/wp-content\/uploads\/2023\/07\/patin-huracan1.png 720w\" sizes=\"auto, (max-width: 300px) 100vw, 300px\" \/><\/a>\n\t\t\t<\/div><\/figure><figure class='gallery-item'>\n\t\t\t<div class='gallery-icon landscape'>\n\t\t\t\t<a href='https:\/\/primicias2262.com\/noticias\/el-patin-artistico-del-club-huracan-ira-con-17-chicas-al-selectivo-para-los-nacionales-de-la-cap\/patin-huracan2\/'><img loading=\"lazy\" decoding=\"async\" width=\"300\" height=\"255\" src=\"https:\/\/primicias2262.com\/noticias\/wp-content\/uploads\/2023\/07\/patin-huracan2-300x255.png\" class=\"attachment-medium size-medium\" alt=\"\" srcset=\"https:\/\/primicias2262.com\/noticias\/wp-content\/uploads\/2023\/07\/patin-huracan2-300x255.png 300w, https:\/\/primicias2262.com\/noticias\/wp-content\/uploads\/2023\/07\/patin-huracan2-150x127.png 150w, https:\/\/primicias2262.com\/noticias\/wp-content\/uploads\/2023\/07\/patin-huracan2-696x591.png 696w, https:\/\/primicias2262.com\/noticias\/wp-content\/uploads\/2023\/07\/patin-huracan2.png 720w\" sizes=\"auto, (max-width: 300px) 100vw, 300px\" \/><\/a>\n\t\t\t<\/div><\/figure>\n\t\t<\/div>\n\n<p><strong>Las 17 patinadoras del Club Hurac\u00e1n que viajan este viernes al selectivo:<\/strong><\/p>\n<p>Brisa Gigena<\/p>\n<p>Jazm\u00edn Bucchi<\/p>\n<p>P\u00eda Zabaleta<\/p>\n<p>Sof\u00eda Cejas<\/p>\n<p>Victoria Ramos<\/p>\n<p>Nahila Gallay Monjes<\/p>\n<p>Zoe Moreno<\/p>\n<p>Naiquen Russo<\/p>\n<p>Florencia Araujo<\/p>\n<p>Eliana Otero<\/p>\n<p>Agustina Monjes<\/p>\n<p>Tatiana Rautto<\/p>\n<p>Martina Iphar Garc\u00eda<\/p>\n<p>Zoe Alberca<\/p>\n<p>Candela Cajaravilla<\/p>\n<p>Luana Magno Camacho<\/p>\n<p>Paloma Guerrero<\/p>\n","protected":false},"excerpt":{"rendered":"<p>Desde este viernes, y hasta el domingo 16 inclusive, se realizar\u00e1 en el Polideportivo Municipal de Tres Arroyos el Torneo Regional de pat\u00edn art\u00edstico selectivo para las copas nacionales que organiza la Confederaci\u00f3n Argentina de Pat\u00edn. A esta cita regional donde competir\u00e1n m\u00e1s de 400 patinadoras, el Club Hurac\u00e1n de Necochea asistir\u00e1 con una numerosa [&hellip;]<\/p>\n","protected":false},"author":3,"featured_media":101791,"comment_status":"open","ping_status":"open","sticky":false,"template":"","format":"standard","meta":{"footnotes":""},"categories":[3],"tags":[],"class_list":["post-101799","post","type-post","status-publish","format-standard","has-post-thumbnail","category-masnoticias"],"_links":{"self":[{"href":"https:\/\/primicias2262.com\/noticias\/wp-json\/wp\/v2\/posts\/101799","targetHints":{"allow":["GET"]}}],"collection":[{"href":"https:\/\/primicias2262.com\/noticias\/wp-json\/wp\/v2\/posts"}],"about":[{"href":"https:\/\/primicias2262.com\/noticias\/wp-json\/wp\/v2\/types\/post"}],"author":[{"embeddable":true,"href":"https:\/\/primicias2262.com\/noticias\/wp-json\/wp\/v2\/users\/3"}],"replies":[{"embeddable":true,"href":"https:\/\/primicias2262.com\/noticias\/wp-json\/wp\/v2\/comments?post=101799"}],"version-history":[{"count":2,"href":"https:\/\/primicias2262.com\/noticias\/wp-json\/wp\/v2\/posts\/101799\/revisions"}],"predecessor-version":[{"id":101805,"href":"https:\/\/primicias2262.com\/noticias\/wp-json\/wp\/v2\/posts\/101799\/revisions\/101805"}],"wp:featuredmedia":[{"embeddable":true,"href":"https:\/\/primicias2262.com\/noticias\/wp-json\/wp\/v2\/media\/101791"}],"wp:attachment":[{"href":"https:\/\/primicias2262.com\/noticias\/wp-json\/wp\/v2\/media?parent=101799"}],"wp:term":[{"taxonomy":"category","embeddable":true,"href":"https:\/\/primicias2262.com\/noticias\/wp-json\/wp\/v2\/categories?post=101799"},{"taxonomy":"post_tag","embeddable":true,"href":"https:\/\/primicias2262.com\/noticias\/wp-json\/wp\/v2\/tags?post=101799"}],"curies":[{"name":"wp","href":"https:\/\/api.w.org\/{rel}","templated":true}]}}