{"id":101806,"date":"2023-07-12T15:58:56","date_gmt":"2023-07-12T15:58:56","guid":{"rendered":"https:\/\/primicias2262.com\/noticias\/?p=101806"},"modified":"2023-07-12T15:58:56","modified_gmt":"2023-07-12T15:58:56","slug":"baradel-el-aumento-salarial-ofrecido-por-el-gobierno-llega-al-85-en-septiembre","status":"publish","type":"post","link":"https:\/\/primicias2262.com\/noticias\/baradel-el-aumento-salarial-ofrecido-por-el-gobierno-llega-al-85-en-septiembre\/","title":{"rendered":"Baradel: \u201cEl aumento salarial ofrecido por el gobierno llega al 85% en septiembre\u201d"},"content":{"rendered":"<div class=\"col-12 col-sm-9\">\n<div class=\"nota_content mt-30\">\n<p><strong>El secretario general del gremio Suteba y de la CTA provincia de Buenos Aires, Roberto Baradel, asegur\u00f3 hoy que la propuesta formulada por el gobierno bonaerense en paritarias contempla un aumento del 85% en el mes de septiembre para los maestros, y estim\u00f3 que \u201cser\u00e1 considerada por el conjunto de la docencia en t\u00e9rminos favorables\u201d.<\/strong><\/p>\n<p>Ayer, el gobierno de Axel Kicillof, representado por los ministros Pablo L\u00f3pez y Walter Correa, se reuni\u00f3 en paritarias primero con los gremios que representan a trabajadores estatales comprendidos bajo los alcances de la Ley 10.430 y luego con los sindicatos docentes nucleados en el Frente de Unidad (FUDB), que integran Suteba, FEB, Sadop, AMET y Udocba.<\/p>\n<p>La oferta que recibieron los trabajadores de la educaci\u00f3n es un 45% al ya acordado en mayo, y que se percibir\u00e1 con un 30% de incremento correspondiente a los salarios en julio y un 15% m\u00e1s en septiembre, lo que representa un total de 85% de aumento desde febrero a septiembre 2023 .<\/p>\n<p>Voceros gremiales graficaron que \u201ccon este aumento, en julio, un maestro de grado sin antig\u00fcedad que trabaje jornada simple cobrar\u00e1 $200.000 y en septiembre $220.000\u201d.<\/p>\n<p>\u201cEl gobierno de la provincia de Buenos Aires hizo ayer una propuesta del 45% en el trimestre julio, agosto y septiembre. Se acord\u00f3 reapertura de las negociaciones en octubre, pero con monitoreo en septiembre. En el caso de los docentes a ese porcentaje hay que sumarle incentivo y conectividad, que son sumas que se reciben a nivel nacional\u201d, cont\u00f3 el dirigente gremial en declaraciones formuladas a T\u00e9lam.<\/p>\n<p>Con los estatales, el Ejecutivo acord\u00f3 otorgar dos nuevos tramos de aumento salarial, en julio y septiembre, con lo que la suba salarial promedio ser\u00e1 del 70% en julio y habr\u00e1 un aumento adicional del 15% en septiembre.<\/p>\n<p>El acuerdo incluy\u00f3 una suba en las asignaciones familiares del 100% y el compromiso de reapertura de las negociaciones en octubre.<\/p>\n<p>Baradel explic\u00f3 que \u201cel aumento que discutimos en la paritaria con la provincia lo van a cobrar \u00edntegramente los jubilados y entendemos que es una suba que va en el sentido de lo que nosotros planteamos al gobierno de no s\u00f3lo no perder poder adquisitivo frente a la inflaci\u00f3n, sino estar por arriba de la inflaci\u00f3n\u201d.<\/p>\n<p>El dirigente sindical adelant\u00f3 que Suteba someter\u00e1 hoy la propuesta a consideraci\u00f3n en una asamblea y confirm\u00f3 que la totalidad del Frente de Unidad Docente bonaerense (FUDB) contestar\u00e1 el jueves, tras la realizaci\u00f3n de los plenarios y congresos de los dem\u00e1s gremios.<\/p>\n<p>\u201cContestaremos unificadamente. Entiendo que la propuesta ser\u00e1 considerada por el conjunto de la docencia en t\u00e9rminos favorables\u201d, expres\u00f3.<\/p>\n<p>El dirigente analiz\u00f3 que el ofrecimiento \u201ces fruto de las discusiones que hemos tenido en mesas t\u00e9cnicas, donde planteamos las necesidades de los trabajadores y trabajadoras y el gobierno de la provincia las tom\u00f3 en cuenta\u201d.<\/p>\n<p>\u201cQuiero destacar el acuerdo de resguardo y reparaci\u00f3n y el de licencias parentales. entre el mes pasado y este, avanzamos mucho en la conquista de m\u00e1s derechos\u201d, cerr\u00f3 Baradel.<\/p>\n<\/div>\n<\/div>\n","protected":false},"excerpt":{"rendered":"<p>El secretario general del gremio Suteba y de la CTA provincia de Buenos Aires, Roberto Baradel, asegur\u00f3 hoy que la propuesta formulada por el gobierno bonaerense en paritarias contempla un aumento del 85% en el mes de septiembre para los maestros, y estim\u00f3 que \u201cser\u00e1 considerada por el conjunto de la docencia en t\u00e9rminos favorables\u201d. [&hellip;]<\/p>\n","protected":false},"author":3,"featured_media":101807,"comment_status":"open","ping_status":"open","sticky":false,"template":"","format":"standard","meta":{"footnotes":""},"categories":[7],"tags":[],"class_list":{"0":"post-101806","1":"post","2":"type-post","3":"status-publish","4":"format-standard","5":"has-post-thumbnail","7":"category-nac"},"_links":{"self":[{"href":"https:\/\/primicias2262.com\/noticias\/wp-json\/wp\/v2\/posts\/101806","targetHints":{"allow":["GET"]}}],"collection":[{"href":"https:\/\/primicias2262.com\/noticias\/wp-json\/wp\/v2\/posts"}],"about":[{"href":"https:\/\/primicias2262.com\/noticias\/wp-json\/wp\/v2\/types\/post"}],"author":[{"embeddable":true,"href":"https:\/\/primicias2262.com\/noticias\/wp-json\/wp\/v2\/users\/3"}],"replies":[{"embeddable":true,"href":"https:\/\/primicias2262.com\/noticias\/wp-json\/wp\/v2\/comments?post=101806"}],"version-history":[{"count":1,"href":"https:\/\/primicias2262.com\/noticias\/wp-json\/wp\/v2\/posts\/101806\/revisions"}],"predecessor-version":[{"id":101808,"href":"https:\/\/primicias2262.com\/noticias\/wp-json\/wp\/v2\/posts\/101806\/revisions\/101808"}],"wp:featuredmedia":[{"embeddable":true,"href":"https:\/\/primicias2262.com\/noticias\/wp-json\/wp\/v2\/media\/101807"}],"wp:attachment":[{"href":"https:\/\/primicias2262.com\/noticias\/wp-json\/wp\/v2\/media?parent=101806"}],"wp:term":[{"taxonomy":"category","embeddable":true,"href":"https:\/\/primicias2262.com\/noticias\/wp-json\/wp\/v2\/categories?post=101806"},{"taxonomy":"post_tag","embeddable":true,"href":"https:\/\/primicias2262.com\/noticias\/wp-json\/wp\/v2\/tags?post=101806"}],"curies":[{"name":"wp","href":"https:\/\/api.w.org\/{rel}","templated":true}]}}