{"id":101809,"date":"2023-07-12T16:27:34","date_gmt":"2023-07-12T16:27:34","guid":{"rendered":"https:\/\/primicias2262.com\/noticias\/?p=101809"},"modified":"2023-07-13T15:39:22","modified_gmt":"2023-07-13T15:39:22","slug":"no-nos-molesta-arrancar-de-atras-y-creo-que-vamos-a-representar-el-voto-del-sentir-militante","status":"publish","type":"post","link":"https:\/\/primicias2262.com\/noticias\/no-nos-molesta-arrancar-de-atras-y-creo-que-vamos-a-representar-el-voto-del-sentir-militante\/","title":{"rendered":"\u201cNo nos molesta arrancar de atr\u00e1s\u201d y \u201ccreo que vamos a representar el voto del sentir militante\u201d"},"content":{"rendered":"<p><strong>Fueron algunas de las freses que dej\u00f3 en su visita a \u201cVoces de la Ciudad\u201d Daniel \u201cYanqui\u201d L\u00f3pez, precandidato a intendente por una de las listas de Uni\u00f3n por la Patria que acompa\u00f1a a Axel Kicillof en la Provincia y abraza el proyecto presidencial de Juan Grabois.<\/strong><\/p>\n<p>El precandidato dialog\u00f3 con el periodista Jorge G\u00f3mez, quien le pregunt\u00f3 si se imagina qu\u00e9 gente lo va a votar, sobre lo que respondi\u00f3 de la siguiente forma: \u201cNosotros somos conscientes de algunas debilidades estructurales que tenemos, a pesar de muchos a\u00f1os de militancia somos debutantes electorales y eso nos condiciona en alguna cuesti\u00f3n, pero no nos molesta arrancar de atr\u00e1s\u201d, y \u201ccreo que vamos a representar el voto del sentir militante\u2026 en esto me dirijo hacia ese mundo del kirchnerismo que no le gusta c\u00f3mo est\u00e1n las cosas, que cree que hay desigualdades y que no milita por cuestiones de la vida pero tiene un sentir hacia la militancia\u201d.<\/p>\n<p>Con un mensaje fuertemente arraigado a la ciudad, L\u00f3pez mencion\u00f3 que \u201ctenemos la responsabilidad de gobernar sobre este territorio, desde la Circunvalaci\u00f3n hasta el norte del distrito\u2026 puedo opinar de pol\u00edtica nacional e internacional y geopol\u00edtica, pero no tengo la soluci\u00f3n desde ac\u00e1, pero s\u00ed puedo generar alg\u00fan paliativo desde el Estado Municipal, por ejemplo, tenemos un proyecto que venimos elaborando hace tiempo como es el \u201ccord\u00f3n verde\u201d para el autosustento de alimentos en Necochea\u201d.<\/p>\n<p><a href=\"https:\/\/primicias2262.com\/noticias\/wp-content\/uploads\/2023\/07\/yanqui-lopez.jpeg\"><img loading=\"lazy\" decoding=\"async\" class=\"aligncenter size-full wp-image-101825\" src=\"https:\/\/primicias2262.com\/noticias\/wp-content\/uploads\/2023\/07\/yanqui-lopez.jpeg\" alt=\"\" width=\"1024\" height=\"768\" srcset=\"https:\/\/primicias2262.com\/noticias\/wp-content\/uploads\/2023\/07\/yanqui-lopez.jpeg 1024w, https:\/\/primicias2262.com\/noticias\/wp-content\/uploads\/2023\/07\/yanqui-lopez-300x225.jpeg 300w, https:\/\/primicias2262.com\/noticias\/wp-content\/uploads\/2023\/07\/yanqui-lopez-768x576.jpeg 768w, https:\/\/primicias2262.com\/noticias\/wp-content\/uploads\/2023\/07\/yanqui-lopez-150x113.jpeg 150w, https:\/\/primicias2262.com\/noticias\/wp-content\/uploads\/2023\/07\/yanqui-lopez-696x522.jpeg 696w\" sizes=\"auto, (max-width: 1024px) 100vw, 1024px\" \/><\/a>En tal sentido aport\u00f3 que \u201csomos un gran productor de alimentos y tiene que haber una presencia del Estado un poco m\u00e1s fuerte para hacer menos dif\u00edcil la vida de los que trabajan la tierra y producen, y aplicar la Ley de G\u00f3ndolas y una articulaci\u00f3n de los grandes supermercados y el productor\u201d.<\/p>\n<p><strong>Sinergia positiva en los temas<\/strong><\/p>\n<p>Asimismo, el nacido en Nueva York y actualmente de 44 a\u00f1os afirm\u00f3 que \u201chay que generar una sinergia positiva, como lo planteamos en seguridad tambi\u00e9n, en este caso entre el poder Judicial, la polic\u00eda y todos los Ejecutivos, municipal, provincial y nacional, y si logramos eso hay un camino enorme para solucionar la seguridad. Y a esa sinergia la tiene que conducir el poder pol\u00edtico\u201d.<\/p>\n<p>Finalmente, se refiri\u00f3 a su equipo, definiendo que \u201ces una lista con personas con distintas caracter\u00edsticas que hace que sea simbi\u00f3tica, nosotros nos retroalimentamos en algunas cuestiones que nos sirven a la comunidad\u201d, y en sentido figurado ante la consulta period\u00edstica dijo que \u201ccompro votos y el pago nuestro es un proyecto de ciudad pensado desde Necochea\u201d.<\/p>\n<p>\u201cEsta ciudad es la m\u00e1s maravillosa del mundo, el necochense que nos va a votar es el solidario\u2026 hay una sociedad solidaria que siente que Necochea es el mejor lugar del mundo y as\u00ed lo creo yo, y el ser necochense es lo m\u00e1s hermoso\u201d, afirm\u00f3, para dedicar tambi\u00e9n un p\u00e1rrafo al Prof. Alejandro Andersen, primer precandidato a concejal en su lista.<\/p>\n<p>\u201cLe agradezco por poner en juego su prestigio personal ganado con muchos a\u00f1os de laburo y estudio en una lista conmigo a la cabeza, eso es de una responsabilidad enorme, me hace sentir absolutamente responsable de los que vamos a decir y hacer\u201d.<\/p>\n","protected":false},"excerpt":{"rendered":"<p>Fueron algunas de las freses que dej\u00f3 en su visita a \u201cVoces de la Ciudad\u201d Daniel \u201cYanqui\u201d L\u00f3pez, precandidato a intendente por una de las listas de Uni\u00f3n por la Patria que acompa\u00f1a a Axel Kicillof en la Provincia y abraza el proyecto presidencial de Juan Grabois. El precandidato dialog\u00f3 con el periodista Jorge G\u00f3mez, [&hellip;]<\/p>\n","protected":false},"author":3,"featured_media":100403,"comment_status":"open","ping_status":"open","sticky":false,"template":"","format":"standard","meta":{"footnotes":""},"categories":[3],"tags":[],"class_list":["post-101809","post","type-post","status-publish","format-standard","has-post-thumbnail","category-masnoticias"],"_links":{"self":[{"href":"https:\/\/primicias2262.com\/noticias\/wp-json\/wp\/v2\/posts\/101809","targetHints":{"allow":["GET"]}}],"collection":[{"href":"https:\/\/primicias2262.com\/noticias\/wp-json\/wp\/v2\/posts"}],"about":[{"href":"https:\/\/primicias2262.com\/noticias\/wp-json\/wp\/v2\/types\/post"}],"author":[{"embeddable":true,"href":"https:\/\/primicias2262.com\/noticias\/wp-json\/wp\/v2\/users\/3"}],"replies":[{"embeddable":true,"href":"https:\/\/primicias2262.com\/noticias\/wp-json\/wp\/v2\/comments?post=101809"}],"version-history":[{"count":3,"href":"https:\/\/primicias2262.com\/noticias\/wp-json\/wp\/v2\/posts\/101809\/revisions"}],"predecessor-version":[{"id":101824,"href":"https:\/\/primicias2262.com\/noticias\/wp-json\/wp\/v2\/posts\/101809\/revisions\/101824"}],"wp:featuredmedia":[{"embeddable":true,"href":"https:\/\/primicias2262.com\/noticias\/wp-json\/wp\/v2\/media\/100403"}],"wp:attachment":[{"href":"https:\/\/primicias2262.com\/noticias\/wp-json\/wp\/v2\/media?parent=101809"}],"wp:term":[{"taxonomy":"category","embeddable":true,"href":"https:\/\/primicias2262.com\/noticias\/wp-json\/wp\/v2\/categories?post=101809"},{"taxonomy":"post_tag","embeddable":true,"href":"https:\/\/primicias2262.com\/noticias\/wp-json\/wp\/v2\/tags?post=101809"}],"curies":[{"name":"wp","href":"https:\/\/api.w.org\/{rel}","templated":true}]}}