{"id":101810,"date":"2023-07-13T11:27:12","date_gmt":"2023-07-13T11:27:12","guid":{"rendered":"https:\/\/primicias2262.com\/noticias\/?p=101810"},"modified":"2023-07-14T14:19:11","modified_gmt":"2023-07-14T14:19:11","slug":"nos-diferencia-de-las-otras-listas-que-no-he-escuchado-hablar-sobre-propuestas-concretas-para-cambiar-el-distrito","status":"publish","type":"post","link":"https:\/\/primicias2262.com\/noticias\/nos-diferencia-de-las-otras-listas-que-no-he-escuchado-hablar-sobre-propuestas-concretas-para-cambiar-el-distrito\/","title":{"rendered":"\u201cNos diferencia de las otras listas que no he escuchado hablar sobre propuestas concretas para cambiar el distrito\u201d"},"content":{"rendered":"<p><strong>As\u00ed lo afirm\u00f3 uno de los precandidatos a intendente por Uni\u00f3n por la Patria, Marcelo Rivero, quien presentar\u00e1 su lista este s\u00e1bado 15 a partir de las 20 en el Club Defensores de Puerto Quequ\u00e9n.<\/strong><\/p>\n<p>En la antesala de dicha presentaci\u00f3n, el \u201cChelo\u201d pas\u00f3 por los estudios de \u201cVoces de la Ciudad\u201d y en di\u00e1logo con el periodista Jorge G\u00f3mez fue al grano a la hora de marcar diferencias con sus competidores en las elecciones PASO, Mauro Vel\u00e1zquez y Daniel \u201cYanqui\u201d L\u00f3pez, como as\u00ed del resto de los espacios.<\/p>\n<p>\u201cEl s\u00e1bado vamos a hacer un gran asado peronista, reconociendo nuestra pertenencia al peronismo, a Cristina, a N\u00e9stor y a toda la doctrina justicialista, fundamentalmente con proyectos locales y propuestas que tiene que ver con mejorar la calidad de vida de todos los habitantes del distrito, y eso nos diferencia de las otras listas, porque no he escuchado lamentablemente hablar de propuestas concretas para cambiar el distrito, de parte de nuestros eventuales adversarios\u201d.<\/p>\n<p>Argument\u00f3 al toque que \u201cen cambio nosotros tenemos propuestas que avalamos con hechos concretos para el distrito, por ejemplo, para nosotros el trabajo es fundamental, crear un trabajo digno y defenderlo, y la semana pasada estuvimos acompa\u00f1ando a una cooperativa que tiene m\u00e1s de 200 trabajadoras como es Engraucoop, la \u00fanica industria pesquera de Quequ\u00e9n, sobre la que pende una decisi\u00f3n judicial de remate de la f\u00e1brica por una deuda de los due\u00f1os anteriores, y la realidad es que nadie del arco pol\u00edtico ven\u00eda haciendo acciones concretas o visibilizando este problema\u201d.<\/p>\n<p>Relat\u00f3 seguidamente sobre ello que \u201chicimos un pedido al gobernador Axel Kicillof y a ra\u00edz de eso fuimos recibidos en el Ministerio de Trabajo, acompa\u00f1ados por las trabajadoras de Engraucoop, la diputada Natalia S\u00e1nchez J\u00e1uregui y la delegada del Ministerio de Trabajo, Natalia Steffen, tratando de buscar una soluci\u00f3n concreta, fundamentalmente para que no se remate la propiedad y se mantengan las fuentes laborales. Creemos que en la pol\u00edtica mejor que decir es hacer, y nosotros estamos haciendo\u201d.<\/p>\n<p>Rivero encabeza la lista N\u00ba 2 Celeste y Blanca, que se presentar\u00e1 este s\u00e1bado y acompa\u00f1a la postulaci\u00f3n presidencial de Sergio Massa y la reelecci\u00f3n de Axel Kicillof como gobernador. Y si de Kicillof se trata, el \u201cChelo\u201d volvi\u00f3 a apelar a la necesidad de tener una sinton\u00eda concreta con el gobierno de la Provincia de Buenos Aires. \u201cAxel Kicillof ha hecho mucho por Necochea a pesar de ser un municipio gobernado por un partido que no es el de Axel, ha permitido arreglar las cuentas y muchas otras cosas\u2026 imaginemos todo lo que se podr\u00eda hacer con un gobierno que estuviera en la misma sinton\u00eda peronista\u201d, argument\u00f3.<\/p>\n<p>Finalmente, Rivero record\u00f3 que \u201cla nuestra es la lista oficial e hist\u00f3rica del Partido Justicialista, tenemos el honor de que se nos haya confiado, nuestro distrito es amplio y vasto y en Quequ\u00e9n existe un gran sentimiento hacia todo lo que representa el peronismo\u201d, y a la pasada le dej\u00f3 un mensajito a la conducci\u00f3n que impulsa la precandidatura de Mauro Vel\u00e1zquez.<\/p>\n<p>\u201cEsa lista responde al doctor Facundo L\u00f3pez y su hermana Jimena L\u00f3pez, compuesta por exfuncionarios que estuvieron en su administraci\u00f3n municipal, en cambio la nuestra es una lista gestionada desde el peronismo a la cual se han sumado muchos sectores del mundo del trabajo, distintos gremios, empresarios, j\u00f3venes, t\u00e9cnicos y profesionales, que luchamos para que el peronismo vuelva a competir en una elecci\u00f3n, cosa que no se pudo hacer en 2019 y 2021 donde la lapicera estuvo a cargo justamente de los L\u00f3pez\u201d.<\/p>\n","protected":false},"excerpt":{"rendered":"<p>As\u00ed lo afirm\u00f3 uno de los precandidatos a intendente por Uni\u00f3n por la Patria, Marcelo Rivero, quien presentar\u00e1 su lista este s\u00e1bado 15 a partir de las 20 en el Club Defensores de Puerto Quequ\u00e9n. En la antesala de dicha presentaci\u00f3n, el \u201cChelo\u201d pas\u00f3 por los estudios de \u201cVoces de la Ciudad\u201d y en di\u00e1logo [&hellip;]<\/p>\n","protected":false},"author":3,"featured_media":101829,"comment_status":"open","ping_status":"open","sticky":false,"template":"","format":"standard","meta":{"footnotes":""},"categories":[3],"tags":[],"class_list":["post-101810","post","type-post","status-publish","format-standard","has-post-thumbnail","category-masnoticias"],"_links":{"self":[{"href":"https:\/\/primicias2262.com\/noticias\/wp-json\/wp\/v2\/posts\/101810","targetHints":{"allow":["GET"]}}],"collection":[{"href":"https:\/\/primicias2262.com\/noticias\/wp-json\/wp\/v2\/posts"}],"about":[{"href":"https:\/\/primicias2262.com\/noticias\/wp-json\/wp\/v2\/types\/post"}],"author":[{"embeddable":true,"href":"https:\/\/primicias2262.com\/noticias\/wp-json\/wp\/v2\/users\/3"}],"replies":[{"embeddable":true,"href":"https:\/\/primicias2262.com\/noticias\/wp-json\/wp\/v2\/comments?post=101810"}],"version-history":[{"count":1,"href":"https:\/\/primicias2262.com\/noticias\/wp-json\/wp\/v2\/posts\/101810\/revisions"}],"predecessor-version":[{"id":101813,"href":"https:\/\/primicias2262.com\/noticias\/wp-json\/wp\/v2\/posts\/101810\/revisions\/101813"}],"wp:featuredmedia":[{"embeddable":true,"href":"https:\/\/primicias2262.com\/noticias\/wp-json\/wp\/v2\/media\/101829"}],"wp:attachment":[{"href":"https:\/\/primicias2262.com\/noticias\/wp-json\/wp\/v2\/media?parent=101810"}],"wp:term":[{"taxonomy":"category","embeddable":true,"href":"https:\/\/primicias2262.com\/noticias\/wp-json\/wp\/v2\/categories?post=101810"},{"taxonomy":"post_tag","embeddable":true,"href":"https:\/\/primicias2262.com\/noticias\/wp-json\/wp\/v2\/tags?post=101810"}],"curies":[{"name":"wp","href":"https:\/\/api.w.org\/{rel}","templated":true}]}}