{"id":101814,"date":"2023-07-12T16:48:57","date_gmt":"2023-07-12T16:48:57","guid":{"rendered":"https:\/\/primicias2262.com\/noticias\/?p=101814"},"modified":"2023-07-12T16:48:57","modified_gmt":"2023-07-12T16:48:57","slug":"massa-para-union-por-la-patria-la-universidad-publica-es-un-orgullo-y-vamos-a-defenderla","status":"publish","type":"post","link":"https:\/\/primicias2262.com\/noticias\/massa-para-union-por-la-patria-la-universidad-publica-es-un-orgullo-y-vamos-a-defenderla\/","title":{"rendered":"Massa: \u201cPara Uni\u00f3n por la Patria la Universidad P\u00fablica es un orgullo y vamos a defenderla\u201d"},"content":{"rendered":"<div class=\"col-12 col-sm-9\">\n<div class=\"nota_content mt-30\">\n<p><strong>El ministro asegur\u00f3 que la inversi\u00f3n en educaci\u00f3n y en investigaci\u00f3n es la manera de lograr un pa\u00eds que \u201cgenere valor agregado\u201d. \u201cNo hay mayor valor que tengamos que defender que es la universidad p\u00fablica, gratuita, de calidad e inclusiva\u201d, sostuvo.<\/strong><\/p>\n<p>El Ministro de Econom\u00eda, Sergio Massa, encabez\u00f3 junto al presidente del Consejo Interuniversitario Nacional, Carlos Greco; la directora del Servicio Meteorol\u00f3gico Nacional, Celeste Saulo; el integrante del directorio de CONICET y del INVAP, Alberto Baruj; la rectora de la Universidad Nacional de Misiones, Alicia Bohren, el primer encuentro federal \u201cUnidos por la Universidad y la Ciencia\u201d que se llev\u00f3 a cabo en el aula magna de la Facultad de Ciencias Exactas y Naturales de la Universidad de Buenos Aires (UBA), con la participaci\u00f3n de rectores y miembros de la comunidad cient\u00edfica.<\/p>\n<p>\u201cNuestro primer compromiso tiene que ser la defensa del sistema universitario p\u00fablico en la Argentina y la multiplicaci\u00f3n de universidades que necesitamos a lo largo y a lo ancho del pa\u00eds para que el hijo de cualquier obrero nazca donde nazca en la Argentina pueda acceder a la universidad\u201d, resalt\u00f3 el Ministro, quien remarc\u00f3: \u201cpara Uni\u00f3n por la Patria la Universidad P\u00fablica es un orgullo y vamos a defenderla\u201d.<\/p>\n<hr \/>\n<p><iframe loading=\"lazy\" title=\"YouTube video player\" src=\"https:\/\/www.youtube.com\/embed\/SMaOqSgVf1U\" width=\"560\" height=\"315\" frameborder=\"0\" allowfullscreen=\"allowfullscreen\" data-mce-fragment=\"1\"><\/iframe><\/p>\n<hr \/>\n<p>Del encuentro tambi\u00e9n participaron el Ministro de Educaci\u00f3n, Jaime Perczyc, y el de Ciencia, Tecnolog\u00eda e Innovaci\u00f3n, Daniel Filmus; la vicedecana de la Facultad de Ciencias Exactas de la UBA, Valeria Levy, adem\u00e1s de legisladores, intendentes, rectores y becarios y docentes de universidades nacionales.<\/p>\n<p>La iniciativa se propone como el primero de muchos otros en los que se trabajar\u00e1 para fijar objetivos comunes que posibilitan una Argentina en crecimiento con desarrollo productivo y justicia social.<\/p>\n<p>Massa se comprometi\u00f3 a \u201cdefender y a aumentar\u201d el sistema de becas Manuel Belgrano y Progresar \u201cpara que ning\u00fan pibe de la Argentina que tenga el sue\u00f1o de transformarse en universitario sienta que su condici\u00f3n econ\u00f3mica le significa un impedimento\u201d. \u201cTenemos que seguir multiplicando el esfuerzo\u201d. \u201cNo es menos gasto en universidades, no es menos universidades, sino es m\u00e1s universidades y m\u00e1s inversi\u00f3n del Estado\u201d, insisti\u00f3.<\/p>\n<p>Asimismo asegur\u00f3 el empe\u00f1o en la \u201cdefensa del sistema de investigaci\u00f3n y a nuestros investigadores como un mecanismo de construcci\u00f3n de valor econ\u00f3mico y de capital social\u201d. \u201cNo hay mayor instrumento generador de capital humano que nuestro sistema de universidades p\u00fablicas en la Argentina\u201d, apunt\u00f3.<\/p>\n<p>En tanto, anunci\u00f3 el desaf\u00edo de \u201carmar un programa a 10 a\u00f1os que sea una pol\u00edtica de Estado, que nos ponga en una segunda fase con aumento de beneficios fiscales, con aumento del porcentaje del Producto Bruto, de investigaci\u00f3n en ciencia y tecnolog\u00eda y sobre todas las cosas, con consolidaci\u00f3n de la capitalidad del sistema universitario para que la Argentina pueda seguir generando recursos humanos y de alguna manera ese capital humano lo podamos transformar en el valor que el mundo de alguna manera nos reconoce\u201d.<\/p>\n<p>\u201cQuiero que se vayan con la convicci\u00f3n de que si tengo la responsabilidad de ser presidente, la plata invertida en investigaci\u00f3n, en ciencias, en tecnolog\u00eda, en desarrollo y en educaci\u00f3n, va a ser la plata mejor invertida\u201d, destac\u00f3 por \u00faltimo.<\/p>\n<p>El Ministro de Educaci\u00f3n destac\u00f3 que el encuentro persigue el objetivo de \u201csostener la importancia que tiene para la Argentina la universidad, la ciencia y la producci\u00f3n de conocimiento\u201d. \u201cEn un pa\u00eds que tiene un sistema universitario muy importante, muy valorado por su pueblo y reconocido nacional e internacionalmente, queremos defender las banderas de una universidad federal que se proponga integrar a los que todav\u00eda no integra y al mismo tiempo sostener la exigencia\u201d y que \u201ccumpla con las funciones de formaci\u00f3n, investigaci\u00f3n y extensi\u00f3n\u201d, sostuvo Perczyk.<\/p>\n<\/div>\n<\/div>\n","protected":false},"excerpt":{"rendered":"<p>El ministro asegur\u00f3 que la inversi\u00f3n en educaci\u00f3n y en investigaci\u00f3n es la manera de lograr un pa\u00eds que \u201cgenere valor agregado\u201d. \u201cNo hay mayor valor que tengamos que defender que es la universidad p\u00fablica, gratuita, de calidad e inclusiva\u201d, sostuvo. El Ministro de Econom\u00eda, Sergio Massa, encabez\u00f3 junto al presidente del Consejo Interuniversitario Nacional, [&hellip;]<\/p>\n","protected":false},"author":3,"featured_media":101815,"comment_status":"open","ping_status":"open","sticky":false,"template":"","format":"standard","meta":{"footnotes":""},"categories":[7],"tags":[],"class_list":{"0":"post-101814","1":"post","2":"type-post","3":"status-publish","4":"format-standard","5":"has-post-thumbnail","7":"category-nac"},"_links":{"self":[{"href":"https:\/\/primicias2262.com\/noticias\/wp-json\/wp\/v2\/posts\/101814","targetHints":{"allow":["GET"]}}],"collection":[{"href":"https:\/\/primicias2262.com\/noticias\/wp-json\/wp\/v2\/posts"}],"about":[{"href":"https:\/\/primicias2262.com\/noticias\/wp-json\/wp\/v2\/types\/post"}],"author":[{"embeddable":true,"href":"https:\/\/primicias2262.com\/noticias\/wp-json\/wp\/v2\/users\/3"}],"replies":[{"embeddable":true,"href":"https:\/\/primicias2262.com\/noticias\/wp-json\/wp\/v2\/comments?post=101814"}],"version-history":[{"count":1,"href":"https:\/\/primicias2262.com\/noticias\/wp-json\/wp\/v2\/posts\/101814\/revisions"}],"predecessor-version":[{"id":101816,"href":"https:\/\/primicias2262.com\/noticias\/wp-json\/wp\/v2\/posts\/101814\/revisions\/101816"}],"wp:featuredmedia":[{"embeddable":true,"href":"https:\/\/primicias2262.com\/noticias\/wp-json\/wp\/v2\/media\/101815"}],"wp:attachment":[{"href":"https:\/\/primicias2262.com\/noticias\/wp-json\/wp\/v2\/media?parent=101814"}],"wp:term":[{"taxonomy":"category","embeddable":true,"href":"https:\/\/primicias2262.com\/noticias\/wp-json\/wp\/v2\/categories?post=101814"},{"taxonomy":"post_tag","embeddable":true,"href":"https:\/\/primicias2262.com\/noticias\/wp-json\/wp\/v2\/tags?post=101814"}],"curies":[{"name":"wp","href":"https:\/\/api.w.org\/{rel}","templated":true}]}}