{"id":101817,"date":"2023-07-12T16:50:43","date_gmt":"2023-07-12T16:50:43","guid":{"rendered":"https:\/\/primicias2262.com\/noticias\/?p=101817"},"modified":"2023-07-12T16:50:43","modified_gmt":"2023-07-12T16:50:43","slug":"amia-familiares-de-victimas-del-atentado-pasan-la-antorcha-de-la-memoria-a-los-mas-jovenes","status":"publish","type":"post","link":"https:\/\/primicias2262.com\/noticias\/amia-familiares-de-victimas-del-atentado-pasan-la-antorcha-de-la-memoria-a-los-mas-jovenes\/","title":{"rendered":"AMIA: familiares de v\u00edctimas del atentado pasan \u201cla antorcha de la memoria\u201d a los m\u00e1s j\u00f3venes"},"content":{"rendered":"<div class=\"col-12 col-sm-9\">\n<div class=\"nota_content mt-30\">\n<p><strong>Familiares de v\u00edctimas del atentado a la Asociaci\u00f3n Mutual Israelita Argentina (AMIA) que participan de la campa\u00f1a \u201c<a href=\"https:\/\/amia.org.ar\/2023\/07\/10\/la-cigarra\/\" target=\"_blank\" rel=\"noopener\">Canciones para no olvidar<\/a>\u201d recordaron las historias de sus seres queridos y destacaron que las generaciones m\u00e1s j\u00f3venes van tomando \u201cla antorcha para continuar con las acciones de memoria e iluminar a la Justicia\u201d, a pocos d\u00edas de cumplirse un nuevo aniversario del ataque del 18 de julio de 1994.<\/strong><\/p>\n<p>\u201cAlgunos estamos grandes y planteamos: \u2018pasemos la antorcha\u2019 para que las pr\u00f3ximas acciones de memoria las contin\u00faen las generaciones m\u00e1s j\u00f3venes que van a tener que seguir con esto\u201d, dijo a T\u00e9lam en la sede de la AMIA, ubicada en Pasteur 633, Marcelo Alguea (53), hermano de <strong>Silvana Alguea de Rodr\u00edguez<\/strong>, quien ten\u00eda 28 a\u00f1os y una hija de nueve meses cuando fue asesinada en el atentado.<\/p>\n<p>\u201cSi la idea del atentado era matar algo, en mi caso mataron a una, pero alrededor floreci\u00f3 con sobrinos que van a tomar la antorcha, no para salir a cazar a alguien, sino para decir \u2018no tenemos miedo\u2019, reclamar que esto se siga y que se ilumine la justicia\u201d, complet\u00f3.<\/p>\n<hr \/>\n<p><iframe loading=\"lazy\" title=\"YouTube video player\" src=\"https:\/\/www.youtube.com\/embed\/3HA7DyxWqP8\" width=\"560\" height=\"315\" frameborder=\"0\" allowfullscreen=\"allowfullscreen\" data-mce-fragment=\"1\"><\/iframe><\/p>\n<hr \/>\n<p>Al ingresar a la AMIA, a Marcelo lo movilizaron los recuerdos, reavivados por los distintos homenajes art\u00edsticos y gr\u00e1ficos en el lugar.<\/p>\n<p>\u201cMe corre un fr\u00edo en el alma. Reci\u00e9n ahora puedo volver a entrar\u201d, dijo Alguea, cuyo abuelo era dirigente comunitario hasta los a\u00f1os 80, por lo que visitaba el lugar cuando era chico. \u201cDespu\u00e9s ven\u00eda a ver a mi hermana, que era trabajadora social en AMIA\u201d, evoc\u00f3.<\/p>\n<p>En el marco del \u201c<strong>Mes de la Memoria<\/strong>\u201c, la AMIA busc\u00f3 honrar a las 85 v\u00edctimas fatales del ataque, que a\u00fan contin\u00faa impune, con una campa\u00f1a que reuni\u00f3 a 60 artistas que interpretaron las canciones preferidas de las personas fallecidas hace 29 a\u00f1os cuando un coche-bomba se estrell\u00f3 contra la puerta de esa instituci\u00f3n, el 18 de julio de 1994.<\/p>\n<p>\u201cEste a\u00f1o quer\u00edamos recordarlos y seguir reclamando justicia desde otro lugar\u201d, dijo a T\u00e9lam el director de Arte y Producci\u00f3n de la entidad, Elio Kapszuk.<\/p>\n<p>En ese sentido, explic\u00f3 que \u201ccada acci\u00f3n de arte-memoria es la generaci\u00f3n de un testimonio que colabora en la construcci\u00f3n de una memoria colectiva para que aquellos que no tienen memoria vivencial de lo ocurrido puedan hacer memoria sin recuerdos propios, y la m\u00fasica es un veh\u00edculo de comunicaci\u00f3n arm\u00f3nico en su posibilidad de emocionar y de generar un testimonio\u201d.<\/p>\n<p>Para recordar a Silvana, su familia eligi\u00f3 la canci\u00f3n \u201c<strong>Con las alas del alma<\/strong>\u201c, de Eladia Bl\u00e1zquez y Daniel Garc\u00eda, interpretada por <strong>Julia Zenko<\/strong>.<\/p>\n<hr \/>\n<p><iframe loading=\"lazy\" title=\"YouTube video player\" src=\"https:\/\/www.youtube.com\/embed\/ztGi3o4wD5U\" width=\"560\" height=\"315\" frameborder=\"0\" allowfullscreen=\"allowfullscreen\" data-mce-fragment=\"1\"><\/iframe><\/p>\n<hr \/>\n<p>\u201cNuestra madre cuenta que la primera vez que Silvana la escuch\u00f3 fue cuando la artista empez\u00f3 a largarse a cantar dentro de los grupos juveniles comunitarios\u201d, dijo el familiar que particip\u00f3 del video. \u201cFue muy fuerte escucharla ah\u00ed\u201d, agreg\u00f3 con la voz entrecortada al verse en la imagen abrazando la foto de su hermana.<\/p>\n<p>\u201c85 personas asesinadas, m\u00e1s de 300 v\u00edctimas sobrevivientes, son 29 a\u00f1os de impunidad, \u00a1justicia!\u201d, fue el mensaje que recordaron todos los artistas al cierre de cada video.<\/p>\n<p>Silvana trabajaba en el cuarto piso del edificio y el d\u00eda del atentado se reincorporaba tras su licencia por maternidad. Antes de estar en la AMIA hab\u00eda cumplido la misma labor a nivel municipal con j\u00f3venes con problemas de adicciones, cont\u00f3 su hermano.<\/p>\n<p>Fabiola Barriga (44) lo escuchaba atenta mientras buscaba las palabras para contar las historias de su padre, el sobreviviente <strong>Julio Barriga Loayza<\/strong> (74), y de su t\u00edo, <strong>David Barriga Loayza<\/strong>, quien ten\u00eda 28 a\u00f1os cuando muri\u00f3 en una obra en construcci\u00f3n en el edificio de la mutual. Ella ten\u00eda 15 a\u00f1os en 1994.<\/p>\n<p>Julio Barriga Loayza trabajaba como alba\u00f1il en la AMIA con el arquitecto Malamud y contrataba personas, muchas de ellas amigos y familiares, como su hermano.<\/p>\n<p>\u201cDe religi\u00f3n, no somos jud\u00edos\u201d, aclar\u00f3, y, a su lado Marcelo, replic\u00f3 mir\u00e1ndola a los ojos: \u201cEl atentado fue algo que no discrimin\u00f3\u201d.<\/p>\n<p>El artista que homenaje\u00f3 a David fue <strong>Chango Spasiuk<\/strong>, quien al inicio del video destac\u00f3: \u201cMe contaron que David era m\u00fasico, tocaba la bater\u00eda, el \u00f3rgano y el acorde\u00f3n como yo. Le encantaba interpretar la m\u00fasica folcl\u00f3rica, la m\u00fasica popular de nuestro pa\u00eds\u201d.<\/p>\n<hr \/>\n<p><iframe loading=\"lazy\" title=\"YouTube video player\" src=\"https:\/\/www.youtube.com\/embed\/q2YpTHXdtio\" width=\"560\" height=\"315\" frameborder=\"0\" allowfullscreen=\"allowfullscreen\" data-mce-fragment=\"1\"><\/iframe><\/p>\n<hr \/>\n<p>\u201cCreo que mi t\u00edo se hubiera emocionado al escuchar al Chango\u201d, asegur\u00f3 Fabiola a T\u00e9lam y comparti\u00f3 que la primera vez que ella ingres\u00f3 a la AMIA fue el d\u00eda que grabaron la canci\u00f3n, y este a\u00f1o por primera vez participar\u00e1 del Acto Central por los 29 a\u00f1os del atentado.<\/p>\n<p>\u201cNosotros nunca pudimos venir porque mi pap\u00e1 estaba negado de querer participar y, de hecho, de querer venir a ciudad de Buenos Aires; <strong>es un dolor dif\u00edcil de superar<\/strong>, \u00e9l estuvo ah\u00ed\u201d, explic\u00f3.<\/p>\n<p>El d\u00eda del atentado su padre estaba en el segundo piso del edificio. \u201cCerr\u00f3 una puerta y pens\u00f3 que se le hab\u00eda ca\u00eddo encima. Cuando sali\u00f3, vio que se hab\u00eda ca\u00eddo todo el edificio y se puso a ayudar a mover los escombros\u201d, rememor\u00f3.<\/p>\n<p>Ese d\u00eda Fabiola escuch\u00f3 por la radio lo que estaba pasando y dijo \u201c\u2018pap\u00e1 est\u00e1 ah\u00ed&#8217;\u201d.<\/p>\n<p>\u201cMi mam\u00e1 vino a buscarlo con mis hermanas, fue muy impactante. Cuando lo vi, \u00e9l me dijo \u2018volv\u00ed a nacer, no s\u00e9 c\u00f3mo pude salir&#8217;\u201d.<\/p>\n<p>\u201c\u00bfY c\u00f3mo sali\u00f3?\u201d , la interpel\u00f3 Marcelo.<\/p>\n<p>\u201cVio una peque\u00f1a luz, mucha gente le gritaba entre los escombros, le ped\u00eda ayuda y \u00e9l lo \u00fanico que intentaba era encontrar esa luz. Pudo hacerlo, pero le qued\u00f3 ese dolor grande de que mucha gente se haya quedado ah\u00ed. Entre ellos, su hermano\u201d, dijo. Los restos de David aparecieron despu\u00e9s de m\u00e1s de dos semanas.<\/p>\n<p>\u201cLa m\u00fasica es un puente para crear lazos, no es casual que est\u00e9 compartiendo con vos y que tu hermana y yo tengamos la misma profesi\u00f3n\u201d, reafirm\u00f3 Silvana mirando a Marcelo y concluy\u00f3: \u201cLa m\u00fasica puede generar encuentros, melancol\u00eda, recuerdos, te transporta para poder transformar la tristeza y dolor, nos permite recordar de otra forma. As\u00ed lo vi a mi pap\u00e1 el d\u00eda que grabamos\u201d, se\u00f1al\u00f3.<\/p>\n<p>El d\u00eda del atentado, Marcelo estaba a 15 cuadras y fue su padre el que le dio aviso de lo que hab\u00eda ocurrido.<\/p>\n<p>\u201cNo tengo palabras para describir lo que me pas\u00f3 al ver a toda la gente arriba de la monta\u00f1a de escombros, donde abajo hab\u00eda personas. Recuerdo el olor a amon\u00edaco, del explosivo\u201d, afirm\u00f3 a T\u00e9lam. \u201cSilvana tard\u00f3 seis d\u00edas en aparecer\u201d, agreg\u00f3 con la voz entrecortada.<\/p>\n<p>\u201cLo importante de poder hacer justicia es que la sociedad va a ser m\u00e1s justa y m\u00e1s segura\u201d, concluy\u00f3.<\/p>\n<p>El presidente de AMIA, Amos Linetzky, reafirm\u00f3 a esta agencia que \u201c<strong>el compromiso con el reclamo de memoria y justicia es un imperativo irrenunciable<\/strong>\u201d y resalt\u00f3 que \u201clas personas que fueron asesinadas en el atentado vivir\u00e1n tanto como las recordemos\u201d.<\/p>\n<p>\u201cA\u00f1o tras a\u00f1o, nos esforzamos para generar acciones contra el olvido y encontrar puentes, a trav\u00e9s del arte y la m\u00fasica para recordar a cada una de las 85 v\u00edctimas fatales, y evitar que el olvido gane la batalla\u201d, a\u00f1adi\u00f3.<\/p>\n<p>Y concluy\u00f3: \u201cA la herida causada por perderlos de un modo tan cruel e inhumano, deben sumarle el padecimiento porque todav\u00eda no se hizo justicia\u201d.<\/p>\n<\/div>\n<\/div>\n","protected":false},"excerpt":{"rendered":"<p>Familiares de v\u00edctimas del atentado a la Asociaci\u00f3n Mutual Israelita Argentina (AMIA) que participan de la campa\u00f1a \u201cCanciones para no olvidar\u201d recordaron las historias de sus seres queridos y destacaron que las generaciones m\u00e1s j\u00f3venes van tomando \u201cla antorcha para continuar con las acciones de memoria e iluminar a la Justicia\u201d, a pocos d\u00edas de [&hellip;]<\/p>\n","protected":false},"author":3,"featured_media":101818,"comment_status":"open","ping_status":"open","sticky":false,"template":"","format":"standard","meta":{"footnotes":""},"categories":[7],"tags":[],"class_list":{"0":"post-101817","1":"post","2":"type-post","3":"status-publish","4":"format-standard","5":"has-post-thumbnail","7":"category-nac"},"_links":{"self":[{"href":"https:\/\/primicias2262.com\/noticias\/wp-json\/wp\/v2\/posts\/101817","targetHints":{"allow":["GET"]}}],"collection":[{"href":"https:\/\/primicias2262.com\/noticias\/wp-json\/wp\/v2\/posts"}],"about":[{"href":"https:\/\/primicias2262.com\/noticias\/wp-json\/wp\/v2\/types\/post"}],"author":[{"embeddable":true,"href":"https:\/\/primicias2262.com\/noticias\/wp-json\/wp\/v2\/users\/3"}],"replies":[{"embeddable":true,"href":"https:\/\/primicias2262.com\/noticias\/wp-json\/wp\/v2\/comments?post=101817"}],"version-history":[{"count":1,"href":"https:\/\/primicias2262.com\/noticias\/wp-json\/wp\/v2\/posts\/101817\/revisions"}],"predecessor-version":[{"id":101819,"href":"https:\/\/primicias2262.com\/noticias\/wp-json\/wp\/v2\/posts\/101817\/revisions\/101819"}],"wp:featuredmedia":[{"embeddable":true,"href":"https:\/\/primicias2262.com\/noticias\/wp-json\/wp\/v2\/media\/101818"}],"wp:attachment":[{"href":"https:\/\/primicias2262.com\/noticias\/wp-json\/wp\/v2\/media?parent=101817"}],"wp:term":[{"taxonomy":"category","embeddable":true,"href":"https:\/\/primicias2262.com\/noticias\/wp-json\/wp\/v2\/categories?post=101817"},{"taxonomy":"post_tag","embeddable":true,"href":"https:\/\/primicias2262.com\/noticias\/wp-json\/wp\/v2\/tags?post=101817"}],"curies":[{"name":"wp","href":"https:\/\/api.w.org\/{rel}","templated":true}]}}