{"id":101820,"date":"2023-07-12T17:05:01","date_gmt":"2023-07-12T17:05:01","guid":{"rendered":"https:\/\/primicias2262.com\/noticias\/?p=101820"},"modified":"2023-07-12T17:05:01","modified_gmt":"2023-07-12T17:05:01","slug":"messi-se-puso-la-camiseta-suplente-de-la-seleccion-femenina","status":"publish","type":"post","link":"https:\/\/primicias2262.com\/noticias\/messi-se-puso-la-camiseta-suplente-de-la-seleccion-femenina\/","title":{"rendered":"Messi se puso la camiseta suplente de la selecci\u00f3n femenina"},"content":{"rendered":"<p><strong>El capit\u00e1n de la selecci\u00f3n argentina que sali\u00f3 campeona en la Copa del Mundo de Qatar 2022, Lionel Messi, protagoniz\u00f3 este mi\u00e9rcoles una campa\u00f1a de apoyo al seleccionado argentino femenino que participar\u00e1 del Mundial de Australia y Nueva Zelanda, a partir de pr\u00f3xima semana.<\/strong><\/p>\n<p>El Diez se puso <b>la camiseta alternativa<\/b> que utilizar\u00e1 el equipo dirigido por Germ\u00e1n Portanova en el torneo que comenzar\u00e1 el pr\u00f3ximo <b>20 de julio<\/b> en Ocean\u00eda.<\/p>\n<p>El astro rosarino es el protagonista de un video comercial de la marca que viste a los seleccionados nacionales junto a <b>David Beckham<\/b>, uno de los due\u00f1os de Inter Miami, su flamante club; el alem\u00e1n <b>Leon Goretzka<\/b>; el exfutbolista ingl\u00e9s <b>Ian Wright<\/b>; y la actriz estadounidense <b>Jenna Ortega<\/b>,<b>\u00a0<\/b>de la reconocida serie de Netfliz,\u00a0<i>Merlina<\/i>.<\/p>\n<p>Seg\u00fan el comunicado de la marca, la campa\u00f1a est\u00e1 dedicada \u00ab<b>a los \u00edconos de la pr\u00f3xima generaci\u00f3n<\/b>\u00ab: la inglesa Alessia Russo, la alemana Lena Oberdorf y la australiana Mary Fowler.<\/p>\n<h2>Los colores del pa\u00eds<\/h2>\n<p>La camiseta alternativa del seleccionado argentino femenino est\u00e1 inspirada<b>\u00a0en paisajes argentinos<\/b> <b>y en el<\/b> \u00ab<b>sentimiento \u00fanico de representar al pa\u00eds a trav\u00e9s de la camiseta<\/b>, ya sea para una jugadora o un hincha\u00bb, explic\u00f3 la Asociaci\u00f3n F\u00fatbol Argentino (AFA) cuando present\u00f3 su modelo.<\/p>\n<p>Tiene un color negro de base sobre el que se genera una combinaci\u00f3n de tonos anaranjados, <b>que aluden a las monta\u00f1as del Norte Argentino<\/b>, verdes por <b>los bosques y campos<\/b> presentes a lo largo y a lo ancho del pa\u00eds y azules\/celestes, simbolizando los <b>r\u00edos<\/b>, <b>lagos<\/b>,<b> cascadas y los glaciares de la Patagonia<\/b>.<\/p>\n<div align=\"center\">\n<div class=\"embedded-entity\" data-embed-button=\"media_image_button\" data-entity-embed-display=\"view_mode:media.single_media_image_460\" data-entity-type=\"media\" data-entity-uuid=\"345c48bf-5122-49a5-8e11-c262554bd73f\" data-langcode=\"es\">\n<article class=\"media media--type-image media--view-mode-single-media-image-460\">\n<div class=\"field field--name-field-media-image field--type-image field--label-hidden field__item\"><img loading=\"lazy\" decoding=\"async\" class=\"image-style-width960\" src=\"https:\/\/images.pagina12.com.ar\/styles\/width960\/public\/2023-07\/746394-709353-mundial-20de-20futbol-20femenino-20camiseta-20argentina-20-28portada-29_0.jpg?itok=KnuoEFwf\" width=\"960\" height=\"640\" \/><\/div>\n<\/article>\n<\/div>\n<\/div>\n<p>\u00abLa camiseta en versi\u00f3n AERO READY, producida 100% en Argentina, otorga la comodidad necesaria a trav\u00e9s de su tecnolog\u00eda de absorci\u00f3n. Ambas prendas est\u00e1n realizadas con materiales 100% reciclados\u00bb, indic\u00f3 la AFA.<\/p>\n<p>Las jugadoras integran el <b>Grupo G <\/b>junto a <b>Suecia<\/b>,<b> Sud\u00e1frica e Italia<\/b>, seg\u00fan lo dispuso el sorteo realizado en octubre pasado en Auckland, la capital neozelandesa. El torneo se jugar\u00e1 <b>entre el 20 de julio y el 20 de agosto de 2023<\/b>, y los tres partidos de Argentina tendr\u00e1n como sede a Nueva Zelanda.<\/p>\n","protected":false},"excerpt":{"rendered":"<p>El capit\u00e1n de la selecci\u00f3n argentina que sali\u00f3 campeona en la Copa del Mundo de Qatar 2022, Lionel Messi, protagoniz\u00f3 este mi\u00e9rcoles una campa\u00f1a de apoyo al seleccionado argentino femenino que participar\u00e1 del Mundial de Australia y Nueva Zelanda, a partir de pr\u00f3xima semana. El Diez se puso la camiseta alternativa que utilizar\u00e1 el equipo [&hellip;]<\/p>\n","protected":false},"author":3,"featured_media":101821,"comment_status":"open","ping_status":"open","sticky":false,"template":"","format":"standard","meta":{"footnotes":""},"categories":[7],"tags":[],"class_list":{"0":"post-101820","1":"post","2":"type-post","3":"status-publish","4":"format-standard","5":"has-post-thumbnail","7":"category-nac"},"_links":{"self":[{"href":"https:\/\/primicias2262.com\/noticias\/wp-json\/wp\/v2\/posts\/101820","targetHints":{"allow":["GET"]}}],"collection":[{"href":"https:\/\/primicias2262.com\/noticias\/wp-json\/wp\/v2\/posts"}],"about":[{"href":"https:\/\/primicias2262.com\/noticias\/wp-json\/wp\/v2\/types\/post"}],"author":[{"embeddable":true,"href":"https:\/\/primicias2262.com\/noticias\/wp-json\/wp\/v2\/users\/3"}],"replies":[{"embeddable":true,"href":"https:\/\/primicias2262.com\/noticias\/wp-json\/wp\/v2\/comments?post=101820"}],"version-history":[{"count":1,"href":"https:\/\/primicias2262.com\/noticias\/wp-json\/wp\/v2\/posts\/101820\/revisions"}],"predecessor-version":[{"id":101822,"href":"https:\/\/primicias2262.com\/noticias\/wp-json\/wp\/v2\/posts\/101820\/revisions\/101822"}],"wp:featuredmedia":[{"embeddable":true,"href":"https:\/\/primicias2262.com\/noticias\/wp-json\/wp\/v2\/media\/101821"}],"wp:attachment":[{"href":"https:\/\/primicias2262.com\/noticias\/wp-json\/wp\/v2\/media?parent=101820"}],"wp:term":[{"taxonomy":"category","embeddable":true,"href":"https:\/\/primicias2262.com\/noticias\/wp-json\/wp\/v2\/categories?post=101820"},{"taxonomy":"post_tag","embeddable":true,"href":"https:\/\/primicias2262.com\/noticias\/wp-json\/wp\/v2\/tags?post=101820"}],"curies":[{"name":"wp","href":"https:\/\/api.w.org\/{rel}","templated":true}]}}