{"id":101823,"date":"2023-07-12T17:17:01","date_gmt":"2023-07-12T17:17:01","guid":{"rendered":"https:\/\/primicias2262.com\/noticias\/?p=101823"},"modified":"2023-07-13T16:21:05","modified_gmt":"2023-07-13T16:21:05","slug":"arturo-encarna-un-liderazgo-virtuoso-que-condensa-lo-que-todos-queremos-para-la-ciudad-de-necochea","status":"publish","type":"post","link":"https:\/\/primicias2262.com\/noticias\/arturo-encarna-un-liderazgo-virtuoso-que-condensa-lo-que-todos-queremos-para-la-ciudad-de-necochea\/","title":{"rendered":"\u201cArturo encarna un liderazgo virtuoso que condensa lo que todos queremos para la ciudad de Necochea\u201d"},"content":{"rendered":"<p><strong>As\u00ed lo defini\u00f3 Marcelo Schwarz, concejal y precandidato a renovar su banca en el Honorable Concejo Deliberante por el oficialismo. En di\u00e1logo con el periodista Jorge G\u00f3mez para \u201cVoces de la Ciudad\u201d, ponder\u00f3 la figura del intendente Arturo Rojas y argument\u00f3 que sentaron las bases para que dentro de los pr\u00f3ximos cuatro a\u00f1os comience el desarrollo de la ciudad.<\/strong><\/p>\n<p>\u201c\u00bfPor qu\u00e9 tendr\u00eda que ganar de vuelta Nueva Necochea?\u201d, se le pregunt\u00f3 al abogado, acerca de lo que comenz\u00f3 asegurando que \u201ccuatro a\u00f1os despu\u00e9s aseguro que estoy profundamente orgulloso de haberme embarcado en este proyecto. Yo ya conoc\u00eda de la potencialidad de Arturo (Rojas) por lo que hab\u00eda hecho en el Consorcio y la seriedad con que se toma las cosas, es un obsesivo (en el buen sentido) por la ciudad y el trabajo, verifiqu\u00e9 que ten\u00eda un proyecto absolutamente serio de ciudad y un equipo, y por eso no hemos tenido ninguna fisura y funcionamos sin resquebrajamientos, porque todos vamos en la misma sinton\u00eda\u201d.<\/p>\n<p>Continu\u00f3 esgrimiendo que \u201csomos vecinos y padres que queremos lo mejor para la ciudad, y en ese sentido Arturo encarna un liderazgo virtuoso que condensa lo que todos queremos para la ciudad de Necochea: el desarrollo y el progreso\u201d, tras lo cual argument\u00f3 que \u201ctenemos la profunda esperanza y hemos sentado los cimientos de un desarrollo que tiene que empezar estos cuatro a\u00f1os, y no es poca cosa a la luz de lo que ocurri\u00f3 en 2019 con una ciudad que estaba muy comprometida, con una situaci\u00f3n ca\u00f3tica\u201d.<\/p>\n<p>Por el contrario, \u201choy hay una administraci\u00f3n armoniosa, los n\u00fameros se han ordenado, los empleados cobran en tiempo y forma y lo mismo los proveedores\u201d, resalt\u00f3 Schwarz, para enfatizar que \u201clos n\u00fameros han generado en la Municipalidad cr\u00e9dito de confianza, es decir, hoy toda persona f\u00edsica o jur\u00eddica que se vincula con la Municipalidad sabe que el intendente Rojas cumple con la palabra empe\u00f1ada y da la cara\u201d.<\/p>\n<p>De hecho, dej\u00f3 por sentado que \u201ceso lo vemos en la calle cuando hablamos con el vecino, que nos dice \u201cNecochea est\u00e1 mejor\u201d, lo cual nos llena de orgullo pero nos pone en agenda todos los temas que est\u00e1n pendientes, porque obviamente no vivimos en un mundo ideal, pero hemos logrado salir de la crisis y generado cimientos, emprolijar la ciudad y ponerla en valor\u201d.<\/p>\n<p>Para concluir, el concejal afirm\u00f3 con su claridad l\u00e9xica que \u201cel Intendente es el Larousse ilustrado y el Wikipedia de la gesti\u00f3n, sabe hasta el \u00faltimo foco que se ha cambiado y el \u00faltimo bache que se hizo\u201d, y culmin\u00f3 que \u201chay gente que nos dice ligeramente que no se ha hecho una cuadra de asfalto, pero cuando se tuvo que tomar la decisi\u00f3n estrat\u00e9gica de arreglar las arterias de la ciudad se invirti\u00f3 un equivalente en metros c\u00fabicos de 100 cuadras nuevas de asfalto\u201d.<\/p>\n<p>&nbsp;<\/p>\n","protected":false},"excerpt":{"rendered":"<p>As\u00ed lo defini\u00f3 Marcelo Schwarz, concejal y precandidato a renovar su banca en el Honorable Concejo Deliberante por el oficialismo. En di\u00e1logo con el periodista Jorge G\u00f3mez para \u201cVoces de la Ciudad\u201d, ponder\u00f3 la figura del intendente Arturo Rojas y argument\u00f3 que sentaron las bases para que dentro de los pr\u00f3ximos cuatro a\u00f1os comience el [&hellip;]<\/p>\n","protected":false},"author":3,"featured_media":101827,"comment_status":"open","ping_status":"open","sticky":false,"template":"","format":"standard","meta":{"footnotes":""},"categories":[3],"tags":[],"class_list":["post-101823","post","type-post","status-publish","format-standard","has-post-thumbnail","category-masnoticias"],"_links":{"self":[{"href":"https:\/\/primicias2262.com\/noticias\/wp-json\/wp\/v2\/posts\/101823","targetHints":{"allow":["GET"]}}],"collection":[{"href":"https:\/\/primicias2262.com\/noticias\/wp-json\/wp\/v2\/posts"}],"about":[{"href":"https:\/\/primicias2262.com\/noticias\/wp-json\/wp\/v2\/types\/post"}],"author":[{"embeddable":true,"href":"https:\/\/primicias2262.com\/noticias\/wp-json\/wp\/v2\/users\/3"}],"replies":[{"embeddable":true,"href":"https:\/\/primicias2262.com\/noticias\/wp-json\/wp\/v2\/comments?post=101823"}],"version-history":[{"count":2,"href":"https:\/\/primicias2262.com\/noticias\/wp-json\/wp\/v2\/posts\/101823\/revisions"}],"predecessor-version":[{"id":101860,"href":"https:\/\/primicias2262.com\/noticias\/wp-json\/wp\/v2\/posts\/101823\/revisions\/101860"}],"wp:featuredmedia":[{"embeddable":true,"href":"https:\/\/primicias2262.com\/noticias\/wp-json\/wp\/v2\/media\/101827"}],"wp:attachment":[{"href":"https:\/\/primicias2262.com\/noticias\/wp-json\/wp\/v2\/media?parent=101823"}],"wp:term":[{"taxonomy":"category","embeddable":true,"href":"https:\/\/primicias2262.com\/noticias\/wp-json\/wp\/v2\/categories?post=101823"},{"taxonomy":"post_tag","embeddable":true,"href":"https:\/\/primicias2262.com\/noticias\/wp-json\/wp\/v2\/tags?post=101823"}],"curies":[{"name":"wp","href":"https:\/\/api.w.org\/{rel}","templated":true}]}}