{"id":101833,"date":"2023-07-13T13:50:59","date_gmt":"2023-07-13T13:50:59","guid":{"rendered":"https:\/\/primicias2262.com\/noticias\/?p=101833"},"modified":"2023-07-13T13:50:59","modified_gmt":"2023-07-13T13:50:59","slug":"massa-anuncio-aumento-a-20-mil-en-las-becas-progresar-a-partir-de-agosto","status":"publish","type":"post","link":"https:\/\/primicias2262.com\/noticias\/massa-anuncio-aumento-a-20-mil-en-las-becas-progresar-a-partir-de-agosto\/","title":{"rendered":"Massa anunci\u00f3 aumento a $20 mil en las Becas Progresar a partir de agosto"},"content":{"rendered":"<div class=\"row\">\n<div class=\"col-xs-12 col-sm-9 col-md-6 col-lg-8\">\n<div class=\"row\">\n<div class=\"col-12 col-sm-9\">\n<div class=\"nota_content mt-30\">\n<p id=\"titulo_cable\" class=\"title\">El ministro de Econom\u00eda de la Naci\u00f3n, <strong>Sergio Massa,<\/strong> anunci\u00f3 que el monto de las<strong> Becas Progresar<\/strong> para estudiantes aumentar\u00e1 de $13 mil a $20 mil a partir de agosto.<\/p>\n<p>As\u00ed lo anticip\u00f3 Massa esta tarde en el Palacio de Hacienda acompa\u00f1ado por el ministro de Educaci\u00f3n, <strong>Jaime Perczyk<\/strong>, tras recordar que esas becas son cobradas por un total de 1,7 millones de j\u00f3venes de distintos niveles educativos.<\/p>\n<p><strong>\u201cEn un pa\u00eds en el que todo el tiempo nos hablan de gasto en la educaci\u00f3n, nos quieren meter en la cabeza que las becas son subsidios\u201d<\/strong>, subray\u00f3 el funcionario durante un encuentro en el que tambi\u00e9n estuvieron presentes estudiantes.<\/p>\n<p>Tras lo cual, Massa afirm\u00f3 que \u201cla educaci\u00f3n incluye, genera igualdad de oportunidades, permiten construir capital humano o, desde el punto de vista social, generar igualdad de oportunidades\u201d.<\/p>\n<p>Previamente, Perczyk hab\u00eda recordado que \u201cel gobierno anterior comenz\u00f3 con 900 mil becas y lo dej\u00f3 cuatro a\u00f1os despu\u00e9s con 550 mil, y que adem\u00e1s, en lugar de 12 meses se pagaban 10 meses\u201d.<\/p>\n<p><strong>\u201cLa beca es muy importante para garantizar el derecho a la educaci\u00f3n; hoy tenemos 1,7 mill\u00f3n becas, la hemos ampliado y aumentado\u201d<\/strong>, complet\u00f3 el ministro de Educaci\u00f3n.<\/p>\n<p>En abril pasado, Massa y Perczyk hab\u00edan anunciado desde Estados Unidos un aumento de 42% de las becas Progresar desde ese mes, tras acordar con el Banco Mundial un desembolso de US$ 300 millones.<\/p>\n<p>Progresar es el programa implementado por el Gobierno nacional para fortalecer el ingreso, la permanencia y el egreso de los estudiantes; promover la finalizaci\u00f3n de la educaci\u00f3n obligatoria y fomentar la educaci\u00f3n superior y cursos de formaci\u00f3n profesional.<\/p>\n<\/div>\n<\/div>\n<\/div>\n<\/div>\n<\/div>\n","protected":false},"excerpt":{"rendered":"<p>El ministro de Econom\u00eda de la Naci\u00f3n, Sergio Massa, anunci\u00f3 que el monto de las Becas Progresar para estudiantes aumentar\u00e1 de $13 mil a $20 mil a partir de agosto. As\u00ed lo anticip\u00f3 Massa esta tarde en el Palacio de Hacienda acompa\u00f1ado por el ministro de Educaci\u00f3n, Jaime Perczyk, tras recordar que esas becas son [&hellip;]<\/p>\n","protected":false},"author":3,"featured_media":101834,"comment_status":"open","ping_status":"open","sticky":false,"template":"","format":"standard","meta":{"footnotes":""},"categories":[7],"tags":[],"class_list":{"0":"post-101833","1":"post","2":"type-post","3":"status-publish","4":"format-standard","5":"has-post-thumbnail","7":"category-nac"},"_links":{"self":[{"href":"https:\/\/primicias2262.com\/noticias\/wp-json\/wp\/v2\/posts\/101833","targetHints":{"allow":["GET"]}}],"collection":[{"href":"https:\/\/primicias2262.com\/noticias\/wp-json\/wp\/v2\/posts"}],"about":[{"href":"https:\/\/primicias2262.com\/noticias\/wp-json\/wp\/v2\/types\/post"}],"author":[{"embeddable":true,"href":"https:\/\/primicias2262.com\/noticias\/wp-json\/wp\/v2\/users\/3"}],"replies":[{"embeddable":true,"href":"https:\/\/primicias2262.com\/noticias\/wp-json\/wp\/v2\/comments?post=101833"}],"version-history":[{"count":1,"href":"https:\/\/primicias2262.com\/noticias\/wp-json\/wp\/v2\/posts\/101833\/revisions"}],"predecessor-version":[{"id":101835,"href":"https:\/\/primicias2262.com\/noticias\/wp-json\/wp\/v2\/posts\/101833\/revisions\/101835"}],"wp:featuredmedia":[{"embeddable":true,"href":"https:\/\/primicias2262.com\/noticias\/wp-json\/wp\/v2\/media\/101834"}],"wp:attachment":[{"href":"https:\/\/primicias2262.com\/noticias\/wp-json\/wp\/v2\/media?parent=101833"}],"wp:term":[{"taxonomy":"category","embeddable":true,"href":"https:\/\/primicias2262.com\/noticias\/wp-json\/wp\/v2\/categories?post=101833"},{"taxonomy":"post_tag","embeddable":true,"href":"https:\/\/primicias2262.com\/noticias\/wp-json\/wp\/v2\/tags?post=101833"}],"curies":[{"name":"wp","href":"https:\/\/api.w.org\/{rel}","templated":true}]}}