{"id":101836,"date":"2023-07-13T10:51:03","date_gmt":"2023-07-13T10:51:03","guid":{"rendered":"https:\/\/primicias2262.com\/noticias\/?p=101836"},"modified":"2023-07-13T13:53:29","modified_gmt":"2023-07-13T13:53:29","slug":"el-ministerio-de-salud-destaco-a-favaloro-por-su-atencion-medica-basada-en-la-igualdad-y-la-justicia-social","status":"publish","type":"post","link":"https:\/\/primicias2262.com\/noticias\/el-ministerio-de-salud-destaco-a-favaloro-por-su-atencion-medica-basada-en-la-igualdad-y-la-justicia-social\/","title":{"rendered":"El Ministerio de Salud destac\u00f3 a Favaloro por su atenci\u00f3n m\u00e9dica \u201cbasada en la igualdad y la justicia social\u201d"},"content":{"rendered":"<div class=\"col-12 col-sm-9\">\n<div class=\"nota_content mt-30\">\n<p><strong>El Ministerio de Salud record\u00f3 hoy a cirujano Ren\u00e9 Favaloro en el centenario de su nacimiento y lo destac\u00f3 por haber dedicado \u201csu vida a los pacientes m\u00e1s necesitados\u201d y haber establecido \u201cun paradigma de atenci\u00f3n m\u00e9dica basada en la igualdad y la justicia social\u201d.<\/strong><\/p>\n<p>\u201cRen\u00e9 Favaloro dedic\u00f3 su vida a los pacientes m\u00e1s necesitados, estableciendo un paradigma de atenci\u00f3n m\u00e9dica basada en la igualdad y la justicia social\u201d, public\u00f3 esta ma\u00f1ana el Ministerio de Salud en su cuenta oficial de Twitter, al cumplirse hoy los 100 a\u00f1os de su nacimiento.<\/p>\n<p>Adem\u00e1s, la cartera que conduce Carla Vizzotti difundi\u00f3 un video que repasa la historia del inventor del bypass aortocoronario y destaca su compromiso con la salud de nuestro pa\u00eds.<\/p>\n<p>\u201cUno no solamente debe vivir para s\u00ed mismo, sino que debe vivir para la comunidad y hacer algo por el mundo en que uno vive\u201d, es la declaraci\u00f3n del propio Favaloro que da inicio al video.<\/p>\n<p>\u201cYo siempre tuve una formaci\u00f3n social, dig\u00e1moslo as\u00ed, que me viene de mis or\u00edgenes, de ese hogar pobr\u00f3n, de un carpintero y una modista donde me cri\u00e9 y aprend\u00ed que el esfuerzo era una cosa importante\u201d, contin\u00faa el relato con la voz del prestigioso m\u00e9dico.<\/p>\n<p>Desde sus or\u00edgenes en la ciudad de La Plata hasta su viaje a Estados Unidos para especializarse en cardiocirug\u00eda, el video recuerda con ic\u00f3nicas frases de Favaloro los hitos de su vida.<\/p>\n<p>\u201cYo empec\u00e9 mi actividad con 12 a\u00f1os de m\u00e9dico rural. Y por esas cosas del destino fui a parar a un pueblito, Jacinto Arauz, ah\u00ed en el oeste de la pampa seca, ya donde empieza el desierto, y convivir con gente muy pobre\u201d, se escucha decir con la voz en off del propio Favaloro.<\/p>\n<p>Y remarca: \u201cSi me pregunta, inclusive en el orden internacional, cu\u00e1l fue el per\u00edodo m\u00e1s importante de mi vida, yo siempre digo que fueron esos doce a\u00f1os de m\u00e9dico rural, ah\u00ed en medio de la lucha, la pobreza, tantas cosas juntas\u201d.<\/p>\n<p>Otra de las reconocidas frases del cirujano que se recuerdan es cuando dijo que no hay que olvidarse nunca del humanismo m\u00e9dico: \u201cla medicina sin humanismo m\u00e9dico no merece ser ejercida\u201d.<\/p>\n<p>Por \u00faltimo, las palabras de Favaloro que cierran el video del homenaje son: \u201cPara m\u00ed, el nosotros siempre estuvo por encima del yo\u201d.<\/p>\n<\/div>\n<\/div>\n","protected":false},"excerpt":{"rendered":"<p>El Ministerio de Salud record\u00f3 hoy a cirujano Ren\u00e9 Favaloro en el centenario de su nacimiento y lo destac\u00f3 por haber dedicado \u201csu vida a los pacientes m\u00e1s necesitados\u201d y haber establecido \u201cun paradigma de atenci\u00f3n m\u00e9dica basada en la igualdad y la justicia social\u201d. \u201cRen\u00e9 Favaloro dedic\u00f3 su vida a los pacientes m\u00e1s necesitados, [&hellip;]<\/p>\n","protected":false},"author":3,"featured_media":101837,"comment_status":"open","ping_status":"open","sticky":false,"template":"","format":"standard","meta":{"footnotes":""},"categories":[7],"tags":[],"class_list":{"0":"post-101836","1":"post","2":"type-post","3":"status-publish","4":"format-standard","5":"has-post-thumbnail","7":"category-nac"},"_links":{"self":[{"href":"https:\/\/primicias2262.com\/noticias\/wp-json\/wp\/v2\/posts\/101836","targetHints":{"allow":["GET"]}}],"collection":[{"href":"https:\/\/primicias2262.com\/noticias\/wp-json\/wp\/v2\/posts"}],"about":[{"href":"https:\/\/primicias2262.com\/noticias\/wp-json\/wp\/v2\/types\/post"}],"author":[{"embeddable":true,"href":"https:\/\/primicias2262.com\/noticias\/wp-json\/wp\/v2\/users\/3"}],"replies":[{"embeddable":true,"href":"https:\/\/primicias2262.com\/noticias\/wp-json\/wp\/v2\/comments?post=101836"}],"version-history":[{"count":1,"href":"https:\/\/primicias2262.com\/noticias\/wp-json\/wp\/v2\/posts\/101836\/revisions"}],"predecessor-version":[{"id":101838,"href":"https:\/\/primicias2262.com\/noticias\/wp-json\/wp\/v2\/posts\/101836\/revisions\/101838"}],"wp:featuredmedia":[{"embeddable":true,"href":"https:\/\/primicias2262.com\/noticias\/wp-json\/wp\/v2\/media\/101837"}],"wp:attachment":[{"href":"https:\/\/primicias2262.com\/noticias\/wp-json\/wp\/v2\/media?parent=101836"}],"wp:term":[{"taxonomy":"category","embeddable":true,"href":"https:\/\/primicias2262.com\/noticias\/wp-json\/wp\/v2\/categories?post=101836"},{"taxonomy":"post_tag","embeddable":true,"href":"https:\/\/primicias2262.com\/noticias\/wp-json\/wp\/v2\/tags?post=101836"}],"curies":[{"name":"wp","href":"https:\/\/api.w.org\/{rel}","templated":true}]}}