{"id":101855,"date":"2023-07-13T16:20:53","date_gmt":"2023-07-13T16:20:53","guid":{"rendered":"https:\/\/primicias2262.com\/noticias\/?p=101855"},"modified":"2023-07-14T15:32:58","modified_gmt":"2023-07-14T15:32:58","slug":"el-proyecto-que-queremos-llevar-adelante-tiene-que-ver-con-ampliar-derechos","status":"publish","type":"post","link":"https:\/\/primicias2262.com\/noticias\/el-proyecto-que-queremos-llevar-adelante-tiene-que-ver-con-ampliar-derechos\/","title":{"rendered":"\u201cEl proyecto que queremos llevar adelante tiene que ver con ampliar derechos\u201d"},"content":{"rendered":"<p><strong>As\u00ed lo asegur\u00f3 la profesora de Literatura, Daniela Miriuca, quien figura como primera precandidata a consejera escolar en la lista de Uni\u00f3n por la Patria que promueve la intendencia de Mauro Vel\u00e1zquez. La docente y militante estuvo acompa\u00f1ada de la actual concejera y precandidata a concejal, Jesica Arce, en su visita a los estudios de \u201cVoces de la Ciudad\u201d.<\/strong><\/p>\n<p>Durante una nota realizada por el periodista Jorge G\u00f3mez, se juntaron dos figuras del Frente Renovador local con distintos caminos en la parte visible de la pol\u00edtica local: una Jesica Arce ya con experiencia en el Ejecutivo tras su paso por Educaci\u00f3n en la intendencia de Facundo L\u00f3pez, y una Daniela Miriuca que se suma a integrar una lista despu\u00e9s de dos d\u00e9cadas de trabajo en la docencia y en la militancia, pero sin exposici\u00f3n p\u00fablica.<\/p>\n<p><a href=\"https:\/\/primicias2262.com\/noticias\/wp-content\/uploads\/2023\/07\/gomez-arce-miriuca.jpeg\"><img loading=\"lazy\" decoding=\"async\" class=\"aligncenter size-full wp-image-101857\" src=\"https:\/\/primicias2262.com\/noticias\/wp-content\/uploads\/2023\/07\/gomez-arce-miriuca.jpeg\" alt=\"\" width=\"1024\" height=\"768\" srcset=\"https:\/\/primicias2262.com\/noticias\/wp-content\/uploads\/2023\/07\/gomez-arce-miriuca.jpeg 1024w, https:\/\/primicias2262.com\/noticias\/wp-content\/uploads\/2023\/07\/gomez-arce-miriuca-300x225.jpeg 300w, https:\/\/primicias2262.com\/noticias\/wp-content\/uploads\/2023\/07\/gomez-arce-miriuca-768x576.jpeg 768w, https:\/\/primicias2262.com\/noticias\/wp-content\/uploads\/2023\/07\/gomez-arce-miriuca-150x113.jpeg 150w, https:\/\/primicias2262.com\/noticias\/wp-content\/uploads\/2023\/07\/gomez-arce-miriuca-696x522.jpeg 696w\" sizes=\"auto, (max-width: 1024px) 100vw, 1024px\" \/><\/a>\u00c9sta \u00faltima, revel\u00f3 que \u201cvengo militando hace varios a\u00f1os en el Frente de Todos y a partir de ah\u00ed empec\u00e9 a trabajar con el equipo de Jesica\u201d. Por lo tanto, \u201chace a\u00f1os que hago pol\u00edtica, hasta ahora sin exposici\u00f3n p\u00fablica, pero ahora me sum\u00e9 porque mi lista lo requiere y acompa\u00f1o \u00a0a mis compa\u00f1eros y compa\u00f1eras en esta decisi\u00f3n pol\u00edtica del proyecto que queremos llevar adelante, que tiene que ver con ampliar derechos, que es lo que vengo militando hace muchos a\u00f1os\u201d, afirm\u00f3.<\/p>\n<p>En esa l\u00ednea, dej\u00f3 bien en claro que no se trata de improvisados. \u201cHay que tener en cuenta que estamos \u00a0en una lista de unidad junto con el Movimiento Evita, que tambi\u00e9n viene trabajando de hace mucho tiempo en territorio, es decir que no salimos ahora a las calles a escuchar a vecinos y vecinas, sino que es un trabajo que se viene haciendo desde hace mucho tiempo\u201d, asegur\u00f3.<\/p>\n<p>En cuanto a su aspiraci\u00f3n a llegar al Consejo Escolar, Miriuca defini\u00f3 que \u201chace 20 a\u00f1os trabajo en el sistema educativo, soy profe de Literatura, trabajo en G\u00e9nero desde hace muchos a\u00f1os en cuestiones de la ESI y considero que se pueden llegar a hacer muchas m\u00e1s cosas. Pensamos la educaci\u00f3n quienes somos profes en el aula de la escuela, y sin embargo nos damos cuenta que desde el Consejo Escolar se pueden llevar adelante muchas acciones a fin de poder garantizar estos derechos\u201d.<\/p>\n<p><strong>\u201cUna campa\u00f1a como la de 2019 ya no tiene que existir m\u00e1s en nuestro distrito\u201d<\/strong><\/p>\n<p>Por su parte, la actual consejera y precandidata a concejal, Jesica Arce, destac\u00f3 que \u201cvenimos trabajando con la ONG Construyendo Puentes hace unos cuantos a\u00f1os, pero tambi\u00e9n atentos a las necesidades que van surgiendo en distintos barrios, tratando de llevar respuesta o simplemente escuchando, que a veces es lo que les alcanza a los vecinos, tener o\u00eddos que los escuchen, y desde ah\u00ed nosotros gestionar con el Ejecutivo Municipal, como lo hacen tambi\u00e9n hoy los concejales Mauro Vel\u00e1zquez y Miguel Arana\u201d.<\/p>\n<p>Lejos de rivalizar y apuntando a una mirada plural, la otrora directora de Educaci\u00f3n aclar\u00f3 que \u201csomos muy respetuosos en ese sentido de compa\u00f1eras y compa\u00f1eros de otros espacios pol\u00edticos, hoy se trata de llevar adelante lo que se est\u00e1 necesitando, y qui\u00e9nes lo lleven adelante muchas veces articulando con otros\u2026 la gente no quiere escuchar m\u00e1s que nos peleamos, la campa\u00f1a de 2019 ya no tiene que existir m\u00e1s en nuestro distrito\u201d.<\/p>\n<p><a href=\"https:\/\/primicias2262.com\/noticias\/wp-content\/uploads\/2023\/07\/jesica-arce.jpeg\"><img loading=\"lazy\" decoding=\"async\" class=\"aligncenter size-full wp-image-101858\" src=\"https:\/\/primicias2262.com\/noticias\/wp-content\/uploads\/2023\/07\/jesica-arce.jpeg\" alt=\"\" width=\"1024\" height=\"768\" srcset=\"https:\/\/primicias2262.com\/noticias\/wp-content\/uploads\/2023\/07\/jesica-arce.jpeg 1024w, https:\/\/primicias2262.com\/noticias\/wp-content\/uploads\/2023\/07\/jesica-arce-300x225.jpeg 300w, https:\/\/primicias2262.com\/noticias\/wp-content\/uploads\/2023\/07\/jesica-arce-768x576.jpeg 768w, https:\/\/primicias2262.com\/noticias\/wp-content\/uploads\/2023\/07\/jesica-arce-150x113.jpeg 150w, https:\/\/primicias2262.com\/noticias\/wp-content\/uploads\/2023\/07\/jesica-arce-696x522.jpeg 696w\" sizes=\"auto, (max-width: 1024px) 100vw, 1024px\" \/><\/a>Acot\u00f3 al respecto que \u201cquienes eligen son los vecinos, si no nos toca habr\u00e1 que acompa\u00f1ar y si nos toca representar, estaremos s\u00faper contentos\u201d, tras lo que revel\u00f3 que \u201clo primero que nos pas\u00f3 como militancia es que Mauro (Vel\u00e1zquez) nos reuni\u00f3 y nos dijo que quer\u00eda llevar adelante el consenso y el di\u00e1logo con distintos espacios para poder llevar la pol\u00edtica a lugares donde a la gente le sirva, como en el Consejo Escolar, que es un claro ejemplo de ello: somos tres espacios pol\u00edticos distintos y \u00a0vemos el trabajo en equipo en hechos concretos, ya que somos seis consejeros que tenemos como eje la pol\u00edtica p\u00fablica educativa y los seis trabajamos de verdad en equipo\u201d.<\/p>\n","protected":false},"excerpt":{"rendered":"<p>As\u00ed lo asegur\u00f3 la profesora de Literatura, Daniela Miriuca, quien figura como primera precandidata a consejera escolar en la lista de Uni\u00f3n por la Patria que promueve la intendencia de Mauro Vel\u00e1zquez. La docente y militante estuvo acompa\u00f1ada de la actual concejera y precandidata a concejal, Jesica Arce, en su visita a los estudios de [&hellip;]<\/p>\n","protected":false},"author":3,"featured_media":101856,"comment_status":"open","ping_status":"open","sticky":false,"template":"","format":"standard","meta":{"footnotes":""},"categories":[3],"tags":[],"class_list":["post-101855","post","type-post","status-publish","format-standard","has-post-thumbnail","category-masnoticias"],"_links":{"self":[{"href":"https:\/\/primicias2262.com\/noticias\/wp-json\/wp\/v2\/posts\/101855","targetHints":{"allow":["GET"]}}],"collection":[{"href":"https:\/\/primicias2262.com\/noticias\/wp-json\/wp\/v2\/posts"}],"about":[{"href":"https:\/\/primicias2262.com\/noticias\/wp-json\/wp\/v2\/types\/post"}],"author":[{"embeddable":true,"href":"https:\/\/primicias2262.com\/noticias\/wp-json\/wp\/v2\/users\/3"}],"replies":[{"embeddable":true,"href":"https:\/\/primicias2262.com\/noticias\/wp-json\/wp\/v2\/comments?post=101855"}],"version-history":[{"count":2,"href":"https:\/\/primicias2262.com\/noticias\/wp-json\/wp\/v2\/posts\/101855\/revisions"}],"predecessor-version":[{"id":101890,"href":"https:\/\/primicias2262.com\/noticias\/wp-json\/wp\/v2\/posts\/101855\/revisions\/101890"}],"wp:featuredmedia":[{"embeddable":true,"href":"https:\/\/primicias2262.com\/noticias\/wp-json\/wp\/v2\/media\/101856"}],"wp:attachment":[{"href":"https:\/\/primicias2262.com\/noticias\/wp-json\/wp\/v2\/media?parent=101855"}],"wp:term":[{"taxonomy":"category","embeddable":true,"href":"https:\/\/primicias2262.com\/noticias\/wp-json\/wp\/v2\/categories?post=101855"},{"taxonomy":"post_tag","embeddable":true,"href":"https:\/\/primicias2262.com\/noticias\/wp-json\/wp\/v2\/tags?post=101855"}],"curies":[{"name":"wp","href":"https:\/\/api.w.org\/{rel}","templated":true}]}}