{"id":101861,"date":"2023-07-14T14:53:39","date_gmt":"2023-07-14T14:53:39","guid":{"rendered":"https:\/\/primicias2262.com\/noticias\/?p=101861"},"modified":"2023-07-15T16:17:04","modified_gmt":"2023-07-15T16:17:04","slug":"cersosimo-asegura-tener-un-monton-de-proyectos-para-los-sectores-que-motorizan-la-economia-local","status":"publish","type":"post","link":"https:\/\/primicias2262.com\/noticias\/cersosimo-asegura-tener-un-monton-de-proyectos-para-los-sectores-que-motorizan-la-economia-local\/","title":{"rendered":"Cers\u00f3simo asegura tener \u201cun mont\u00f3n de proyectos\u201d para los sectores que motorizan la econom\u00eda local"},"content":{"rendered":"<p><strong>Uno de los precandidatos a concejales de la Uni\u00f3n C\u00edvica Radical en la interna de Juntos, Diego Cers\u00f3simo, visit\u00f3 los estudios de \u201cVoces de la Ciudad\u201d y plante\u00f3 las mejoras que implementar\u00e1 si le toca llegar al Concejo Deliberante para las pymes y microempresas, y dijo sentirse sorprendido por la impronta que desarrolla quien encabeza la lista, Dami\u00e1n Unibaso.<\/strong><\/p>\n<p>En charla con el periodista Jorge G\u00f3mez, antes de meterse de lleno en los proyectos, el otrora funcionario en la gesti\u00f3n de Daniel Molina no obvi\u00f3 la presencia radical en la lista del candidato del PRO, Mart\u00edn Migueles, tales los casos de Dolores Souto y Rodrigo Irigoyen, sobre lo que afirm\u00f3 que \u201cporque esa lista tenga radicales no quiere decir que la integre el radicalismo como dicen ellos\u201d.<\/p>\n<p>Luego de ello, tampoco dej\u00f3 pasar que la que se vivi\u00f3 hasta la confirmaci\u00f3n de la precandidatura de Unibaso con su lista \u201cfue una etapa muy dura\u201d pero \u201cse resolvi\u00f3 por mayor\u00eda que ten\u00edamos que tener un candidato que saliera de las filas del radicalismo y una lista totalmente radical para competir en la interna de Juntos\u201d.<\/p>\n<p>Dicho eso, Cers\u00f3simo remarc\u00f3 que \u201c10 mil votos de origen radical es una base importante a la cual vamos a apuntar\u201d, y para seducir al electorado empez\u00f3 a describir que \u201ccontamos con un mont\u00f3n de proyectos, yo tengo un mont\u00f3n de cosas para trabajar, por ejemplo, lo que es el motor de la econom\u00eda local, las mini pymes y microempresas y empresas de la ciudad, que hoy motoriza la econom\u00eda\u2026 tengo un mont\u00f3n de proyectos que van a facilitar tr\u00e1mites que actualmente son muy engorrosos, como las habilitaciones de comercios que hay que reformar\u201d.<\/p>\n<p>En ese aspecto, anticip\u00f3 que le gustar\u00eda implementar una ventanilla \u00fanica de tr\u00e1mites para aquel que quiera habilitar su negocio: \u201cSe le va a facilitar y asesorar de acuerdo a lo que quiera habilitar, para que no tenga que andar recorriendo todas las oficinas de la Municipalidad, que es lo que veo a diario en Bromatolog\u00eda e Higiene\u201d, explicando que \u201cviene alguien queriendo hacer una habilitaci\u00f3n y en vez de facilitarle las cosas se las estamos complicando, entonces la idea es trabajar con una nueva ordenanza en ese sentido desde el Concejo Deliberante\u201d.<\/p>\n<p>De hecho, revel\u00f3 que la actual ordenanza que regula la actividad del comercio es del a\u00f1o 1978, y hoy hay rubros nuevos que ni siquiera est\u00e1n comprendidos. \u201cCuando fui director quise modificarla y en el Concejo Deliberante no me dieron bolilla\u201d, record\u00f3.<\/p>\n<p>Por otra parte, de su andar diario se\u00f1al\u00f3 que \u201cen la calle he visto en estos a\u00f1os mucha gente que quiere hacer cosas y tiene la necesidad de hacerlas para sobrevivir y est\u00e1n trabajando desde la casa a veces en forma marginal, que no es lo adecuado para la manipulaci\u00f3n de alimentos. Entonces nosotros vamos a proponer la construcci\u00f3n de salas de elaboraci\u00f3n comunitaria, donde los emprendedores tendr\u00e1n un lugar adecuado para trabajar y sacar los alimentos en forma adecuada a la calle, con la administraci\u00f3n del municipio\u201d.<\/p>\n<p>Ejemplific\u00f3 seguidamente que \u201choy vemos por Facebook que se venden pizzas y empanadas y la realidad es que no sabemos d\u00f3nde se est\u00e1n elaborando, lo ped\u00eds con la mejor buena voluntad pero en tu casa no sab\u00e9s qu\u00e9 est\u00e1s comiendo\u201d, por ello \u201cla idea es que eso se pueda regularizar con estos proyectos y no es algo que estamos implementando nosotros, sino que se hizo ya en Tandil y otras ciudades y funcion\u00f3 muy bien, porque adem\u00e1s le facilit\u00e1s a la gente bajar sus costos operativos para desarrollarse y con el sello oficial de la Municipalidad\u201d, agreg\u00f3.<\/p>\n<p>Por otra parte, Cers\u00f3simo habl\u00f3 sobre el precandidato a intendente, Dami\u00e1n Unibaso, sobre quien subray\u00f3 que \u201ces un chico joven, tiene mucha energ\u00eda y sabe mucho de lo que habla. En esta etapa que estamos escuchando al vecino qu\u00e9 es lo que necesita, me sorprende Dami\u00e1n por lo que sabe, por lo que entiende y por cada uno de los proyectos que tiene en la cabeza y que le explica a los vecinos\u201d<\/p>\n<p>Finalmente, cuando se le pregunt\u00f3 qu\u00e9 los diferencia con las listas del PRO, encabezadas por Mart\u00edn Migueles y \u00a0Eugenia Vallota, coincidi\u00f3 en la lectura que hizo su compa\u00f1era Carola Bertoldi hace unos d\u00edas en \u201cVoces de la Ciudad\u201d: \u201cNosotros tenemos una lista muy bien balanceada entre la gente con experiencia y la gente joven con ganas de hacer un mont\u00f3n de cosas\u201d, concluy\u00f3.<\/p>\n","protected":false},"excerpt":{"rendered":"<p>Uno de los precandidatos a concejales de la Uni\u00f3n C\u00edvica Radical en la interna de Juntos, Diego Cers\u00f3simo, visit\u00f3 los estudios de \u201cVoces de la Ciudad\u201d y plante\u00f3 las mejoras que implementar\u00e1 si le toca llegar al Concejo Deliberante para las pymes y microempresas, y dijo sentirse sorprendido por la impronta que desarrolla quien encabeza [&hellip;]<\/p>\n","protected":false},"author":3,"featured_media":101862,"comment_status":"open","ping_status":"open","sticky":false,"template":"","format":"standard","meta":{"footnotes":""},"categories":[3],"tags":[],"class_list":["post-101861","post","type-post","status-publish","format-standard","has-post-thumbnail","category-masnoticias"],"_links":{"self":[{"href":"https:\/\/primicias2262.com\/noticias\/wp-json\/wp\/v2\/posts\/101861","targetHints":{"allow":["GET"]}}],"collection":[{"href":"https:\/\/primicias2262.com\/noticias\/wp-json\/wp\/v2\/posts"}],"about":[{"href":"https:\/\/primicias2262.com\/noticias\/wp-json\/wp\/v2\/types\/post"}],"author":[{"embeddable":true,"href":"https:\/\/primicias2262.com\/noticias\/wp-json\/wp\/v2\/users\/3"}],"replies":[{"embeddable":true,"href":"https:\/\/primicias2262.com\/noticias\/wp-json\/wp\/v2\/comments?post=101861"}],"version-history":[{"count":1,"href":"https:\/\/primicias2262.com\/noticias\/wp-json\/wp\/v2\/posts\/101861\/revisions"}],"predecessor-version":[{"id":101863,"href":"https:\/\/primicias2262.com\/noticias\/wp-json\/wp\/v2\/posts\/101861\/revisions\/101863"}],"wp:featuredmedia":[{"embeddable":true,"href":"https:\/\/primicias2262.com\/noticias\/wp-json\/wp\/v2\/media\/101862"}],"wp:attachment":[{"href":"https:\/\/primicias2262.com\/noticias\/wp-json\/wp\/v2\/media?parent=101861"}],"wp:term":[{"taxonomy":"category","embeddable":true,"href":"https:\/\/primicias2262.com\/noticias\/wp-json\/wp\/v2\/categories?post=101861"},{"taxonomy":"post_tag","embeddable":true,"href":"https:\/\/primicias2262.com\/noticias\/wp-json\/wp\/v2\/tags?post=101861"}],"curies":[{"name":"wp","href":"https:\/\/api.w.org\/{rel}","templated":true}]}}