{"id":101864,"date":"2023-07-14T11:22:53","date_gmt":"2023-07-14T11:22:53","guid":{"rendered":"https:\/\/primicias2262.com\/noticias\/?p=101864"},"modified":"2023-07-15T16:14:04","modified_gmt":"2023-07-15T16:14:04","slug":"el-emblematico-cine-teatro-paris-celebra-92-anos-como-un-templo-cultural-vivo","status":"publish","type":"post","link":"https:\/\/primicias2262.com\/noticias\/el-emblematico-cine-teatro-paris-celebra-92-anos-como-un-templo-cultural-vivo\/","title":{"rendered":"El emblem\u00e1tico Cine Teatro Par\u00eds celebra 92 a\u00f1os como un templo cultural vivo"},"content":{"rendered":"<p><strong>El Cine Teatro Par\u00eds, un edificio hist\u00f3rico ubicado en la Avenida 59, ha sido considerado durante d\u00e9cadas como un aut\u00e9ntico s\u00edmbolo de la cultura en Necochea. Fundado el 14 de julio de 1931, este viernes celebra su 92\u00ba aniversario.<\/strong><\/p>\n<p>En una ciudad donde son escasos los edificios hist\u00f3ricos que se conservan en perfecto estado, el Cine Teatro Par\u00eds se mantiene en pie como un verdadero tesoro arquitect\u00f3nico. A pesar de la falta de fondos gubernamentales, ha logrado sobrevivir a lo largo de casi un siglo. Su historia se remonta a 1903, cuando en el mismo lugar funcionaba un caf\u00e9 y un cine mudo. Debido a cambios en la legislaci\u00f3n de salas de espect\u00e1culos en la d\u00e9cada de 1920, se decidi\u00f3 construir un nuevo edificio en el lugar del antiguo caf\u00e9, dando lugar a la majestuosa construcci\u00f3n de estilo neocl\u00e1sico franc\u00e9s que conocemos en la actualidad.<\/p>\n<p>A lo largo de los a\u00f1os, el Cine Teatro Par\u00eds ha sido mucho m\u00e1s que un cine. Ha sido un lugar de encuentro y socializaci\u00f3n para generaciones de necochenses. Adem\u00e1s de proyectar pel\u00edculas, ha sido testigo de destacadas actuaciones teatrales y musicales a cargo de los mejores artistas de nuestro pa\u00eds. Innumerables veladas estudiantiles tambi\u00e9n se han llevado a cabo en este ic\u00f3nico lugar.<\/p>\n<p>El reconocimiento al valor arquitect\u00f3nico del teatro ha sido tal que la Legislatura provincial lo declar\u00f3 \u00abBien de Inter\u00e9s Arquitect\u00f3nico Testimonial definitivamente incorporado al Patrimonio Cultural de la Provincia de Buenos Aires\u00bb, seg\u00fan la Ley 10.419. Ocupa un lugar destacado como Monumento Patrimonial de la ciudad de Necochea.<\/p>\n<p>Desde 2007, el gestor cultural Alejandro Silva se encarga de su administraci\u00f3n. Para \u00e9l, el teatro es como su segunda casa. Y es tambi\u00e9n un trabajo familiar ya que varios miembros de la familia participan en distintas actividades. Dedica muchas horas y esfuerzo para mantener y proteger este tesoro hist\u00f3rico. \u00abEs una bendici\u00f3n ser el custodio de este templo de la cultura necochense\u00bb, asegura Silva, hoy tambi\u00e9n presidente de la Sociedad Francesa de Socorros Mutuos.<\/p>\n<p>Bajo su gesti\u00f3n, el Cine Teatro Par\u00eds ha sido escenario de numerosas presentaciones teatrales, musicales y escolares. Silva destaca la recuperaci\u00f3n del espacio cultural del subsuelo como uno de los logros m\u00e1s significativos de los \u00faltimos a\u00f1os y la recuperaci\u00f3n de un espacio nuevo para los camarines, tambi\u00e9n destaco que durante este a\u00f1o se realizaron trabajos de mantenimiento en los techos del teatro y de la sede societaria. Con grandes expectativas para el resto del a\u00f1o, el teatro continuar\u00e1 ofreciendo una amplia variedad de eventos que ser\u00e1n disfrutados por la comunidad necochense.<\/p>\n","protected":false},"excerpt":{"rendered":"<p>El Cine Teatro Par\u00eds, un edificio hist\u00f3rico ubicado en la Avenida 59, ha sido considerado durante d\u00e9cadas como un aut\u00e9ntico s\u00edmbolo de la cultura en Necochea. Fundado el 14 de julio de 1931, este viernes celebra su 92\u00ba aniversario. En una ciudad donde son escasos los edificios hist\u00f3ricos que se conservan en perfecto estado, el [&hellip;]<\/p>\n","protected":false},"author":3,"featured_media":101865,"comment_status":"open","ping_status":"open","sticky":false,"template":"","format":"standard","meta":{"footnotes":""},"categories":[3],"tags":[],"class_list":["post-101864","post","type-post","status-publish","format-standard","has-post-thumbnail","category-masnoticias"],"_links":{"self":[{"href":"https:\/\/primicias2262.com\/noticias\/wp-json\/wp\/v2\/posts\/101864","targetHints":{"allow":["GET"]}}],"collection":[{"href":"https:\/\/primicias2262.com\/noticias\/wp-json\/wp\/v2\/posts"}],"about":[{"href":"https:\/\/primicias2262.com\/noticias\/wp-json\/wp\/v2\/types\/post"}],"author":[{"embeddable":true,"href":"https:\/\/primicias2262.com\/noticias\/wp-json\/wp\/v2\/users\/3"}],"replies":[{"embeddable":true,"href":"https:\/\/primicias2262.com\/noticias\/wp-json\/wp\/v2\/comments?post=101864"}],"version-history":[{"count":1,"href":"https:\/\/primicias2262.com\/noticias\/wp-json\/wp\/v2\/posts\/101864\/revisions"}],"predecessor-version":[{"id":101866,"href":"https:\/\/primicias2262.com\/noticias\/wp-json\/wp\/v2\/posts\/101864\/revisions\/101866"}],"wp:featuredmedia":[{"embeddable":true,"href":"https:\/\/primicias2262.com\/noticias\/wp-json\/wp\/v2\/media\/101865"}],"wp:attachment":[{"href":"https:\/\/primicias2262.com\/noticias\/wp-json\/wp\/v2\/media?parent=101864"}],"wp:term":[{"taxonomy":"category","embeddable":true,"href":"https:\/\/primicias2262.com\/noticias\/wp-json\/wp\/v2\/categories?post=101864"},{"taxonomy":"post_tag","embeddable":true,"href":"https:\/\/primicias2262.com\/noticias\/wp-json\/wp\/v2\/tags?post=101864"}],"curies":[{"name":"wp","href":"https:\/\/api.w.org\/{rel}","templated":true}]}}