{"id":101883,"date":"2023-07-14T14:50:59","date_gmt":"2023-07-14T14:50:59","guid":{"rendered":"https:\/\/primicias2262.com\/noticias\/?p=101883"},"modified":"2023-07-15T16:12:13","modified_gmt":"2023-07-15T16:12:13","slug":"tramites-en-anses-la-udai-necochea-atendera-turnos-este-sabado","status":"publish","type":"post","link":"https:\/\/primicias2262.com\/noticias\/tramites-en-anses-la-udai-necochea-atendera-turnos-este-sabado\/","title":{"rendered":"Tr\u00e1mites en ANSES: la UDAI Necochea atender\u00e1 turnos este s\u00e1bado"},"content":{"rendered":"<p><strong>Tal cual lo anunciado por la Administraci\u00f3n Nacional de Seguridad Social, que conduce la marplatense Fernanda Raverta, el titular de la UDAI ANSES Necochea Esteban D\u00edaz, confirm\u00f3 que las oficinas locales estar\u00e1n disponibles de 9 a 13 este s\u00e1bado.<\/strong><\/p>\n<p>En breve comunicaci\u00f3n telef\u00f3nica con el periodista Jorge G\u00f3mez en \u201cVoces de la Ciudad\u201d, D\u00edaz se\u00f1al\u00f3 que \u201ca ra\u00edz de que se ampli\u00f3 el monto de cr\u00e9ditos para jubilados vamos a hacer un operativo por el c\u00famulo de pedidos de turnos que hemos tenido estos d\u00edas, as\u00ed que este s\u00e1bado vamos a estar abiertos de 9 a 13 con los turnos otorgados en estos d\u00edas\u201d.<\/p>\n<p>De hecho, anticip\u00f3 que \u201cpara este s\u00e1bado ya tenemos 35 turnos otorgados, as\u00ed que estaremos dando cr\u00e9ditos\u201d.<\/p>\n<p>Vale contextualizar que durante las \u00faltimas horas, ANSES inform\u00f3 que, debido al incremento de personas que se acercan solicitando realizar distintos tr\u00e1mites de la Seguridad Social, adem\u00e1s de la atenci\u00f3n habitual de lunes a viernes en el horario de 8 a 14 horas, continuar\u00e1 abriendo sus oficinas los s\u00e1bados en todo el pa\u00eds.<\/p>\n<p>De esta manera, para continuar brindando una respuesta r\u00e1pida y eficiente a miles de argentinas y argentinos, m\u00e1s de 320 oficinas estar\u00e1n abiertas este s\u00e1bado 15 de julio para realizar todo tipo de tr\u00e1mites.<\/p>\n","protected":false},"excerpt":{"rendered":"<p>Tal cual lo anunciado por la Administraci\u00f3n Nacional de Seguridad Social, que conduce la marplatense Fernanda Raverta, el titular de la UDAI ANSES Necochea Esteban D\u00edaz, confirm\u00f3 que las oficinas locales estar\u00e1n disponibles de 9 a 13 este s\u00e1bado. En breve comunicaci\u00f3n telef\u00f3nica con el periodista Jorge G\u00f3mez en \u201cVoces de la Ciudad\u201d, D\u00edaz se\u00f1al\u00f3 [&hellip;]<\/p>\n","protected":false},"author":3,"featured_media":101884,"comment_status":"open","ping_status":"open","sticky":false,"template":"","format":"standard","meta":{"footnotes":""},"categories":[3],"tags":[],"class_list":["post-101883","post","type-post","status-publish","format-standard","has-post-thumbnail","category-masnoticias"],"_links":{"self":[{"href":"https:\/\/primicias2262.com\/noticias\/wp-json\/wp\/v2\/posts\/101883","targetHints":{"allow":["GET"]}}],"collection":[{"href":"https:\/\/primicias2262.com\/noticias\/wp-json\/wp\/v2\/posts"}],"about":[{"href":"https:\/\/primicias2262.com\/noticias\/wp-json\/wp\/v2\/types\/post"}],"author":[{"embeddable":true,"href":"https:\/\/primicias2262.com\/noticias\/wp-json\/wp\/v2\/users\/3"}],"replies":[{"embeddable":true,"href":"https:\/\/primicias2262.com\/noticias\/wp-json\/wp\/v2\/comments?post=101883"}],"version-history":[{"count":1,"href":"https:\/\/primicias2262.com\/noticias\/wp-json\/wp\/v2\/posts\/101883\/revisions"}],"predecessor-version":[{"id":101885,"href":"https:\/\/primicias2262.com\/noticias\/wp-json\/wp\/v2\/posts\/101883\/revisions\/101885"}],"wp:featuredmedia":[{"embeddable":true,"href":"https:\/\/primicias2262.com\/noticias\/wp-json\/wp\/v2\/media\/101884"}],"wp:attachment":[{"href":"https:\/\/primicias2262.com\/noticias\/wp-json\/wp\/v2\/media?parent=101883"}],"wp:term":[{"taxonomy":"category","embeddable":true,"href":"https:\/\/primicias2262.com\/noticias\/wp-json\/wp\/v2\/categories?post=101883"},{"taxonomy":"post_tag","embeddable":true,"href":"https:\/\/primicias2262.com\/noticias\/wp-json\/wp\/v2\/tags?post=101883"}],"curies":[{"name":"wp","href":"https:\/\/api.w.org\/{rel}","templated":true}]}}