{"id":101886,"date":"2023-07-14T15:32:33","date_gmt":"2023-07-14T15:32:33","guid":{"rendered":"https:\/\/primicias2262.com\/noticias\/?p=101886"},"modified":"2023-07-15T16:10:47","modified_gmt":"2023-07-15T16:10:47","slug":"un-gobierno-del-mismo-color-que-la-provincia-puede-generar-cosas-puntuales-como-provincializar-el-hospital","status":"publish","type":"post","link":"https:\/\/primicias2262.com\/noticias\/un-gobierno-del-mismo-color-que-la-provincia-puede-generar-cosas-puntuales-como-provincializar-el-hospital\/","title":{"rendered":"\u201cUn gobierno del mismo color que la Provincia puede generar cosas puntuales como \u00a0provincializar el Hospital\u201d"},"content":{"rendered":"<p><strong>As\u00ed lo ejemplific\u00f3 el odont\u00f3logo Juli\u00e1n Kristiansen, primer precandidato a concejal en la lista N\u00ba 2 \u201cCeleste y Blanca\u201d, que postula a intendente a Marcelo Rivero y propone entre ostros proyectos, una sinton\u00eda fina con los gobiernos de arriba y la descentralizaci\u00f3n en el sistema de salud.<\/strong><\/p>\n<p>Kristiansen pas\u00f3 por los estudios de \u201cVoces de la Ciudad\u201d y dialog\u00f3 con el periodista Jorge G\u00f3mez en la v\u00edspera de lo que ser\u00e1 este s\u00e1bado a las 20 la presentaci\u00f3n de la lista liderada por el \u201cChelo\u201d Rivero en el Club Defensores de Puerto Quequ\u00e9n. \u201cLo consideramos una fiesta de lanzamiento para compartir con muchos que nos vienen acompa\u00f1ando y est\u00e1 toda la gente invitada, queremos decirles por qu\u00e9 queremos estar ac\u00e1 y por qu\u00e9 tienen que acompa\u00f1ar a la lista N\u00ba 2 en las PASO\u201d, anticip\u00f3.<\/p>\n<p>En tanto, al ser consultado sobre qu\u00e9 diferencias pol\u00edticas hay con los otros precandidatos de Uni\u00f3n por la Patria, Mauro Vel\u00e1zquez y Daniel \u201cYanqui\u201d L\u00f3pez, puntualiz\u00f3 Kristiansen que \u201cla diferencia de nuestro lado es que es una lista de consenso bien plural, y como dec\u00eda el General Per\u00f3n, la \u00fanica verdad es la realidad: es una lista que se viene trabajando hace mucho tiempo con la uni\u00f3n del Partido Justicialista, desde la Casa de Derecho al Futuro, partidos pol\u00edticos como FE, Frente Grande o agrupaciones como el Movimiento Nacional Alfonsinista, hasta con radicales populares dentro del espacio. Hay un mont\u00f3n de compa\u00f1eros que se acercaron, por lo que es un espacio de pluralidad con gremios y agrupaciones que lo conforman\u201d.<\/p>\n<p>Meti\u00e9ndose de lleno en los proyectos que tienen, mencion\u00f3 que \u201ces una elecci\u00f3n que la planteamos a nivel general, nosotros hablamos con la gente y le decimos los proyectos que tenemos para la ciudad, en los cuales ya venimos trabajando, como el relacionado con la industria tur\u00edstica, pesquera, manufactura y la promoci\u00f3n de empleo genuino y la participaci\u00f3n ciudadana, que son parte de los ADN que tenemos\u201d.<\/p>\n<p>En ese sentido, el odont\u00f3logo apunt\u00f3 que \u201cla idea es que el ciudadano se comprometa y por ejemplo, el Presupuesto Participativo es una herramienta fundamental, como tambi\u00e9n generar bocas de comunicaci\u00f3n con la ciudadan\u00eda en todos los sectores de periferia, y que puedan estar relacionados con el municipio y brindarles herramientas para que puedan acercar un reclamo\u201d.<\/p>\n<p>Argument\u00f3 seguidamente que \u201cuna de las cosas m\u00e1s comunes cuando camin\u00e1s los barrios es que te digan \u2018no tengo iluminaci\u00f3n\u2019, o te dicen que est\u00e1n laburando todo el d\u00eda y no tienen tiempo de ir a la Municipalidad a juntar firmas o hacer un reclamo, entonces le pod\u00e9s llegar a dar una voz en el barrio para que tenga m\u00e1s accesibilidad su inquietud\u201d.<\/p>\n<p>En tanto, puso la lupa en un tema sensible de la ciudad, al subrayar que \u201cestamos promoviendo la descentralizaci\u00f3n de la salud, por ejemplo, las salas de Primeros Auxilios deber\u00eda tener m\u00e1s refuerzos de profesionales y recurso humano, y si hac\u00e9s una pol\u00edtica adecuada los hay\u201d.<\/p>\n<p>Fue all\u00ed cuando Kristiansen asegur\u00f3 que \u201ccreemos que si tenemos un gobierno local con el mismo color pol\u00edtico que la Provincia, podemos generar cuestiones puntuales como realmente provincializar el Hospital Ferreyra y as\u00ed tener menos gasto dentro del municipio, con una pol\u00edtica de salud adecuada\u201d.<\/p>\n<p>Finalmente, mir\u00f3 hacia el interior del distrito y afirm\u00f3 que \u201cotro de los ejes es que estamos pensando de la periferia al centro, y literalmente Juan N. Fern\u00e1ndez, Claraz, La Dulce y Ram\u00f3n Santamarina est\u00e1n olvidados\u2026 cuando vamos nos dicen cu\u00e1ntas veces les prometieron determinadas obras, como asfaltar el acceso a Ram\u00f3n Santamarina y nunca lo hicieron, por ejemplo\u201d.<\/p>\n","protected":false},"excerpt":{"rendered":"<p>As\u00ed lo ejemplific\u00f3 el odont\u00f3logo Juli\u00e1n Kristiansen, primer precandidato a concejal en la lista N\u00ba 2 \u201cCeleste y Blanca\u201d, que postula a intendente a Marcelo Rivero y propone entre ostros proyectos, una sinton\u00eda fina con los gobiernos de arriba y la descentralizaci\u00f3n en el sistema de salud. Kristiansen pas\u00f3 por los estudios de \u201cVoces de [&hellip;]<\/p>\n","protected":false},"author":3,"featured_media":101887,"comment_status":"open","ping_status":"open","sticky":false,"template":"","format":"standard","meta":{"footnotes":""},"categories":[3],"tags":[],"class_list":["post-101886","post","type-post","status-publish","format-standard","has-post-thumbnail","category-masnoticias"],"_links":{"self":[{"href":"https:\/\/primicias2262.com\/noticias\/wp-json\/wp\/v2\/posts\/101886","targetHints":{"allow":["GET"]}}],"collection":[{"href":"https:\/\/primicias2262.com\/noticias\/wp-json\/wp\/v2\/posts"}],"about":[{"href":"https:\/\/primicias2262.com\/noticias\/wp-json\/wp\/v2\/types\/post"}],"author":[{"embeddable":true,"href":"https:\/\/primicias2262.com\/noticias\/wp-json\/wp\/v2\/users\/3"}],"replies":[{"embeddable":true,"href":"https:\/\/primicias2262.com\/noticias\/wp-json\/wp\/v2\/comments?post=101886"}],"version-history":[{"count":1,"href":"https:\/\/primicias2262.com\/noticias\/wp-json\/wp\/v2\/posts\/101886\/revisions"}],"predecessor-version":[{"id":101888,"href":"https:\/\/primicias2262.com\/noticias\/wp-json\/wp\/v2\/posts\/101886\/revisions\/101888"}],"wp:featuredmedia":[{"embeddable":true,"href":"https:\/\/primicias2262.com\/noticias\/wp-json\/wp\/v2\/media\/101887"}],"wp:attachment":[{"href":"https:\/\/primicias2262.com\/noticias\/wp-json\/wp\/v2\/media?parent=101886"}],"wp:term":[{"taxonomy":"category","embeddable":true,"href":"https:\/\/primicias2262.com\/noticias\/wp-json\/wp\/v2\/categories?post=101886"},{"taxonomy":"post_tag","embeddable":true,"href":"https:\/\/primicias2262.com\/noticias\/wp-json\/wp\/v2\/tags?post=101886"}],"curies":[{"name":"wp","href":"https:\/\/api.w.org\/{rel}","templated":true}]}}