{"id":101893,"date":"2023-07-15T12:12:28","date_gmt":"2023-07-15T12:12:28","guid":{"rendered":"https:\/\/primicias2262.com\/noticias\/?p=101893"},"modified":"2023-07-16T22:06:23","modified_gmt":"2023-07-16T22:06:23","slug":"arturo-y-el-equipo-recorren-los-barrios-todo-el-ano-no-como-ciertos-dirigentes-que-van-solo-en-campana-electoral","status":"publish","type":"post","link":"https:\/\/primicias2262.com\/noticias\/arturo-y-el-equipo-recorren-los-barrios-todo-el-ano-no-como-ciertos-dirigentes-que-van-solo-en-campana-electoral\/","title":{"rendered":"\u201cArturo y el equipo recorren los barrios todo el a\u00f1o, no como ciertos dirigentes que van solo en campa\u00f1a electoral\u201d"},"content":{"rendered":"<p><strong>As\u00ed lo afirm\u00f3 el precandidato a concejal por la Lista N\u00ba 895 de Nueva Necochea, Rodrigo Tab\u00e1rez, quien en \u201cVoces de la Ciudad\u201d asegur\u00f3 que dicha lista re\u00fane una s\u00edntesis exacta entre experiencia y juventud, valor\u00f3 la recepci\u00f3n de los vecinos que perciben en general cuando est\u00e1n en las calles y afirm\u00f3 que Nueva Necochea lleg\u00f3 para quedarse y ya trasciende al propio espacio.<\/strong><\/p>\n<p>Quien viene militando desde hace varios a\u00f1os y fuera consejero escolar, convers\u00f3 con el periodista Jorge G\u00f3mez \u00a0y ahora como concejal, destac\u00f3 primeramente de cara a las elecciones que \u201chace 15 d\u00edas que estamos caminando calles y barrios con un hermoso grupo conformado, con gente que venimos de hace muchos a\u00f1os y chicos nuevos que se han sumado, la energ\u00eda y el buen clima que tenemos trabajando todos los d\u00edas viene de la buena recepci\u00f3n que tenemos con los vecinos, quienes nos agradecen y por supuesto que recogemos sus reclamos\u201d.<\/p>\n<p>Por ende, \u201cen su mayor\u00eda la recepci\u00f3n es positiva y siempre estamos abiertos a sugerencias y cr\u00edticas, que es lo que pregona Arturo (Rojas) desde el minuto cero\u201d, subray\u00f3, para acotar que \u201ces algo que nos retroalimenta, y el hecho de la militancia me gusta de toda la vida, y trabajarlo para las elecciones en un marco de 40 a\u00f1os de democracia, no es algo menor. Poder transmitir nuestras ideas y debatir es saludable, as\u00ed que la tarea de la militancia y la calle la llevamos innata\u201d.<\/p>\n<p>A la hora de analizar al espacio con una mirada hacia adentro, Tab\u00e1rez sintetiz\u00f3 que \u201cnuestra lista y todo el equipo es una buena s\u00edntesis entre experiencia y j\u00f3venes que vienen empujando. Est\u00e1n los m\u00e1s chicos que vienen; los que ya tenemos un trayecto con algo m\u00e1s de recorrida y gente con experiencia acabada como el propio Arturo, entonces se est\u00e1 ensamblando un equipo plural con dirigentes de distintas extracciones pol\u00edticas, y eso es sumamente positivo\u201d.<\/p>\n<p>Incluso, revel\u00f3 que en el local partidario ven gente nueva que se suma, que viene a sugerir cosas o qu\u00e9 pregunta por d\u00f3nde van a estar en los barrios. \u201cEso es un buen s\u00edntoma, pero no nos relajamos, sino que trabajamos el doble\u201d, afirm\u00f3, para destacar tambi\u00e9n que \u201csoy fiscal general desde el 2011 y este a\u00f1o, a pesar de contar con los fiscales de siempre, me sorprende el hecho de contar con gente nueva que se quiere sumar, y ese es un dato a tener en cuenta\u201d.<\/p>\n<p>Luego, Tab\u00e1rez dej\u00f3 bien en claro la pol\u00edtica de Rojas y su equipo para con el vecino, al enfatizar que \u201cArturo y el equipo recorren la calle todo el a\u00f1o, no te va a caer como ciertos dirigentes que conocen los barrios solo en campa\u00f1a electoral, y al menos con el proyecto de Oficina M\u00f3vil Arturo est\u00e1 en la calle desde febrero de 2022. Ha recorrido m\u00e1s de 30 barrios a lo largo de este tiempo y conoce las problem\u00e1ticas desde el vamos. \u00c9l tiene un o\u00eddo en la calle\u2026 y cuando el dirigente se aleja del pulso de la calle y empieza a hacer la pol\u00edtica dentro de cuatro paredes no se obtienen buenos resultados\u201d.<\/p>\n<p><strong>Respuesta a quienes presumen una ciudad maquillada<\/strong><\/p>\n<p>En tanto, pronunci\u00f3 con orgullo que \u201cNueva Necochea lleg\u00f3 para quedarse, para m\u00ed trasciende el propio partido vecinal y es un concepto que est\u00e1 en muchos ya arraigado, y vemos ese clima positivo del cual tambi\u00e9n la gente se apropia, porque es un proyecto que prioriza lo local y tiene pruebas de sobra\u201d.<\/p>\n<p>En ese sentido, apunt\u00f3 hacia cierto sector opositor, representado por la Uni\u00f3n C\u00edvica Radical y encarnado en el precandidato Dami\u00e1n Unibaso, quien acaba de lanzar un spot aludiendo a que la ciudad solo est\u00e1 maquillada. \u201cRespeto a todas las militancias pol\u00edticas porque me considero un par en ese sentido, pero escuchamos hoy en d\u00eda que hablan de cuestiones de maquillaje, y entonces internamente me pregunto si las obras que estamos llevando adelante, como la pista de atletismo, el polideportivo de 67 y 98 o el Centro de desarrollo Infantil, entre otras, son maquillaje\u201d, contraatac\u00f3 Tab\u00e1rez, y se sigui\u00f3 preguntando ret\u00f3ricamente: \u201c\u00bfLlevar cloacas despu\u00e9s de 30 a\u00f1os al Barrio estaci\u00f3n Quequ\u00e9n son maquillaje?, o las obras en las avenidas 2 y 502 \u00bfson maquillaje?.<\/p>\n<p>En ese sentido, concluy\u00f3 que \u201cpor supuesto podemos disentir en las ideas, pero creo que es innegable que desde 2019 a la fecha Necochea, Quequ\u00e9n y el interior est\u00e1n mejor\u2026 entonces creo que tenemos que seguir transitando esta senda de obras y transformaci\u00f3n, y en el marco de ese concepto estamos trabajando para la reelecci\u00f3n de Arturo\u201d.<\/p>\n","protected":false},"excerpt":{"rendered":"<p>As\u00ed lo afirm\u00f3 el precandidato a concejal por la Lista N\u00ba 895 de Nueva Necochea, Rodrigo Tab\u00e1rez, quien en \u201cVoces de la Ciudad\u201d asegur\u00f3 que dicha lista re\u00fane una s\u00edntesis exacta entre experiencia y juventud, valor\u00f3 la recepci\u00f3n de los vecinos que perciben en general cuando est\u00e1n en las calles y afirm\u00f3 que Nueva Necochea [&hellip;]<\/p>\n","protected":false},"author":3,"featured_media":101894,"comment_status":"open","ping_status":"open","sticky":false,"template":"","format":"standard","meta":{"footnotes":""},"categories":[5],"tags":[],"class_list":{"0":"post-101893","1":"post","2":"type-post","3":"status-publish","4":"format-standard","5":"has-post-thumbnail","7":"category-neco"},"_links":{"self":[{"href":"https:\/\/primicias2262.com\/noticias\/wp-json\/wp\/v2\/posts\/101893","targetHints":{"allow":["GET"]}}],"collection":[{"href":"https:\/\/primicias2262.com\/noticias\/wp-json\/wp\/v2\/posts"}],"about":[{"href":"https:\/\/primicias2262.com\/noticias\/wp-json\/wp\/v2\/types\/post"}],"author":[{"embeddable":true,"href":"https:\/\/primicias2262.com\/noticias\/wp-json\/wp\/v2\/users\/3"}],"replies":[{"embeddable":true,"href":"https:\/\/primicias2262.com\/noticias\/wp-json\/wp\/v2\/comments?post=101893"}],"version-history":[{"count":3,"href":"https:\/\/primicias2262.com\/noticias\/wp-json\/wp\/v2\/posts\/101893\/revisions"}],"predecessor-version":[{"id":101936,"href":"https:\/\/primicias2262.com\/noticias\/wp-json\/wp\/v2\/posts\/101893\/revisions\/101936"}],"wp:featuredmedia":[{"embeddable":true,"href":"https:\/\/primicias2262.com\/noticias\/wp-json\/wp\/v2\/media\/101894"}],"wp:attachment":[{"href":"https:\/\/primicias2262.com\/noticias\/wp-json\/wp\/v2\/media?parent=101893"}],"wp:term":[{"taxonomy":"category","embeddable":true,"href":"https:\/\/primicias2262.com\/noticias\/wp-json\/wp\/v2\/categories?post=101893"},{"taxonomy":"post_tag","embeddable":true,"href":"https:\/\/primicias2262.com\/noticias\/wp-json\/wp\/v2\/tags?post=101893"}],"curies":[{"name":"wp","href":"https:\/\/api.w.org\/{rel}","templated":true}]}}