{"id":101905,"date":"2023-07-15T12:27:53","date_gmt":"2023-07-15T12:27:53","guid":{"rendered":"https:\/\/primicias2262.com\/noticias\/?p=101905"},"modified":"2023-07-17T01:44:05","modified_gmt":"2023-07-17T01:44:05","slug":"conoce-la-agenda-de-espectaculos-y-actividades-durante-las-vacaciones-de-invierno","status":"publish","type":"post","link":"https:\/\/primicias2262.com\/noticias\/conoce-la-agenda-de-espectaculos-y-actividades-durante-las-vacaciones-de-invierno\/","title":{"rendered":"Conoc\u00e9 la agenda de espect\u00e1culos y actividades durante las vacaciones de invierno"},"content":{"rendered":"<div class=\"elementor-element elementor-element-38a37d5 elementor-widget elementor-widget-theme-post-content\" data-id=\"38a37d5\" data-element_type=\"widget\" data-widget_type=\"theme-post-content.default\">\n<div class=\"elementor-widget-container\">\n<p><strong>Con epicentro en el predio de Cultura y la Escuela Municipal de Artes, se brindar\u00e1n gratuitamente funciones de teatro y talleres, adem\u00e1s de contar con espacios para inflables y expresi\u00f3n art\u00edstica.<\/strong><\/p>\n<p>La Secretar\u00eda de Turismo y Desarrollo Productivo, mediante la coordinaci\u00f3n de la Direcci\u00f3n de Cultura que encabeza Juan Gamba, present\u00f3 el cronograma de espect\u00e1culos y actividades gratuitas que brindar\u00e1 a las familias durante el periodo de vacaciones de invierno, desde el pr\u00f3ximo lunes 17 de julio, y todas concentradas en el predio de la mencionada Direcci\u00f3n y la Escuela Municipal de Artes, en calle 62 entre 43 y 45.<\/p>\n<p>Habr\u00e1 funciones de teatro en la carpa y talleres en el espacio de Barrio Cultura y en la propia Escuela Municipal de Artes, mientras que de 14 a 16 hs. -tambi\u00e9n en el predio de la 62-, habr\u00e1 inflables; y de 15 a 17 pintura en caballete. En tanto, el viernes 21, s\u00e1bado 22 y domingo 23 se desarrollar\u00e1 la presentaci\u00f3n de murgas locales.<\/p>\n<p>Ello ir\u00e1 de la mano con la propuesta del \u00c1rea de Museos en el Parque Miguel Lillo, el cual brindar\u00e1 visitas\u00a0 especiales y guiadas todos los d\u00edas a partir de las 11. En tanto, los viernes 21 y 28 el Museo de Ciencias Naturales proyectar\u00e1 a partir de las 15 una pel\u00edcula de tem\u00e1tica cient\u00edfica.<\/p>\n<table width=\"883\">\n<tbody>\n<tr>\n<td width=\"142\"><\/td>\n<td colspan=\"5\" width=\"587\">\u00a0\u00a0\u00a0\u00a0\u00a0\u00a0\u00a0\u00a0\u00a0\u00a0\u00a0\u00a0\u00a0\u00a0\u00a0\u00a0\u00a0\u00a0\u00a0\u00a0\u00a0\u00a0\u00a0<strong>\u00a0 GRILLA DE ESPECTACULO \u00abVACACIONES DE INVIERNO<\/strong> <strong>2023\u2033<\/strong><\/td>\n<td width=\"102\"><\/td>\n<td width=\"103\"><\/td>\n<\/tr>\n<tr>\n<td><strong>Carpa Cultura<\/strong><\/td>\n<td><\/td>\n<td><\/td>\n<td><\/td>\n<td><\/td>\n<td><\/td>\n<td><\/td>\n<td><\/td>\n<\/tr>\n<tr>\n<td>Horario<\/td>\n<td>Lunes 17<\/td>\n<td>Martes 18<\/td>\n<td>Miercoles 19<\/td>\n<td>Jueves 20<\/td>\n<td>Viernes 21<\/td>\n<td>Sabado 22<\/td>\n<td>Domingo 23<\/td>\n<\/tr>\n<tr>\n<td width=\"142\">15 HS<\/td>\n<td width=\"119\">Payaso Abelardo<\/td>\n<td width=\"116\">Equilibriosis (Compa\u00f1\u00eda Les)<\/td>\n<td width=\"145\">Zumba Kids (Melina Casarin) Participaci\u00f3n<\/td>\n<td width=\"111\">El Chou de Marbelita<\/td>\n<td width=\"96\">Un teatro en la Mochila (Santilli)<\/td>\n<td width=\"102\">Synap estudio de Danza Participaci\u00f3n<\/td>\n<td width=\"103\">Equilibriosis (Compa\u00f1\u00eda Les)<\/td>\n<\/tr>\n<tr>\n<td width=\"142\">16 HS<\/td>\n<td width=\"119\">La caverna de los cuentos (Compa\u00f1\u00eda Teatro el Cruce)<\/td>\n<td width=\"116\">Zumba Kids (Melina Casarin) Participacion<\/td>\n<td width=\"145\">Cuentos Imaginarios 1, 2 y 3 (Compa\u00f1\u00eda Vecinos Imaginarios)<\/td>\n<td width=\"111\">Payaso Abelardo<\/td>\n<td width=\"96\">Zumba Kids (Melina Casarin) Participacion<\/td>\n<td width=\"102\">El Chou de Marbelita<\/td>\n<td width=\"103\">Un teatro en la Mochila (Santilli)<\/p>\n<p>&nbsp;<\/p>\n<p>&nbsp;<\/p>\n<p>&nbsp;<\/p>\n<p>&nbsp;<\/td>\n<\/tr>\n<\/tbody>\n<\/table>\n<table width=\"522\">\n<tbody>\n<tr>\n<td width=\"142\"><\/td>\n<td width=\"119\"><\/td>\n<td width=\"116\"><\/td>\n<td width=\"145\"><\/td>\n<\/tr>\n<tr>\n<td>Horario<\/td>\n<td>Lunes 24<\/td>\n<td>Martes 25<\/td>\n<td>Miercoles 26<\/td>\n<\/tr>\n<tr>\n<td>15 HS<\/td>\n<td width=\"119\">El Circo de Do\u00f1a Fresca<\/td>\n<td width=\"116\">Detr\u00e1s del Bosque (Compa\u00f1\u00eda Muevemundos)<\/td>\n<td width=\"145\">El Circo de Do\u00f1a Fresca<\/td>\n<\/tr>\n<tr>\n<td>16 HS<\/td>\n<td width=\"119\">Atta Larluz Participacion<\/td>\n<td width=\"116\">El Chou de Marbelita Contraprestaci\u00f3n<\/td>\n<td>Faina<\/td>\n<\/tr>\n<\/tbody>\n<\/table>\n<table width=\"522\">\n<tbody>\n<tr>\n<td width=\"142\"><\/td>\n<td width=\"119\"><\/td>\n<td width=\"116\"><\/td>\n<td width=\"145\"><\/td>\n<\/tr>\n<tr>\n<td colspan=\"4\"><strong>Talleres de Vacaciones de Invierno BARRIO CULTURA<\/strong><\/td>\n<\/tr>\n<tr>\n<td><\/td>\n<td><\/td>\n<td><\/td>\n<td><\/td>\n<\/tr>\n<tr>\n<td><\/td>\n<td><\/td>\n<td><\/td>\n<td><\/td>\n<\/tr>\n<tr>\n<td>LUNES 17<\/td>\n<td><u>\u00a0<\/u><\/td>\n<td>LUNES 24<\/td>\n<td><u>\u00a0<\/u><\/td>\n<\/tr>\n<tr>\n<td>15.00 a 15.50 HS<\/td>\n<td>Danza Urbana<\/td>\n<td>15.00 a 15.50 HS<\/td>\n<td>Pre Impresos<\/td>\n<\/tr>\n<tr>\n<td>16.00 a 16.50 HS<\/td>\n<td>Percusion<\/td>\n<td>16.00 a 16.50 HS<\/td>\n<td>Estencil<\/td>\n<\/tr>\n<tr>\n<td><\/td>\n<td><\/td>\n<td><\/td>\n<td><\/td>\n<\/tr>\n<tr>\n<td>MARTES 18<\/td>\n<td><\/td>\n<td>MARTES 25<\/td>\n<td><\/td>\n<\/tr>\n<tr>\n<td>15.00 a 15.50 HS<\/td>\n<td>Juegos<\/td>\n<td>15.00 a 15.50 HS<\/td>\n<td>Juegos<\/td>\n<\/tr>\n<tr>\n<td>16.00 a 16.50 HS<\/td>\n<td>Titeres de Papel<\/td>\n<td>16.00 a 16.50 HS<\/td>\n<td>Trompos<\/td>\n<\/tr>\n<tr>\n<td><\/td>\n<td><\/td>\n<td><\/td>\n<td><\/td>\n<\/tr>\n<tr>\n<td>MIERCOLES 19<\/td>\n<td><\/td>\n<td>MIERCOLES 26<\/td>\n<td><\/td>\n<\/tr>\n<tr>\n<td>15.00 a 15.50 HS<\/td>\n<td>Danza Urbana<\/td>\n<td>15.00 a 15.50 HS<\/td>\n<td>Encastrables de Carton<\/td>\n<\/tr>\n<tr>\n<td>16.00 a 16.50 HS<\/td>\n<td>Percusion<\/td>\n<td>16.00 a 16.50 HS<\/td>\n<td>Estencil<\/td>\n<\/tr>\n<tr>\n<td><\/td>\n<td><\/td>\n<td><\/td>\n<td><\/td>\n<\/tr>\n<tr>\n<td>JUEVES 20<\/td>\n<td><\/td>\n<td>JUEVES 27<\/td>\n<td><\/td>\n<\/tr>\n<tr>\n<td>15.00 a 15.50 HS<\/td>\n<td>Taller de Maracas<\/td>\n<td>15.00 a 15.50 HS<\/td>\n<td width=\"145\">Helicopteros<\/td>\n<\/tr>\n<tr>\n<td>16.00 a 16.50 HS<\/td>\n<td>Const. De Trompos<\/td>\n<td>16.00 A 16.50 HS<\/td>\n<td>Pre Impresos<\/td>\n<\/tr>\n<tr>\n<td><\/td>\n<td><\/td>\n<td><\/td>\n<td><\/td>\n<\/tr>\n<tr>\n<td>VIERNES 21<\/td>\n<td><\/td>\n<td>VIERNES 21<\/td>\n<td><\/td>\n<\/tr>\n<tr>\n<td>15.00 a 15.50 HS<\/td>\n<td>Danza Urbana<\/td>\n<td>15.00 a 15.50 HS<\/td>\n<td>Juegos<\/td>\n<\/tr>\n<tr>\n<td>16.00 a 16.50 HS<\/td>\n<td>Percusi\u00f3n<\/td>\n<td>16.00 A 16.50 HS<\/td>\n<td>Bordados<\/td>\n<\/tr>\n<tr>\n<td><\/td>\n<td><\/td>\n<td><\/td>\n<td><\/td>\n<\/tr>\n<tr>\n<td>SABADO 22<\/td>\n<td><\/td>\n<td><\/td>\n<td><\/td>\n<\/tr>\n<tr>\n<td>15.00 a 15.50 HS<\/td>\n<td width=\"119\">\u00a0Aviones<\/td>\n<td><\/td>\n<td><\/td>\n<\/tr>\n<tr>\n<td>16.00 a 16.50 HS<\/td>\n<td width=\"119\">Peces<\/td>\n<td><\/td>\n<td><\/td>\n<\/tr>\n<tr>\n<td><\/td>\n<td><\/td>\n<td><\/td>\n<td><\/td>\n<\/tr>\n<tr>\n<td>DOMINGO 23<\/td>\n<td><\/td>\n<td><\/td>\n<td><\/td>\n<\/tr>\n<tr>\n<td>15.00 a 15.50 HS<\/td>\n<td>Juegos Teatrales<\/td>\n<td><\/td>\n<td><\/td>\n<\/tr>\n<tr>\n<td>16.00 a 16.50 HS<\/td>\n<td>Colgantes<\/td>\n<td><\/td>\n<td><\/td>\n<\/tr>\n<tr>\n<td><\/td>\n<td><\/td>\n<td><\/td>\n<td><\/td>\n<\/tr>\n<\/tbody>\n<\/table>\n<table width=\"737\">\n<tbody>\n<tr>\n<td width=\"96\"><\/td>\n<td width=\"102\"><\/td>\n<td width=\"103\"><\/td>\n<td width=\"94\"><\/td>\n<td width=\"86\"><\/td>\n<td width=\"86\"><\/td>\n<td width=\"80\"><\/td>\n<td width=\"90\"><\/td>\n<\/tr>\n<tr>\n<td colspan=\"6\"><strong>TALLERES VACACIONES DE INVIERNO ESCUELA DE ARTE<\/strong><\/td>\n<td><\/td>\n<td><\/td>\n<\/tr>\n<tr>\n<td><\/td>\n<td><\/td>\n<td><\/td>\n<td><\/td>\n<td><\/td>\n<td><\/td>\n<td><\/td>\n<td><\/td>\n<\/tr>\n<tr>\n<td><\/td>\n<td><\/td>\n<td><\/td>\n<td><\/td>\n<td><\/td>\n<td><\/td>\n<td><\/td>\n<td><\/td>\n<\/tr>\n<tr>\n<td width=\"96\"><u>\u00a0<\/u><\/td>\n<td width=\"102\">Lunes 17<\/td>\n<td width=\"103\">Martes 18<\/td>\n<td width=\"94\">Miercoles 19<\/td>\n<td width=\"86\">Jueves 20<\/td>\n<td width=\"86\">Viernes 21<\/td>\n<td width=\"80\">Sabado 22<\/td>\n<td width=\"90\">Domingo 23<\/td>\n<\/tr>\n<tr>\n<td rowspan=\"13\" width=\"96\">15 hs<\/td>\n<td width=\"102\">Alineaci\u00f3n y Balanceo<\/td>\n<td width=\"103\">M\u00e1scaras y antifaces.<\/td>\n<td width=\"94\">Taller de stencil y grabado<\/td>\n<td width=\"86\">Personajes con cart\u00f3n.<\/td>\n<td width=\"86\">Taller de mandalas tejidos<\/td>\n<td rowspan=\"13\" width=\"80\"><\/td>\n<td rowspan=\"13\" width=\"90\">Karate\u00a0 de 15 a 17 hs<\/td>\n<\/tr>\n<tr>\n<td width=\"102\">Principios de danza cl\u00e1sica.<\/td>\n<td width=\"103\">De 4 a 10 a\u00f1os<\/td>\n<td width=\"94\">A partir de 6 a\u00f1os<\/td>\n<td width=\"86\">(De 5 a 10 a\u00f1os)<\/td>\n<td width=\"86\">(Roxana)<\/td>\n<\/tr>\n<tr>\n<td width=\"102\">Para todas las edades<\/td>\n<td width=\"103\">(Cintia)<\/td>\n<td width=\"94\">(Milagros y Lis)<\/td>\n<td width=\"86\">(Griselda)<\/td>\n<td width=\"86\"><\/td>\n<\/tr>\n<tr>\n<td width=\"102\">(Pato)<\/td>\n<td width=\"103\"><\/td>\n<td width=\"94\"><\/td>\n<td width=\"86\"><\/td>\n<td width=\"86\"><\/td>\n<\/tr>\n<tr>\n<td width=\"102\"><\/td>\n<td width=\"103\">Danza juegos y destrezas<\/td>\n<td width=\"94\">Taller de juegos musicales y canciones para las infancias<\/td>\n<td width=\"86\">Taller de t\u00edteres.<\/td>\n<td width=\"86\"><\/td>\n<\/tr>\n<tr>\n<td width=\"102\">De m\u00fasica ligera<\/td>\n<td width=\"103\">De 4 a 6 a\u00f1os.<\/td>\n<td width=\"94\">(de 6 a 10 a\u00f1os)<\/td>\n<td width=\"86\">Para todas las edades<\/td>\n<td width=\"86\"><\/td>\n<\/tr>\n<tr>\n<td width=\"102\">Un paseo por cada instrumento<\/td>\n<td width=\"103\">(Luisa)<\/td>\n<td width=\"94\">(Mariana Gonz\u00e1lez y estudiantes del profesorado)<\/td>\n<td width=\"86\">(Leonela)<\/td>\n<td width=\"86\">Jugamos con arcilla<\/td>\n<\/tr>\n<tr>\n<td width=\"102\">Para todas las edades.<\/td>\n<td width=\"103\"><\/td>\n<td width=\"94\"><\/td>\n<td width=\"86\"><\/td>\n<td width=\"86\">de 7 a 13 a\u00f1os<\/td>\n<\/tr>\n<tr>\n<td width=\"102\">(Gustavo y Mar\u00eda)<\/td>\n<td width=\"103\">M\u00fasica con lenguaje de se\u00f1as<\/td>\n<td width=\"94\"><\/td>\n<td width=\"86\"><\/td>\n<td width=\"86\">(Ana Lecumberri)<\/td>\n<\/tr>\n<tr>\n<td width=\"102\"><\/td>\n<td width=\"103\">Para todas las edades<\/td>\n<td width=\"94\"><\/td>\n<td width=\"86\"><\/td>\n<td width=\"86\"><\/td>\n<\/tr>\n<tr>\n<td width=\"102\">Cart\u00f3n tela y Pl\u00e1sticola<\/td>\n<td width=\"103\">(Guido)<\/td>\n<td width=\"94\"><\/td>\n<td width=\"86\"><\/td>\n<td width=\"86\"><\/td>\n<\/tr>\n<tr>\n<td width=\"102\">De 6 a 10 a\u00f1os (Griselda)<\/td>\n<td width=\"103\"><\/td>\n<td width=\"94\"><\/td>\n<td width=\"86\"><\/td>\n<td width=\"86\"><\/td>\n<\/tr>\n<tr>\n<td width=\"102\"><\/td>\n<td width=\"103\"><\/td>\n<td width=\"94\"><\/td>\n<td width=\"86\"><\/td>\n<td width=\"86\"><\/td>\n<\/tr>\n<tr>\n<td rowspan=\"4\" width=\"96\">16 hs<\/td>\n<td rowspan=\"4\" width=\"102\"><\/td>\n<td width=\"103\">Juegos contacto y movimiento<\/td>\n<td width=\"94\">Huellas, actividad de danza y pl\u00e1stica<\/td>\n<td width=\"86\">Taller de piano<\/td>\n<td rowspan=\"4\" width=\"86\">Taller de Ajedrez<\/td>\n<td width=\"80\">Voly-Glob<\/td>\n<td rowspan=\"4\" width=\"90\"><\/td>\n<\/tr>\n<tr>\n<td width=\"103\">En familia de 3 a 5 a\u00f1os(Abel Moreira y Ver\u00f3nica Choperena<\/td>\n<td width=\"94\">Expresi\u00f3n con los pies<\/td>\n<td width=\"86\">(Manuel Nu\u00f1ez)<\/td>\n<td width=\"80\">Juego de competencia con globos.<\/td>\n<\/tr>\n<tr>\n<td width=\"103\"><\/td>\n<td width=\"94\">De 3 a 5 a\u00f1os<\/td>\n<td width=\"86\"><\/td>\n<td width=\"80\">(Seba)<\/td>\n<\/tr>\n<tr>\n<td width=\"103\"><\/td>\n<td width=\"94\">(Manuela y Seba)<\/td>\n<td width=\"86\"><\/td>\n<td width=\"80\"><\/td>\n<\/tr>\n<tr>\n<td width=\"96\"><\/td>\n<td width=\"102\">Lunes 24<\/td>\n<td width=\"103\">Martes 25<\/td>\n<td width=\"94\">Mi\u00e9rcoles 26<\/td>\n<td width=\"86\">Jueves 27<\/td>\n<td width=\"86\">Viernes 28<\/td>\n<td width=\"80\">S\u00e1bado 29<\/td>\n<td width=\"90\">Domingo 30<\/td>\n<\/tr>\n<tr>\n<td rowspan=\"10\" width=\"96\">15 hs<\/td>\n<td width=\"102\">Introducci\u00f3n a la bater\u00eda<\/td>\n<td width=\"103\">Pictionary<\/td>\n<td width=\"94\">Taller de folklore<\/td>\n<td width=\"86\">Colores primarios<\/td>\n<td width=\"86\">Taller de teatro<\/td>\n<td rowspan=\"10\" width=\"80\"><\/td>\n<td rowspan=\"10\" width=\"90\"><\/td>\n<\/tr>\n<tr>\n<td width=\"102\">Para todas las edades<\/td>\n<td width=\"103\">\u00a1Dibuja y adivina!<\/td>\n<td width=\"94\">Para infantes<\/td>\n<td width=\"86\">Encestando colores<\/td>\n<td width=\"86\">Para infantes<\/td>\n<\/tr>\n<tr>\n<td width=\"102\">(Alejandro)<\/td>\n<td width=\"103\">(Seba)<\/td>\n<td width=\"94\">(Santiago)<\/td>\n<td width=\"86\">A partir de los 7 a\u00f1os<\/td>\n<td width=\"86\">(David)<\/td>\n<\/tr>\n<tr>\n<td width=\"102\"><\/td>\n<td width=\"103\"><\/td>\n<td width=\"94\"><\/td>\n<td width=\"86\">(Seba)<\/td>\n<td width=\"86\"><\/td>\n<\/tr>\n<tr>\n<td width=\"102\"><\/td>\n<td width=\"103\"><\/td>\n<td width=\"94\"><\/td>\n<td width=\"86\"><\/td>\n<td width=\"86\">Taller de Ajedrez<\/td>\n<\/tr>\n<tr>\n<td width=\"102\">Cart\u00f3n tela y Plasticola<\/td>\n<td width=\"103\"><\/td>\n<td width=\"94\"><\/td>\n<td width=\"86\">Danza y expresi\u00f3n corporal infantil<\/td>\n<td width=\"86\"><\/td>\n<\/tr>\n<tr>\n<td width=\"102\">De 6 a 10 a\u00f1os (Griselda)<\/td>\n<td width=\"103\"><\/td>\n<td width=\"94\"><\/td>\n<td width=\"86\">(Mar\u00eda)<\/td>\n<td width=\"86\"><\/td>\n<\/tr>\n<tr>\n<td width=\"102\"><\/td>\n<td width=\"103\"><\/td>\n<td width=\"94\"><\/td>\n<td width=\"86\"><\/td>\n<td width=\"86\"><\/td>\n<\/tr>\n<tr>\n<td width=\"102\"><\/td>\n<td width=\"103\"><\/td>\n<td width=\"94\"><\/td>\n<td width=\"86\"><\/td>\n<td width=\"86\"><\/td>\n<\/tr>\n<tr>\n<td width=\"102\"><\/td>\n<td width=\"103\"><\/td>\n<td width=\"94\"><\/td>\n<td width=\"86\"><\/td>\n<td width=\"86\"><\/td>\n<\/tr>\n<tr>\n<td rowspan=\"6\" width=\"96\">16 hs<\/td>\n<td width=\"102\">Taller de m\u00e1ndalas<\/td>\n<td width=\"103\">Merlina Danza para ni\u00f1os.<\/td>\n<td rowspan=\"6\" width=\"94\"><\/td>\n<td width=\"86\">Movimiento creativo juntos y en familia con ni\u00f1os\/as con y sin deiscapacidad<\/td>\n<td width=\"86\">Taller de t\u00edteres<\/td>\n<td rowspan=\"6\" width=\"80\"><\/td>\n<td rowspan=\"6\" width=\"90\"><\/td>\n<\/tr>\n<tr>\n<td width=\"102\">Tejidos<\/td>\n<td width=\"103\">(Estefan\u00eda y Manuela)<\/td>\n<td width=\"86\">De 3 a 6 a\u00f1os<\/td>\n<td width=\"86\">Para todas las edades<\/td>\n<\/tr>\n<tr>\n<td width=\"102\">(Roxana)<\/td>\n<td width=\"103\"><\/td>\n<td width=\"86\">(Ver\u00f3nica Choperena<\/td>\n<td width=\"86\">(Leonela)<\/td>\n<\/tr>\n<tr>\n<td width=\"102\"><\/td>\n<td width=\"103\"><\/td>\n<td width=\"86\"><\/td>\n<td width=\"86\"><\/td>\n<\/tr>\n<tr>\n<td width=\"102\"><\/td>\n<td width=\"103\"><\/td>\n<td width=\"86\"><\/td>\n<td width=\"86\"><\/td>\n<\/tr>\n<tr>\n<td width=\"102\"><\/td>\n<td width=\"103\"><\/td>\n<td width=\"86\"><\/td>\n<td width=\"86\"><\/td>\n<\/tr>\n<\/tbody>\n<\/table>\n<p>&nbsp;<\/p>\n<\/div>\n<\/div>\n","protected":false},"excerpt":{"rendered":"<p>Con epicentro en el predio de Cultura y la Escuela Municipal de Artes, se brindar\u00e1n gratuitamente funciones de teatro y talleres, adem\u00e1s de contar con espacios para inflables y expresi\u00f3n art\u00edstica. La Secretar\u00eda de Turismo y Desarrollo Productivo, mediante la coordinaci\u00f3n de la Direcci\u00f3n de Cultura que encabeza Juan Gamba, present\u00f3 el cronograma de espect\u00e1culos [&hellip;]<\/p>\n","protected":false},"author":3,"featured_media":101906,"comment_status":"open","ping_status":"open","sticky":false,"template":"","format":"standard","meta":{"footnotes":""},"categories":[3],"tags":[],"class_list":["post-101905","post","type-post","status-publish","format-standard","has-post-thumbnail","category-masnoticias"],"_links":{"self":[{"href":"https:\/\/primicias2262.com\/noticias\/wp-json\/wp\/v2\/posts\/101905","targetHints":{"allow":["GET"]}}],"collection":[{"href":"https:\/\/primicias2262.com\/noticias\/wp-json\/wp\/v2\/posts"}],"about":[{"href":"https:\/\/primicias2262.com\/noticias\/wp-json\/wp\/v2\/types\/post"}],"author":[{"embeddable":true,"href":"https:\/\/primicias2262.com\/noticias\/wp-json\/wp\/v2\/users\/3"}],"replies":[{"embeddable":true,"href":"https:\/\/primicias2262.com\/noticias\/wp-json\/wp\/v2\/comments?post=101905"}],"version-history":[{"count":2,"href":"https:\/\/primicias2262.com\/noticias\/wp-json\/wp\/v2\/posts\/101905\/revisions"}],"predecessor-version":[{"id":101910,"href":"https:\/\/primicias2262.com\/noticias\/wp-json\/wp\/v2\/posts\/101905\/revisions\/101910"}],"wp:featuredmedia":[{"embeddable":true,"href":"https:\/\/primicias2262.com\/noticias\/wp-json\/wp\/v2\/media\/101906"}],"wp:attachment":[{"href":"https:\/\/primicias2262.com\/noticias\/wp-json\/wp\/v2\/media?parent=101905"}],"wp:term":[{"taxonomy":"category","embeddable":true,"href":"https:\/\/primicias2262.com\/noticias\/wp-json\/wp\/v2\/categories?post=101905"},{"taxonomy":"post_tag","embeddable":true,"href":"https:\/\/primicias2262.com\/noticias\/wp-json\/wp\/v2\/tags?post=101905"}],"curies":[{"name":"wp","href":"https:\/\/api.w.org\/{rel}","templated":true}]}}