{"id":101915,"date":"2023-07-15T16:27:23","date_gmt":"2023-07-15T16:27:23","guid":{"rendered":"https:\/\/primicias2262.com\/noticias\/?p=101915"},"modified":"2023-07-15T16:27:23","modified_gmt":"2023-07-15T16:27:23","slug":"nuevo-spot-de-larreta-para-las-elecciones-2023-la-diferencia-que-marco-con-bullrich-y-las-bases-de-su-proyecto","status":"publish","type":"post","link":"https:\/\/primicias2262.com\/noticias\/nuevo-spot-de-larreta-para-las-elecciones-2023-la-diferencia-que-marco-con-bullrich-y-las-bases-de-su-proyecto\/","title":{"rendered":"Nuevo spot de Larreta para las elecciones 2023: la diferencia que marc\u00f3 con Bullrich y las bases de su proyecto"},"content":{"rendered":"<p>En el nuevo spot para las\u00a0<strong><a class=\"link\" href=\"https:\/\/www.eldestapeweb.com\/tag\/elecciones-2023\">elecciones 2023<\/a><\/strong>, el precandidato a presidente por Juntos por el Cambio (JxC),\u00a0<strong>Horacio Rodr\u00edguez Larreta,<\/strong><strong>\u00a0<\/strong>hace \u00e9nfasis en su tono moderado en oposici\u00f3n a su contrincante en la interna -Patricia Bullrich- e insiste en\u00a0\u201clograr cambios que se mantengan en el tiempo y que realmente le mejoren la vida a los argentinos\u201d.<\/p>\n<p>En ese sentido, apunt\u00f3:\u00a0<strong>\u00abCreo en el respeto y no en los que necesitan insultar para sacar alguna ventaja\u00bb<\/strong>. Con un conjunto de palabras y frases busc\u00f3 resumir cu\u00e1les son las bases centrales de su campa\u00f1a presidencial.<\/p>\n<p>En el video, el\u00a0jefe de Gobierno de la Ciudad de Buenos Aires\u00a0aparece en las recorridas que est\u00e1 haciendo por todo el pa\u00eds y es \u00e9l mismo quien habla.<\/p>\n<p>El spot se llama \u00aben esto creo\u00bb y es ese el verbo que us\u00f3 para las frases que expresa en distintos tramos:\u00a0\u00abCreo en escuchar, antes que hablar\u00bb, \u00abCreo en hacer, despu\u00e9s de escuchar\u00bb,\u00a0<strong>\u00abCreo en construir y no en dinamitar\u00bb<\/strong>,\u00a0<strong>\u00abCreo en el respeto y no en los que necesitan insultar para sacar alguna ventaja\u00bb<\/strong>\u00a0y \u00abCreo en los equipos de trabajo\u00a0y no en los liderazgos autoritarios\u00bb.\u00a0<strong>Frases con las que se diferencia no solo de Bullrich sino tambi\u00e9n del precandidato de la ultraderecha, Javier Milei.<\/strong><\/p>\n<p>Las palabras van acompa\u00f1adas por distintas im\u00e1genes que quedaron plasmadas en la historia reciente de nuestro pa\u00eds, que dan cuenta de aquello con lo que Rodr\u00edguez Larreta disiente: como las protestas contra la reforma previsional de 2018. Tambi\u00e9n,<em><strong>\u00a0<\/strong><\/em>el precandidato eligi\u00f3 polarizar con\u00a0la vicepresidenta de la naci\u00f3n, Cristina\u00a0Kirchner, que no disputar\u00e1 ning\u00fan cargo en esta elecci\u00f3n.<\/p>\n","protected":false},"excerpt":{"rendered":"<p>En el nuevo spot para las\u00a0elecciones 2023, el precandidato a presidente por Juntos por el Cambio (JxC),\u00a0Horacio Rodr\u00edguez Larreta,\u00a0hace \u00e9nfasis en su tono moderado en oposici\u00f3n a su contrincante en la interna -Patricia Bullrich- e insiste en\u00a0\u201clograr cambios que se mantengan en el tiempo y que realmente le mejoren la vida a los argentinos\u201d. En [&hellip;]<\/p>\n","protected":false},"author":3,"featured_media":101916,"comment_status":"open","ping_status":"open","sticky":false,"template":"","format":"standard","meta":{"footnotes":""},"categories":[7],"tags":[],"class_list":{"0":"post-101915","1":"post","2":"type-post","3":"status-publish","4":"format-standard","5":"has-post-thumbnail","7":"category-nac"},"_links":{"self":[{"href":"https:\/\/primicias2262.com\/noticias\/wp-json\/wp\/v2\/posts\/101915","targetHints":{"allow":["GET"]}}],"collection":[{"href":"https:\/\/primicias2262.com\/noticias\/wp-json\/wp\/v2\/posts"}],"about":[{"href":"https:\/\/primicias2262.com\/noticias\/wp-json\/wp\/v2\/types\/post"}],"author":[{"embeddable":true,"href":"https:\/\/primicias2262.com\/noticias\/wp-json\/wp\/v2\/users\/3"}],"replies":[{"embeddable":true,"href":"https:\/\/primicias2262.com\/noticias\/wp-json\/wp\/v2\/comments?post=101915"}],"version-history":[{"count":1,"href":"https:\/\/primicias2262.com\/noticias\/wp-json\/wp\/v2\/posts\/101915\/revisions"}],"predecessor-version":[{"id":101917,"href":"https:\/\/primicias2262.com\/noticias\/wp-json\/wp\/v2\/posts\/101915\/revisions\/101917"}],"wp:featuredmedia":[{"embeddable":true,"href":"https:\/\/primicias2262.com\/noticias\/wp-json\/wp\/v2\/media\/101916"}],"wp:attachment":[{"href":"https:\/\/primicias2262.com\/noticias\/wp-json\/wp\/v2\/media?parent=101915"}],"wp:term":[{"taxonomy":"category","embeddable":true,"href":"https:\/\/primicias2262.com\/noticias\/wp-json\/wp\/v2\/categories?post=101915"},{"taxonomy":"post_tag","embeddable":true,"href":"https:\/\/primicias2262.com\/noticias\/wp-json\/wp\/v2\/tags?post=101915"}],"curies":[{"name":"wp","href":"https:\/\/api.w.org\/{rel}","templated":true}]}}