{"id":101921,"date":"2023-07-15T16:41:18","date_gmt":"2023-07-15T16:41:18","guid":{"rendered":"https:\/\/primicias2262.com\/noticias\/?p=101921"},"modified":"2023-07-15T16:41:18","modified_gmt":"2023-07-15T16:41:18","slug":"elecciones-2023-consulta-el-padron-electoral-definitivo-para-saber-donde-votas","status":"publish","type":"post","link":"https:\/\/primicias2262.com\/noticias\/elecciones-2023-consulta-el-padron-electoral-definitivo-para-saber-donde-votas\/","title":{"rendered":"Elecciones 2023: consult\u00e1 el padr\u00f3n electoral definitivo para saber d\u00f3nde vot\u00e1s"},"content":{"rendered":"<p>Los argentinos volver\u00e1n a las urnas este a\u00f1o\u00a0<a href=\"https:\/\/www.ambito.com\/politica\/elecciones-2023\/calendario-electoral-2023-cuando-se-vota-presidente-la-argentina-n5635610\" target=\"_blank\" rel=\"follow noopener\">para\u00a0<strong>elegir presidente de la Naci\u00f3n<\/strong><\/a>, que asumir\u00e1 el pr\u00f3ximo 10 de diciembre. Adem\u00e1s se renovar\u00e1 la mitad del Congreso nacional, y tambi\u00e9n se votar\u00e1n gobernadores, legisladores, y otros cargos provinciales y municipales. La<strong>\u00a0C\u00e1mara Nacional Electoral<\/strong>\u00a0anunci\u00f3 que ya est\u00e1 disponible para consultar el\u00a0<strong>padr\u00f3n electoral<\/strong>.<\/p>\n<p>El padr\u00f3n se podr\u00e1 consultar en los sitios web\u00a0<a href=\"https:\/\/www.electoral.gob.ar\/nuevo\/index.php\" target=\"_blank\" rel=\"follow noopener\">www.electoral.gob.ar<\/a>\u00a0y en\u00a0<a href=\"https:\/\/www.padron.gob.ar\/\" target=\"_blank\" rel=\"follow noopener\">www.padron.gob.ar<\/a>, donde cada elector debe introducir su n\u00famero de documento, g\u00e9nero, distrito donde vota e ingresar un c\u00f3digo verificador.<\/p>\n<article class=\"article-body article-body--third-paragraph content-protected-false\">En tanto, la CNE record\u00f3 que los documentos v\u00e1lidos para votar son la\u00a0<strong>libreta de enrolamiento\/libreta c\u00edvica, el DNI libreta verde o celeste, la tarjeta del DNI libreta celeste que contiene la leyenda \u00abNo v\u00e1lido para votar\u00bb y el nuevo DNI tarjeta<\/strong><\/p>\n<\/article>\n<article class=\"article-body article-body--fourth-paragraph content-protected-false\">Adem\u00e1s se precis\u00f3 que el ejemplar del documento debe ser igual o posterior al que figura en el padr\u00f3n, y no se permitir\u00e1 el voto de ciudadanos cuyo documento corresponde a un ejemplar anterior al que figura en el padr\u00f3n electoral ni tampoco de aquellos que presenten el DNI en su celular.<\/p>\n<div class=\"col-12 col-md-8 detail-news__main-column\">\n<article class=\"article-body article-body--remaining-paragraph content-protected-false\"><a href=\"https:\/\/www.ambito.com\/politica\/elecciones-2023-que-necesitan-los-candidatos-entrar-las-generales-n5762620\" target=\"_blank\" rel=\"follow noopener\">Como primer punto, los precandidatos que disputen\u00a0<\/a><strong><a href=\"https:\/\/www.ambito.com\/politica\/elecciones-2023-que-necesitan-los-candidatos-entrar-las-generales-n5762620\" target=\"_blank\" rel=\"follow noopener\">una interna<\/a>\u00a0dentro de sus respectivas alianzas\u00a0<\/strong>deber\u00e1n superar en cantidad de votos al resto de los postulantes.<\/p>\n<p>Una vez ganada la competencia interna, aquellos dirigentes que<strong>\u00a0superen el piso del 1,5%\u00a0<\/strong>de los votos v\u00e1lidos emitidos, con una lista o la sumatoria de ellas podr\u00e1n presentarse en los comicios del 22 de octubre.<\/p>\n<p><strong>El candidato m\u00e1s votado debe obtener el 45% de los sufragios<\/strong>\u00a0o el 40% y una diferencia de 10 puntos con el segundo postulante en la primera vuelta para ocupar el sill\u00f3n de Rivadavia. Caso contrario habr\u00e1 balotaje, que seg\u00fan la ley debe realizarse dentro de los 30 d\u00edas de realizada la elecci\u00f3n general.<\/p>\n<p><strong>Elecciones 2023: \u00bfpuedo votar en las generales si no vot\u00e9 en las PASO?<\/strong><\/p>\n<p><a href=\"https:\/\/www.ambito.com\/politica\/elecciones-2023-puedo-votar-las-generales-si-no-vote-las-paso-n5761498\" target=\"_blank\" rel=\"follow noopener\">Todos los ciudadanos a votar en las elecciones de este a\u00f1o\u00a0<\/a>y que figuren en el Registro Nacional de Electores tendr\u00e1n la posibilidad de votar en los comicios generales. Es decir, si un elector no concurre a la votaci\u00f3n en las PASO del 13 de agosto,\u00a0<strong>est\u00e1 obligado a participar de igual manera el 22 de octubre<\/strong>, seg\u00fan indica el Ministerio de Justicia y Derechos Humanos de la Naci\u00f3n.<\/p>\n<p>\u00danicamente estar\u00e1n exceptuados de votar los argentinos que pertenezcan a los siguientes grupos:<\/p>\n<ul>\n<li>Personas\u00a0<strong>mayores de 16 y menores de 18<\/strong>\u00a0a\u00f1os.<\/li>\n<li>Personas\u00a0<strong>mayores de 70<\/strong>\u00a0a\u00f1os.<\/li>\n<li><strong>Jueces y auxiliares\u00a0<\/strong>que se encuentren en funciones durante la elecci\u00f3n.<\/li>\n<li>Quienes vivan\u00a0<strong>a m\u00e1s de 500 kil\u00f3metros del lugar de votaci\u00f3n<\/strong>\u00a0y posean una justificaci\u00f3n v\u00e1lida que les impida el traslado.<\/li>\n<li>Personas\u00a0<strong>enfermas o imposibilitadas de ejercer el sufragio<\/strong>\u00a0por motivos de fuerza mayor. En este caso tambi\u00e9n se deber\u00e1 presentar una justificaci\u00f3n.<\/li>\n<li><strong>Personal que integre organismos o empresas de servicios p\u00fablicos<\/strong>\u00a0que cumplan funciones durante el d\u00eda de la elecci\u00f3n.<\/li>\n<\/ul>\n<p><strong>Elecciones 2023: definen cu\u00e1nto tiempo habr\u00e1 de propaganda pol\u00edtica en TV<\/strong><\/p>\n<p><a href=\"https:\/\/www.ambito.com\/politica\/elecciones-2023-definen-cuanto-tiempo-habra-propaganda-tv-n5758532\" target=\"_blank\" rel=\"follow noopener\">El gobierno nacional estableci\u00f3 este viernes el tiempo de de difusi\u00f3n<\/a>\u00a0con el que contar\u00e1n las propagandas pol\u00edticas en\u00a0<strong><a href=\"https:\/\/www.ambito.com\/informacion-general\/internet-y-television-precios-diferenciales-como-tramitar-un-subsidio-n5672166\" target=\"_blank\" rel=\"follow noopener\">televisi\u00f3n\u00a0<\/a><\/strong>y regular\u00e1 la emisi\u00f3n de las publicidades partidarias a semanas de las\u00a0<strong><a href=\"https:\/\/www.ambito.com\/politica\/elecciones-2023\/calendario-electoral-2023-cuando-se-vota-presidente-la-argentina-n5635610\" target=\"_blank\" rel=\"follow noopener\">elecciones\u00a0<\/a><\/strong>Primarias, Abiertas, Simult\u00e1neas y Obligatorias (<strong><a href=\"https:\/\/www.ambito.com\/politica\/elecciones-2023-estos-son-los-candidatos-presidenciales-confirmados-n5664630\" target=\"_blank\" rel=\"follow noopener\">PASO<\/a><\/strong>) en Argentina.<\/p>\n<p>La medida fue establecida a trav\u00e9s del decreto N\u00b0330\/2023 publicado este viernes en el Bolet\u00edn Oficial, con la firma del presidente<strong>\u00a0Alberto Fern\u00e1ndez, el jefe de Gabinete, Agust\u00edn Rossi, y el ministro del Interior, Eduardo \u00abWado\u00bb de Pedro.<\/strong><\/p>\n<p>En este contexto, los medios de la televisi\u00f3n\u00a0<strong>deber\u00e1n ceder un 5% de 12 horas de programaci\u00f3n para la difusi\u00f3n de campa\u00f1as electorales. Es decir, 24 minutos del total<\/strong>. Los medios audiovisuales que superen las 12 horas de programaci\u00f3n ser\u00e1n habilitados por el Ente Nacional de Comunicaciones (Enacom) como se\u00f1ales aptas para la difusi\u00f3n de las propagandas pol\u00edticas.<\/p>\n<div id=\"7711101-Libre-764926325_wrap\" class=\"embed_cont type_imagen\" contenteditable=\"false\">\n<div id=\"7711101-Libre-764926325_content\" class=\"embed_content\"><img decoding=\"async\" id=\"7711101-Libre-764926325_embed\" src=\"https:\/\/www.ambito.com\/css-custom\/239\/lazy.svg\" alt=\"estrategia. El 2023 se volver\u00e1 a caracterizar por un calendario electoral desdoblado, producto de la necesidad de los provincialismos de asegurar su territorio m\u00e1s all\u00e1 de lo que ocurra a nivel nacional.\" width=\"730\" height=\"\" data-td-src-property=\"https:\/\/media.ambito.com\/p\/af6661182308d6805037b6c4069c3527\/adjuntos\/239\/imagenes\/040\/222\/0040222725\/730x0\/smart\/estrategia-el-2023-se-volvera-caracterizar-un-calendario-electoral-desdoblado-producto-la-necesidad-los-provincialismos-asegurar-su-territorio-mas-alla-lo-que-ocurra-nivel-nacional.jpeg\" \/><\/div>\n<div id=\"7711101-Libre-764926325_epigrafe\" class=\"embed_epigrafe\">estrategia. El 2023 se volver\u00e1 a caracterizar por un calendario electoral desdoblado, producto de la necesidad de los provincialismos de asegurar su territorio m\u00e1s all\u00e1 de lo que ocurra a nivel nacional.<\/div>\n<\/div>\n<h2>Elecciones 2023: los spots de campa\u00f1a debutan en la televisi\u00f3n<\/h2>\n<p><a href=\"https:\/\/www.ambito.com\/politica\/elecciones-2023-los-spots-campana-debutan-la-television-n5765180\" target=\"_blank\" rel=\"follow noopener\">La\u00a0<strong>C\u00e1mara Nacional Electoral<\/strong>, uno de los entes organizadores de las<strong>\u00a0Elecciones 2023<\/strong><\/a><a href=\"https:\/\/www.ambito.com\/politica\/elecciones-2023\/calendario-electoral-2023-cuando-se-vota-presidente-la-argentina-n5635610\" target=\"_blank\" rel=\"follow noopener\">,\u00a0<\/a>dispuso el comienzo de la\u00a0<strong>campa\u00f1a pol\u00edtica en los medios audiovisuales.<\/strong><\/p>\n<p>Hasta ahora los precandidatos que se presentar\u00e1n en los comicios nacionales aprovecharon las redes sociales, como<strong>\u00a0Instagram, Twitter o TikTok<\/strong>, para difundir sus spots de campa\u00f1a. De hecho, la \u00faltima en dar la nota\u00a0<a href=\"https:\/\/www.ambito.com\/politica\/se-conocio-el-primer-spot-patricia-bullrich-no-estamos-viviendo-un-pais-normal-n5764810\" target=\"_blank\" rel=\"follow noopener\">fue\u00a0<strong>Patricia Bullrich<\/strong>\u00a0al presentar este viernes su primer video pol\u00edtico<\/a>\u00a0de cara a las\u00a0<strong>PASO<\/strong>.<\/p>\n<p>La\u00a0<strong>Direcci\u00f3n Nacional Electoral (DINE)<\/strong>, por su parte, estableci\u00f3 el tiempo que ocupar\u00e1 la propaganda pol\u00edtica en televisi\u00f3n: los medios de la televisi\u00f3n deber\u00e1n\u00a0<strong>ceder un 5% de 12 horas de programaci\u00f3n\u00a0<\/strong>para la difusi\u00f3n de\u00a0<strong>campa\u00f1as electorales<\/strong>. Es decir,\u00a0<strong>24 minutos del total<\/strong>. Los medios audiovisuales que superen las 12 horas de programaci\u00f3n ser\u00e1n habilitados por el\u00a0<strong>Ente Nacional de Comunicaciones (Enacom)<\/strong>\u00a0como se\u00f1ales aptas para la difusi\u00f3n de las propagandas pol\u00edticas.<\/p>\n<h2>Elecciones 2023: el Gobierno pagar\u00e1 $40.000 a las autoridades de mesa<\/h2>\n<p><a href=\"https:\/\/www.ambito.com\/politica\/elecciones-2023-el-gobierno-pagara-40000-las-autoridades-mesa-n5738788\" target=\"_blank\" rel=\"follow noopener\">El Ministerio del Interior estableci\u00f3 un vi\u00e1tico de $40.000<\/a>\u00a0para las autoridades de mesa en estas\u00a0<strong><a href=\"https:\/\/www.ambito.com\/politica\/elecciones-2023\/calendario-electoral-2023-cuando-se-vota-presidente-la-argentina-n5635610\" target=\"_blank\" rel=\"follow noopener\">Elecciones 2023<\/a><\/strong>, para aquellos ciudadanos y ciudadanas que participen en los tres turnos electorales de las primarias abiertas simult\u00e1neas y obligatorias (<strong><a href=\"https:\/\/www.ambito.com\/politica\/elecciones-2023-estos-son-los-candidatos-presidenciales-confirmados-n5664630\" target=\"_blank\" rel=\"follow noopener\">\u00a0PASO<\/a><\/strong>), las elecciones generales y una eventual segunda vuelta.<\/p>\n<p>Seg\u00fan estableci\u00f3 el ministerio encargado de organizar las elecciones en todo el pa\u00eds, \u00ab<strong>s\u00f3lo podr\u00e1 ser cobrado por aquellas personas que efectivamente se hayan desempe\u00f1ado en la funci\u00f3n asignada<\/strong>, por lo que, si por alguna raz\u00f3n el o la convocada se ausenta en alguno de los comicios, se le abonar\u00e1 la parte proporcional de la suma que le corresponda\u00bb.<\/p>\n<h2>El Gobierno confirm\u00f3 los montos de financiamiento electoral para los partidos pol\u00edticos<\/h2>\n<p><a href=\"https:\/\/www.ambito.com\/politica\/el-gobierno-confirmo-los-montos-financiamiento-electoral-los-partidos-politicos-n5746483\" target=\"_blank\" rel=\"follow noopener\">El\u00a0<strong>Gobierno<\/strong>\u00a0confirm\u00f3 los montos totales de los aportes<\/a>\u00a0que destinar\u00e1 el Estado nacional para el<strong>\u00a0financiamiento de las\u00a0<a href=\"https:\/\/www.ambito.com\/politica\/cierre-alianzas-jxc-mantiene-su-sello-pero-anuncia-modificaciones-n5745469\" target=\"_blank\" rel=\"follow noopener\">campa\u00f1as electorales<\/a><\/strong>\u00a0de los partidos pol\u00edticos que se presentar\u00e1n en las primarias abiertas, simult\u00e1neas y obligatorias\u00a0<strong>(PASO)<\/strong>\u00a0del p\u00f3ximo13 de agosto y en las\u00a0<a href=\"https:\/\/www.ambito.com\/politica\/elecciones-2023\/calendario-electoral-2023-cuando-se-vota-presidente-la-argentina-n5635610\" target=\"_blank\" rel=\"follow noopener\">elecciones<\/a>\u00a0generales del 22 de octubre.<\/p>\n<p>En las<strong>\u00a0PASO<\/strong>, la cifra ser\u00e1 de\u00a0<strong>$650.000.000<\/strong>\u00a0para quienes aspiren a los cargos de presidente\/a y vicepresidente\/a, al igual que los dirigentes que se postulen a la categor\u00eda de diputados y diputadas nacionales.<\/p>\n<p>En tanto, para los precandidatos a los cargos de senadores y senadoras nacionales se destinar\u00e1\u00a0<strong>un fondo colaborativo de $325.000.000\u00a0<\/strong>y para los<strong>\u00a0postulantes a convertirse en parlamentarios y parlamentarias del Mercosur se distribuir\u00e1n $65.000.000<\/strong>, tanto para el grupo representante a nivel nacional, como para los que se ubiquen en distritos regionales, precisa la normativa.<\/p>\n<p>En cuanto a los aportes que se repartir\u00e1n entre los frentes pol\u00edticos que participen de las elecciones generales que se celebrar\u00e1n el 22 de octubre, el monto se incrementar\u00e1 a\u00a0<strong>$1.300.000.000<\/strong>\u00a0para las categor\u00edas a presidente\/a y vicepresidente\/a y diputados y diputadas nacionales. En el caso de los dirigentes que competir\u00e1n por las bancas en la C\u00e1mara de Senadores, la cifra aumentar\u00e1 hasta\u00a0<strong>$650.000.000.<\/strong><\/p>\n<h2>Elecciones 2023: estas son las boletas de los candidatos para las PASO<\/h2>\n<p><a href=\"https:\/\/www.ambito.com\/politica\/elecciones-2023-estas-son-las-boletas-los-candidatos-las-paso-n5757546\" target=\"_blank\" rel=\"follow noopener\">Quedan pocas semanas para la realizaci\u00f3n de las\u00a0<strong>elecciones\u00a0<\/strong><\/a>Primarias, Abiertas, Simult\u00e1neas y Obligatorias (<strong><a href=\"https:\/\/www.ambito.com\/politica\/elecciones-2023-estos-son-los-candidatos-presidenciales-confirmados-n5664630\" target=\"_blank\" rel=\"follow noopener\">PASO<\/a><\/strong>) del pr\u00f3ximo 13 de agosto y, tras el cierre de listas, los candidatos que conforman las distintas alianzas presentan sus boletas oficiales.<\/p>\n<p>El calendario, dispuesto por la\u00a0<strong><a href=\"https:\/\/www.ambito.com\/politica\/elecciones-2023\/donde-voto-consulta-el-padron-electoral-n5572993\" target=\"_blank\" rel=\"follow noopener\">C\u00e1mara Nacional Electoral (CNE)<\/a><\/strong>\u00a0establece, entre otras cuestiones, las fechas de las elecciones primarias PASO para el 13 de agosto y las generales para el 22 de octubre. En esas fechas, los argentinos elegir\u00e1n la f\u00f3rmula presidencial que gobierne los pr\u00f3ximos cuatro a\u00f1os, adem\u00e1s de los cargos de Jefe de Gobierno de la Ciudad de Buenos Aires, 21 gobernadores y la renovaci\u00f3n de bancas en la C\u00e1mara de Diputados y Senadores.<\/p>\n<p>Las primeras boletas publicadas oficialmente fueron las de Juntos por el Cambio. La coalici\u00f3n opositora dio a conocer el armado de\u00a0<strong>los precandidatos presidenciales Horacio Rodr\u00edguez Larreta y Patricia Bullrich<\/strong>. Los papeles fueron presentados ante la Junta Electoral de la alianza y deber\u00e1n ser llevadas a la Justicia Electoral para su oficializaci\u00f3n definitiva.<\/p>\n<h2>Veda electoral: cu\u00e1les son las prohibiciones en cada provincia<\/h2>\n<p>Seg\u00fan los entes organizadores de las elecciones a nivel nacional,<a href=\"https:\/\/www.ambito.com\/politica\/veda-electoral-cuales-son-las-prohibiciones-cada-provincia-n5739917\" target=\"_blank\" rel=\"follow noopener\">\u00a0hay una lista de acciones prohibidas durante la veda electoral<\/a>:<\/p>\n<ul>\n<li><strong>Actos p\u00fablicos de campa\u00f1a<\/strong>\u00a0y proselitismo electoral.<\/li>\n<li><strong>Espect\u00e1culos populares<\/strong>\u00a0al aire libre o en espacios cerrados.<\/li>\n<li>Portaci\u00f3n de\u00a0<strong>armas<\/strong>.<\/li>\n<li>Portaci\u00f3n de\u00a0<strong>banderas, insignias o distintivos<\/strong>\u00a0partidarios.<\/li>\n<li><strong>Venta de bebidas alcoh\u00f3licas<\/strong>, la cual estar\u00e1 permitida hasta las 20 horas del s\u00e1bado (d\u00eda previo a la elecci\u00f3n).<\/li>\n<li>Ofrecer<strong>\u00a0boletas para el voto dentro de un radio de 80 metros<\/strong>\u00a0de las mesas receptoras de votos.<\/li>\n<li>Publicaci\u00f3n y difusi\u00f3n de\u00a0<strong>encuestas o sondeos<\/strong>.<\/li>\n<\/ul>\n<p>Las sanciones en caso de incumplimiento de la veda electoral var\u00edan seg\u00fan cada caso: la<strong>\u00a0venta de bebidas alcoh\u00f3licas<\/strong>\u00a0establecen una pena de c\u00e1rcel de entre 15 d\u00edas y seis meses; la\u00a0<strong>organizaci\u00f3n de espect\u00e1culos masivos<\/strong>\u00a0prev\u00e9 un plazo de entre 15 d\u00edas a 6 meses y la<strong>\u00a0coacci\u00f3n electoral<\/strong>\u00a0va de\u00a0<strong>2 meses a 2 a\u00f1os de c\u00e1rcel<\/strong>.<\/p>\n<h2>La C\u00e1mara Nacional Electoral controlar\u00e1 los gastos de los partidos pol\u00edticos<\/h2>\n<p>La<strong>\u00a0<a href=\"https:\/\/www.ambito.com\/politica\/elecciones-2023\/calendario-electoral-2023-cuando-se-vota-presidente-la-argentina-n5635610\" target=\"_blank\" rel=\"follow noopener\">C\u00e1mara Nacional Electoral (CNE)<\/a><\/strong>\u00a0anunci\u00f3 que controlar\u00e1 los gastos que realicen los partidos pol\u00edticos en las boletas en estas<strong>\u00a0<a href=\"https:\/\/www.ambito.com\/politica\/como-cristina-kirchner-mauricio-macri-dio-su-pronostico-las-elecciones-2023-n5730191\" target=\"_blank\" rel=\"follow noopener\">elecciones 2023<\/a><\/strong>\u00a0a falta de menos de tres meses para las elecciones Primarias, Abiertas, Simult\u00e1neas y Obligatorias (<strong><a href=\"https:\/\/www.ambito.com\/politica\/elecciones-2023\/donde-voto-consulta-el-padron-electoral-n5572993\" target=\"_blank\" rel=\"follow noopener\">PASO<\/a><\/strong>) en todo el pa\u00eds.<\/p>\n<p>El organismo auditar\u00e1 los gastos en la impresi\u00f3n de boletas de campa\u00f1a<strong>\u00a0por involucramiento en los fondos p\u00fablicos<\/strong>, seg\u00fan se fundament\u00f3 en un acuerdo publicado este martes.<\/p>\n<p>\u00ab<strong>Ya en el a\u00f1o 2017 esta C\u00e1mara hizo notar el incremento exponencial de la cantidad de listas de precandidatos\u00a0<\/strong>oficializadas para las elecciones primarias, que en aqu\u00e9l entonces implicaba un aumento de m\u00e1s del 400 por ciento en relaci\u00f3n con comicios anteriores\u00bb, remarcaron los jueces de la C\u00e1mara Nacional Electoral, organismo responsable de controlar los gastos de campa\u00f1a.<\/p>\n<h2>Qui\u00e9n organiza las Elecciones 2023<\/h2>\n<p>En Argentina,\u00a0<a href=\"https:\/\/www.ambito.com\/politica\/quien-organiza-las-elecciones-2023-argentina-n5706893\" target=\"_blank\" rel=\"follow noopener\">las elecciones nacionales son organizadas en conjunto por tres organismos<\/a>\u00a0del Estado nacional:<\/p>\n<ul>\n<li>La\u00a0<strong>Direcci\u00f3n Nacional Electoral (DINE)<\/strong>, organismo perteneciente al Ministerio del Interior, es la encargada de preparar la estructura electoral en todo el pa\u00eds. Compra de urnas, sobres, impresi\u00f3n de los padrones y la contrataci\u00f3n del Correo son algunas de las tareas del ente dirigido por Marcos Schiavi.<\/li>\n<li>La<strong>\u00a0Justicia electoral<\/strong>, coordinada por los juzgados federales con competencia electoral en todo el pa\u00eds, es el segundo organismo responsable de las elecciones a nivel nacional. Se encuentran en cada una de las 23 provincias y en la Ciudad Aut\u00f3noma de Buenos Aires.<\/li>\n<li>La\u00a0<strong>C\u00e1mara Nacional Electoral (CNE)<\/strong>\u00a0posee competencia en todo el territorio nacional respecto a la organizaci\u00f3n de los procesos electorales. Se trata de un Tribunal con una naturaleza espec\u00edfica y singular, el cual cuenta con facultades reglamentarias, operativas y de fiscalizaci\u00f3n del Registro Nacional de Electores, entre otras funciones.<\/li>\n<\/ul>\n<h2>Elecciones 2023: qui\u00e9nes est\u00e1n exceptuados de votar<\/h2>\n<p><a href=\"https:\/\/www.ambito.com\/politica\/elecciones-2023-que-ciudadanos-no-estan-obligados-votar-n5679160\" target=\"_blank\" rel=\"follow noopener\">Los ciudadanos exceptuados a votar son<\/a>:<\/p>\n<ul>\n<li>Personas\u00a0<strong>mayores de 16 y menores de 18<\/strong>\u00a0a\u00f1os.<\/li>\n<li>Personas\u00a0<strong>mayores de 70<\/strong>\u00a0a\u00f1os.<\/li>\n<li><strong>Jueces y auxiliares\u00a0<\/strong>que se encuentren en funciones durante la elecci\u00f3n.<\/li>\n<li>Quienes vivan\u00a0<strong>a m\u00e1s de 500 kil\u00f3metros del lugar de votaci\u00f3n<\/strong>\u00a0y posean una justificaci\u00f3n v\u00e1lida que les impida el traslado.<\/li>\n<li>Personas\u00a0<strong>enfermas o imposibilitadas de ejercer el sufragio<\/strong>\u00a0por motivos de fuerza mayor. En este caso tambi\u00e9n se deber\u00e1 presentar una justificaci\u00f3n.<\/li>\n<li><strong>Personal que integre organismos o empresas de servicios p\u00fablicos<\/strong>\u00a0que cumplan funciones durante el d\u00eda de la elecci\u00f3n.<\/li>\n<\/ul>\n<\/article>\n<div class=\"news-topics\"><span class=\"news-topics__title\">Temas<\/span><\/p>\n<ul class=\"news-topics__list\">\n<li class=\"news-topics__list-item\"><a href=\"https:\/\/www.ambito.com\/elecciones-2023-a5134162\">Elecciones 2023<\/a><\/li>\n<li class=\"news-topics__list-item\"><a href=\"https:\/\/www.ambito.com\/padron-electoral-a5125656\">Padr\u00f3n electoral<\/a><\/li>\n<li class=\"news-topics__list-item\"><a href=\"https:\/\/www.ambito.com\/camara-nacional-electoral-a5123782\">C\u00e1mara Nacional Electoral<\/a><\/li>\n<\/ul>\n<\/div>\n<form id=\"form-news-v2\" class=\"newsletter-subscription needs-validation form\" role=\"form\" data-td-script-src=\"https:\/\/www.ambito.com\/js-custom\/239\/v3\/newsletter-min-version-1672829481.js\"><span class=\"newsletter-subscription__obj-title\">Suscribite al Newsletter<\/span><\/p>\n<div class=\"newsletter-subscription__input-wrapper\"><input id=\"newsletterEmail\" class=\"newsletter-subscription__form-control form-control form__control\" name=\"email\" required=\"\" type=\"email\" placeholder=\"Ingres\u00e1 tu mail\" \/><button id=\"sendButton\" class=\"btn btn-primary newsletter-subscription__btn form__btn\" type=\"submit\">SUSCRIBITE<\/button><\/div>\n<\/form>\n<div id=\"comments\" class=\"comments\" data-td-script-src=\"https:\/\/connect.facebook.net\/es_LA\/sdk.js#xfbml=1&amp;version=v9.0&amp;appId=592069321760905&amp;autoLogAppEvents=1\">\n<h3 class=\"comments__obj-title\">Dej\u00e1 tu comentario<\/h3>\n<div class=\"fb-comments\" data-href=\"https:\/\/www.ambito.com\/c5572993\" data-numposts=\"5\" data-colorscheme=\"light\" data-width=\"100%\"><\/div>\n<\/div>\n<div class=\"banner-container\">\n<div class=\"banner-wrapper free-banner\">\n<div id=\"taboola-below-article-thumbnails\" class=\" trc_related_container trc_spotlight_widget tbl-feed-container tbl-feed-frame-DIVIDER  render-late-effect\" data-feed-container-num=\"1\" data-feed-main-container-id=\"taboola-below-article-thumbnails\" data-parent-placement-name=\"Below Article Thumbnails\" data-pub-lang=\"es\">\n<div class=\" tbl-feed-header tbl-logo-right-position\">\n<div class=\"tbl-feed-header-logo\"><\/div>\n<\/div>\n<div id=\"taboola-below-article-thumbnails-pl1\" class=\" trc_related_container trc_spotlight_widget trc_elastic trc_elastic_thumbs-feed-01  tbl-feed-card \" data-card-index=\"1\" data-batch-num=\"1\" data-placement-name=\"Below Article Thumbnails | Card 1\">\n<div class=\"trc_rbox_container\">\n<div>\n<div id=\"trc_wrapper_88720\" class=\"trc_rbox thumbs-feed-01 trc-content-sponsored \">\n<div id=\"outer_88720\" class=\"trc_rbox_outer\">\n<div id=\"rbox-t2v\" class=\"trc_rbox_div trc_rbox_border_elm\">\n<div id=\"internal_trc_88720\">\n<div class=\"videoCube trc_spotlight_item origin-undefined thumbnail_top syndicatedItem textItem videoCube_1_child trc-first-recommendation trc-spotlight-first-recommendation  trc_excludable \" data-item-id=\"~~V1~~8024171263919885089~~Ary-_WHVqLa8e-ydPWX_7EDdBJ05YUP-J9JlMhSR4FD6nH0OabNJtzzP-ddPU2nvK8Bm7FKD2NW1M1BCiW1-kuMDMqg65-jJbi04eURsbtqeHe1S9jo_X4timp5pCZhQQas41f4COFvufOf52grWNe487k0pvO_9ezrwRupEiSMB7CKWDYR-vkpxcdUUzOgEqMBBvkdfag99mRDkZdH7GZIABZnE6iw0vZgovqPMyoCY6eD5jnG1QLwcl4nkEOHw5CoWLlX1uzG9gUBqYmKqk08KJRZ9mwaEcwcGgiTaJHWsUaZak2AcDXKoRwoERbO2SJxwhdJv3jKN701ohCgWIPvdAwBc-tgcz2_jjECScpI4w8PM6vv5gTX6XQUWwWKIP5ZnGm2FEG-o7XA_myzMAM7qYnj3CE5gmcA112T9tL-H_GFWv2oodB3fcUjIfKxlfDh9U7J_D0hlu2Okx4W0vvfMQTbODYSav6eZo0AAOL2WTd4Seyij9V_bqIC7XBuIfe3jmgHZXC04GgECm-uojQ\" data-item-title=\"\u00a1La alarma econ\u00f3mica que est\u00e1 revolucionando el mercado en Quequ\u00e9n!\" data-item-thumb=\"http:\/\/cdn.taboola.com\/libtrc\/static\/thumbnails\/55df91d2144662428b1b0f3b30e7cf78.jpg\" data-item-syndicated=\"true\">\n<div class=\"thumbBlock_holder\">\n<div class=\"videoCube_aspect\"><\/div>\n<\/div>\n<p><a class=\" item-label-href \" title=\"\u00a1La alarma econ\u00f3mica que est\u00e1 revolucionando el mercado en Quequ\u00e9n!\" href=\"https:\/\/affiliate.across.it\/v2\/click\/2vulbjmmfhsdss2tvas\" target=\"_blank\" rel=\"nofollow noopener sponsored\"><span class=\"video-label-box trc-main-label \"><span class=\"video-label video-title trc_ellipsis \">\u00a1La alarma econ\u00f3mica que est\u00e1 revolucionando el mercado en Quequ\u00e9n!<\/span><span class=\"branding composite-branding\"><span class=\"branding-inner\">Verisure<\/span><span class=\"branding-separator\">|<\/span><\/span><\/span><\/a><\/p>\n<div class=\"logoDiv link-disclosure  attribution-disclosure-link-sponsored align-disclosure-left\"><a class=\"trc_desktop_disclosure_link trc_attribution_position_after_branding\" href=\"https:\/\/popup.taboola.com\/es\/?template=colorbox&amp;utm_source=grupoambito-ambito&amp;utm_medium=referral&amp;utm_content=thumbs-feed-01:Below%20Article%20Thumbnails%20|%20Card%201:\" target=\"_blank\" rel=\"nofollow sponsored noopener\">Patrocinado<\/a><\/div>\n<div class=\" trc_user_exclude_btn \" title=\"Quitar este anuncio\"><\/div>\n<div class=\" trc_exclude_overlay trc_fade \"><\/div>\n<div class=\" trc_undo_btn \"><\/div>\n<\/div>\n<\/div>\n<\/div>\n<\/div>\n<div class=\"trc_clearer\"><\/div>\n<\/div>\n<\/div>\n<\/div>\n<\/div>\n<div class=\"tbl-batch-anchor\"><\/div>\n<div id=\"_cm-css-reset\" class=\"_cm-ad-feed-manager vpaid-player-container multi-vpaids\">\n<div id=\"0__cm-css-reset\" class=\"_cm-ad-feed-manager vpaid-player-container multi-vpaids vpaid-handler\"><\/div>\n<\/div>\n<div id=\"1689439035730\" class=\"_cm-ad-feed-manager\"><\/div>\n<\/div>\n<\/div>\n<\/div>\n<\/div>\n<aside class=\"col-12 col-md-4 detail-news__aside\">\n<div class=\"last-news\">\n<h3 class=\"last-news__obj-title\">\u00daltimas noticias<\/h3>\n<article class=\"last-news__article\">\n<h2 class=\"last-news__article-title\"><a title=\"\u00e1mbito.com | Sorpresa: Threads, el Twitter de Meta, cae 20% en usuarios despu\u00e9s de su debut\" href=\"https:\/\/www.ambito.com\/tecnologia\/sorpresa-threads-el-twitter-meta-cae-20-usuarios-despues-su-debut-n5771080\" target=\"\" rel=\"noopener\">Sorpresa: Threads, el Twitter de Meta, cae 20% en usuarios despu\u00e9s de su debut<\/a><\/h2>\n<\/article>\n<article class=\"last-news__article\">\n<h2 class=\"last-news__article-title\"><a title=\"\u00e1mbito.com | Vaca Muerta: a 10 a\u00f1os del acuerdo YPF-Chevr\u00f3n, puntapi\u00e9 del no convencional en Argentina\" href=\"https:\/\/www.ambito.com\/energia\/vaca-muerta-10-anos-del-acuerdo-ypf-chevron-puntapie-del-no-convencional-argentina-n5771079\" target=\"\" rel=\"noopener\">Vaca Muerta: a 10 a\u00f1os del acuerdo YPF-Chevr\u00f3n, puntapi\u00e9 del no convencional en Argentina<\/a><\/h2>\n<\/article>\n<article class=\"last-news__article\">\n<h2 class=\"last-news__article-title\"><a title=\"\u00e1mbito.com | Elecciones 2023 en Santa Fe: qu\u00e9 pasa si no voto en estas PASO\" href=\"https:\/\/www.ambito.com\/politica\/elecciones-santa-fe-que-pasa-si-no-voto-n5767120\" target=\"\" rel=\"noopener\">Elecciones 2023 en Santa Fe: qu\u00e9 pasa si no voto en estas PASO<\/a><\/h2>\n<\/article>\n<article class=\"last-news__article\">\n<h2 class=\"last-news__article-title\"><a title=\"\u00e1mbito.com | Ezeiza no es la salida, es una trampa\" href=\"https:\/\/www.ambito.com\/opiniones\/ezeiza-no-es-la-salida-es-una-trampa-n5771051\" target=\"\" rel=\"noopener\">Ezeiza no es la salida, es una trampa<\/a><\/h2>\n<\/article>\n<article class=\"last-news__article\">\n<h2 class=\"last-news__article-title\"><a title=\"\u00e1mbito.com | Veda electoral: qu\u00e9 actividades est\u00e1n prohibidas en Santa Fe\" href=\"https:\/\/www.ambito.com\/politica\/veda-electoral-que-actividades-estan-prohibidas-santa-fe-n5770479\" target=\"\" rel=\"noopener\">Veda electoral: qu\u00e9 actividades est\u00e1n prohibidas en Santa Fe<\/a><\/h2>\n<\/article>\n<\/div>\n<div class=\"banner banner--free-banner\">\n<div class=\"banner__content-wrapper\">\n<div id=\"Not-300x250-01\" class=\"ad-slot-box ad-slot\" data-lazyload=\"0\" data-adzonerun=\"1\" data-google-query-id=\"CJaj29mSkYADFQyFlQIdipQIKg\">\n<div id=\"google_ads_iframe_\/78858960\/Ambito\/Not-300x250-01_0__container__\"><iframe id=\"google_ads_iframe_\/78858960\/Ambito\/Not-300x250-01_0\" tabindex=\"0\" title=\"3rd party ad content\" role=\"region\" name=\"google_ads_iframe_\/78858960\/Ambito\/Not-300x250-01_0\" width=\"301\" height=\"251\" frameborder=\"0\" marginwidth=\"0\" marginheight=\"0\" scrolling=\"no\" aria-label=\"Advertisement\" data-load-complete=\"true\" data-google-container-id=\"4\" data-mce-fragment=\"1\"><\/iframe><\/div>\n<\/div>\n<\/div>\n<\/div>\n<div class=\"top-ranked-news\">\n<header class=\"top-ranked-news__header\"><span class=\"top-ranked-news__obj-title\">Las m\u00e1s le\u00eddas<\/span><\/header>\n<article class=\"top-ranked-news__news-article\">\n<h2 class=\"top-ranked-news__news-article-title\"><a title=\"\u00e1mbito.com | La Aduana secuestr\u00f3 mercader\u00eda ilegal por un valor $55 millones\" href=\"https:\/\/www.ambito.com\/economia\/la-aduana-secuestro-mercaderia-ilegal-un-valor-55-millones-n5770964\" target=\"\" rel=\"noopener\">La Aduana secuestr\u00f3 mercader\u00eda ilegal por un valor $55 millones<\/a><\/h2>\n<\/article>\n<article class=\"top-ranked-news__news-article\">\n<h2 class=\"top-ranked-news__news-article-title\"><a title=\"\u00e1mbito.com | Estas son las 5 funciones nuevas de WhatsApp que pocos conocen\" href=\"https:\/\/www.ambito.com\/tecnologia\/estas-son-las-5-funciones-nuevas-whatsapp-que-pocos-conocen-n5767342\" target=\"\" rel=\"noopener\">Estas son las 5 funciones nuevas de WhatsApp que pocos conocen<\/a><\/h2>\n<\/article>\n<article class=\"top-ranked-news__news-article\">\n<h2 class=\"top-ranked-news__news-article-title\"><a title=\"\u00e1mbito.com | Millones en OnlyFans: \u00bfqui\u00e9nes son y cu\u00e1nto ganan los mejor pagos?\" href=\"https:\/\/www.ambito.com\/tecnologia\/millones-onlyfans-quienes-son-y-cuanto-ganan-los-mejor-pagados-n5770337\" target=\"\" rel=\"noopener\">Millones en OnlyFans: \u00bfqui\u00e9nes son y cu\u00e1nto ganan los mejor pagos?<\/a><\/h2>\n<\/article>\n<article class=\"top-ranked-news__news-article\">\n<h2 class=\"top-ranked-news__news-article-title\"><a title=\"\u00e1mbito.com | Oro y Bitcoin, cerca de m\u00e1ximos anuales: \u00bfcu\u00e1l es el mejor refugio para el mercado?\" href=\"https:\/\/www.ambito.com\/finanzas\/oro-y-bitcoin-cerca-maximos-anuales-cual-es-el-mejor-refugio-el-mercado-n5770521\" target=\"\" rel=\"noopener\">Oro y Bitcoin, cerca de m\u00e1ximos anuales: \u00bfcu\u00e1l es el mejor refugio para el mercado?<\/a><\/h2>\n<\/article>\n<\/div>\n<div class=\"banner banner--free-banner\">\n<div class=\"banner__content-wrapper\">\n<div id=\"Not-300x250-02\" class=\"ad-slot-box ad-slot\" data-lazyload=\"0\" data-adzonerun=\"1\" data-google-query-id=\"CJ3MjO2SkYADFTGzlQIdeywJHg\">\n<div id=\"google_ads_iframe_\/78858960\/Ambito\/Not-300x250-02_0__container__\"><iframe id=\"google_ads_iframe_\/78858960\/Ambito\/Not-300x250-02_0\" tabindex=\"0\" title=\"3rd party ad content\" role=\"region\" name=\"google_ads_iframe_\/78858960\/Ambito\/Not-300x250-02_0\" width=\"300\" height=\"250\" frameborder=\"0\" marginwidth=\"0\" marginheight=\"0\" scrolling=\"no\" aria-label=\"Advertisement\" data-load-complete=\"true\" data-google-container-id=\"7\" data-mce-fragment=\"1\"><\/iframe><\/div>\n<\/div>\n<\/div>\n<\/div>\n<div id=\"my-element-49996\" class=\"market-values-table\" data-mercado-id=\"mercado-49996\" data-url=\"https:\/\/mercados.ambito.com\/\" data-td-script-src=\"https:\/\/www.ambito.com\/js-custom\/239\/v3\/vendor\/jquery\/jquery-3.6.0.min-min-version-1672829481.js,https:\/\/www.ambito.com\/js-custom\/239\/v3\/widget-mercados-min-version-1686164588.js,https:\/\/www.ambito.com\/js-custom\/239\/v3\/x-scroll-min-version-1673893878.js\">\n<header class=\"market-values-table__header\"><span class=\"market-values-table__obj-title\">Mercados<\/span><\/header>\n<nav class=\"market-values-table__nav\">\n<ul class=\"market-values-table__list\">\n<li class=\"market-values-table__list-item\"><label for=\"monedasCheck-49996\">MONEDAS<\/label><\/li>\n<li class=\"market-values-table__list-item\"><label for=\"bolsasCheck-49996\">BOLSAS<\/label><\/li>\n<li class=\"market-values-table__list-item\"><label for=\"commoditiesCheck-49996\">COMMODITIES<\/label><\/li>\n<li class=\"market-values-table__list-item\"><label for=\"cedearsCheck-49996\">CEDEARS<\/label><\/li>\n<\/ul>\n<\/nav>\n<div class=\"market-values-table__values-table-49996\">\n<div class=\"market-values-table__value-row\"><span class=\"market-values-table__value-name\">D\u00f3lar BNA<\/span><span class=\"market-values-table__value\">277,00<\/span><span class=\"market-values-table__value-fluctuation up\">0,18%<\/span><\/div>\n<div class=\"market-values-table__value-row\"><span class=\"market-values-table__value-name\">D\u00f3lar Informal<\/span><span class=\"market-values-table__value\">522,00<\/span><span class=\"market-values-table__value-fluctuation up\">1,95%<\/span><\/div>\n<div class=\"market-values-table__value-row\"><span class=\"market-values-table__value-name\">D\u00f3lar Ahorro<\/span><span class=\"market-values-table__value\">459,48<\/span><span class=\"market-values-table__value-fluctuation up\">0,25%<\/span><\/div>\n<div class=\"market-values-table__value-row\"><span class=\"market-values-table__value-name\">D\u00f3lar Qatar<\/span><span class=\"market-values-table__value\">556,94<\/span><span class=\"market-values-table__value-fluctuation up\">0,25%<\/span><\/div>\n<div class=\"market-values-table__value-row\"><span class=\"market-values-table__value-name\">D\u00f3lar Mep<\/span><span class=\"market-values-table__value\">499,71<\/span><span class=\"market-values-table__value-fluctuation up\">0,20%<\/span><\/div>\n<div class=\"market-values-table__value-row\"><span class=\"market-values-table__value-name\">D\u00f3lar Mayorista<\/span><span class=\"market-values-table__value\">265,05<\/span><span class=\"market-values-table__value-fluctuation up\">0,26%<\/span><\/div>\n<div class=\"market-values-table__value-row\"><span class=\"market-values-table__value-name\">D\u00f3lar Cripto<\/span><span class=\"market-values-table__value\">534,82<\/span><span class=\"market-values-table__value-fluctuation equal\">-0%<\/span><\/div>\n<div class=\"market-values-table__value-row\"><span class=\"market-values-table__value-name\">Euro<\/span><span class=\"market-values-table__value\">308,55<\/span><span class=\"market-values-table__value-fluctuation up\">0,67%<\/span><\/div>\n<div class=\"market-values-table__value-row\"><span class=\"market-values-table__value-name\">Euro Informal<\/span><span class=\"market-values-table__value\">567,00<\/span><span class=\"market-values-table__value-fluctuation up\">1,8%<\/span><\/div>\n<\/div>\n<\/div>\n<div id=\"bannerStickyHeader\" class=\"banner-sticky-header\" data-td-script-src=\"https:\/\/www.ambito.com\/js-custom\/239\/banner-header-sticky-min-version-1585147013.js\">\n<div class=\"banner-wrapper\">\n<div id=\"Not-300x600-02\" class=\"ad-slot-bigbox ad-slot\" data-lazyload=\"0\" data-adzonerun=\"1\" data-google-query-id=\"CMrbmO6SkYADFRSblQIdUZAIvg\"><\/div>\n<\/div>\n<\/div>\n<\/aside>\n<\/article>\n","protected":false},"excerpt":{"rendered":"<p>Los argentinos volver\u00e1n a las urnas este a\u00f1o\u00a0para\u00a0elegir presidente de la Naci\u00f3n, que asumir\u00e1 el pr\u00f3ximo 10 de diciembre. Adem\u00e1s se renovar\u00e1 la mitad del Congreso nacional, y tambi\u00e9n se votar\u00e1n gobernadores, legisladores, y otros cargos provinciales y municipales. La\u00a0C\u00e1mara Nacional Electoral\u00a0anunci\u00f3 que ya est\u00e1 disponible para consultar el\u00a0padr\u00f3n electoral. El padr\u00f3n se podr\u00e1 consultar [&hellip;]<\/p>\n","protected":false},"author":3,"featured_media":101922,"comment_status":"open","ping_status":"open","sticky":false,"template":"","format":"standard","meta":{"footnotes":""},"categories":[7],"tags":[],"class_list":{"0":"post-101921","1":"post","2":"type-post","3":"status-publish","4":"format-standard","5":"has-post-thumbnail","7":"category-nac"},"_links":{"self":[{"href":"https:\/\/primicias2262.com\/noticias\/wp-json\/wp\/v2\/posts\/101921","targetHints":{"allow":["GET"]}}],"collection":[{"href":"https:\/\/primicias2262.com\/noticias\/wp-json\/wp\/v2\/posts"}],"about":[{"href":"https:\/\/primicias2262.com\/noticias\/wp-json\/wp\/v2\/types\/post"}],"author":[{"embeddable":true,"href":"https:\/\/primicias2262.com\/noticias\/wp-json\/wp\/v2\/users\/3"}],"replies":[{"embeddable":true,"href":"https:\/\/primicias2262.com\/noticias\/wp-json\/wp\/v2\/comments?post=101921"}],"version-history":[{"count":1,"href":"https:\/\/primicias2262.com\/noticias\/wp-json\/wp\/v2\/posts\/101921\/revisions"}],"predecessor-version":[{"id":101923,"href":"https:\/\/primicias2262.com\/noticias\/wp-json\/wp\/v2\/posts\/101921\/revisions\/101923"}],"wp:featuredmedia":[{"embeddable":true,"href":"https:\/\/primicias2262.com\/noticias\/wp-json\/wp\/v2\/media\/101922"}],"wp:attachment":[{"href":"https:\/\/primicias2262.com\/noticias\/wp-json\/wp\/v2\/media?parent=101921"}],"wp:term":[{"taxonomy":"category","embeddable":true,"href":"https:\/\/primicias2262.com\/noticias\/wp-json\/wp\/v2\/categories?post=101921"},{"taxonomy":"post_tag","embeddable":true,"href":"https:\/\/primicias2262.com\/noticias\/wp-json\/wp\/v2\/tags?post=101921"}],"curies":[{"name":"wp","href":"https:\/\/api.w.org\/{rel}","templated":true}]}}