{"id":101926,"date":"2023-07-16T13:45:35","date_gmt":"2023-07-16T13:45:35","guid":{"rendered":"https:\/\/primicias2262.com\/noticias\/?p=101926"},"modified":"2023-07-17T16:06:10","modified_gmt":"2023-07-17T16:06:10","slug":"se-ofrecen-avistajes-y-caminatas-guiadas-durante-las-vacaciones-de-invierno","status":"publish","type":"post","link":"https:\/\/primicias2262.com\/noticias\/se-ofrecen-avistajes-y-caminatas-guiadas-durante-las-vacaciones-de-invierno\/","title":{"rendered":"Se ofrecen avistajes y caminatas guiadas durante las vacaciones de invierno"},"content":{"rendered":"<p><strong>La Secretar\u00eda de Turismo y Desarrollo Productivo informa que para las vacaciones de invierno que comienzan este fin de semana, realizar\u00e1 una serie de acciones gratuitas, destinadas tanto a residentes como turistas. Entre ellas se destacan el Ciclo de Avistajes \u201cBuena Vista\u201d y las Caminatas guiadas.<\/strong><\/p>\n<p>En cuanto a los avistajes, es una actividad que se llevar\u00e1 a cabo en sede de la Secretar\u00eda encabezada por Mat\u00edas Sierra, ubicada en avenida 2 y calle 87 <strong>de lunes a viernes, a partir de las 14 horas<\/strong>. Los interesados podr\u00e1n disfrutar de la vista del parador, como as\u00ed tambi\u00e9n realizar observaciones con binoculares, adem\u00e1s de disfrutar de la proyecci\u00f3n de un video sobre la ballena franca austral producido por la Estaci\u00f3n Hidrobiol\u00f3gica y juegos para las infancias.<\/p>\n<p><strong>En tanto para s\u00e1bados y domingos, se organizar\u00e1n las caminatas guiadas \u201cPunto de Encuentro\u201d, a partir de las 13:30 horas<\/strong>. La duraci\u00f3n de la actividad es de 45 minutos a una hora y se informar\u00e1 un d\u00eda antes cu\u00e1l es el punto de salida y circuito (depende del clima). Por este motivo, se solicita que los interesados se informen a trav\u00e9s del whatssap de Turismo: 2262-431153, o de las redes sociales necocheatur.<\/p>\n<p>Estas dos propuestas se suman a la grilla programada para disfrutar de las vacaciones entre las que est\u00e1n las destinadas a las infancias como los espect\u00e1culos y talleres que se llevar\u00e1n a cabo en la carpa ubicada en calle 62 entre 43 y 45, desde las 15 horas; la feria de Productores de alimentos locales y Expoemprendedores en avenida 10 y 93; la Carrera \u201cSendero Parque Miguel Lillo\u201d para corredores de m\u00e1s de 15 a\u00f1os que se realizar\u00e1 el s\u00e1bado 29 de julio. Todo con entrada gratuita, lo que se suma a las propuestas destacadas de prestadores privados como el Corredor Gastron\u00f3mico de Desayunos y Meriendas.<\/p>\n<p>Cabe aclarar que las actividades son organizadas por la Secretar\u00eda de Turismo y Desarrollo Productivo a trav\u00e9s de las \u00e1reas de Cultura, Deportes, Producci\u00f3n y Juventud. Los interesados en consultar toda la grilla, pueden\u00a0 ingresar a\u00a0<a href=\"http:\/\/www.necochea.tur.ar\/\">www.necochea.tur.ar<\/a>.<\/p>\n","protected":false},"excerpt":{"rendered":"<p>La Secretar\u00eda de Turismo y Desarrollo Productivo informa que para las vacaciones de invierno que comienzan este fin de semana, realizar\u00e1 una serie de acciones gratuitas, destinadas tanto a residentes como turistas. Entre ellas se destacan el Ciclo de Avistajes \u201cBuena Vista\u201d y las Caminatas guiadas. En cuanto a los avistajes, es una actividad que [&hellip;]<\/p>\n","protected":false},"author":3,"featured_media":101927,"comment_status":"open","ping_status":"open","sticky":false,"template":"","format":"standard","meta":{"footnotes":""},"categories":[3],"tags":[],"class_list":["post-101926","post","type-post","status-publish","format-standard","has-post-thumbnail","category-masnoticias"],"_links":{"self":[{"href":"https:\/\/primicias2262.com\/noticias\/wp-json\/wp\/v2\/posts\/101926","targetHints":{"allow":["GET"]}}],"collection":[{"href":"https:\/\/primicias2262.com\/noticias\/wp-json\/wp\/v2\/posts"}],"about":[{"href":"https:\/\/primicias2262.com\/noticias\/wp-json\/wp\/v2\/types\/post"}],"author":[{"embeddable":true,"href":"https:\/\/primicias2262.com\/noticias\/wp-json\/wp\/v2\/users\/3"}],"replies":[{"embeddable":true,"href":"https:\/\/primicias2262.com\/noticias\/wp-json\/wp\/v2\/comments?post=101926"}],"version-history":[{"count":1,"href":"https:\/\/primicias2262.com\/noticias\/wp-json\/wp\/v2\/posts\/101926\/revisions"}],"predecessor-version":[{"id":101928,"href":"https:\/\/primicias2262.com\/noticias\/wp-json\/wp\/v2\/posts\/101926\/revisions\/101928"}],"wp:featuredmedia":[{"embeddable":true,"href":"https:\/\/primicias2262.com\/noticias\/wp-json\/wp\/v2\/media\/101927"}],"wp:attachment":[{"href":"https:\/\/primicias2262.com\/noticias\/wp-json\/wp\/v2\/media?parent=101926"}],"wp:term":[{"taxonomy":"category","embeddable":true,"href":"https:\/\/primicias2262.com\/noticias\/wp-json\/wp\/v2\/categories?post=101926"},{"taxonomy":"post_tag","embeddable":true,"href":"https:\/\/primicias2262.com\/noticias\/wp-json\/wp\/v2\/tags?post=101926"}],"curies":[{"name":"wp","href":"https:\/\/api.w.org\/{rel}","templated":true}]}}