{"id":101929,"date":"2023-07-16T13:54:42","date_gmt":"2023-07-16T13:54:42","guid":{"rendered":"https:\/\/primicias2262.com\/noticias\/?p=101929"},"modified":"2023-07-17T16:10:58","modified_gmt":"2023-07-17T16:10:58","slug":"esta-semana-colocaran-gratuitamente-implantes-anticonceptivos-de-larga-duracion","status":"publish","type":"post","link":"https:\/\/primicias2262.com\/noticias\/esta-semana-colocaran-gratuitamente-implantes-anticonceptivos-de-larga-duracion\/","title":{"rendered":"Esta semana colocar\u00e1n gratuitamente implantes anticonceptivos de larga duraci\u00f3n"},"content":{"rendered":"<p>En el marco de garantizar el acceso a Derechos Sexuales, Salud Comunitaria y el Programa de Salud Sexual y (no) Reproductiva de la Regi\u00f3n Sanitaria VIII, junto al Servicio de \u00c1rea Program\u00e1tica y Redes en Salud (SAPS) del Hospital \u201cDr. Domingo Taraborelli\u201d, Promotores de Salud y la Direcci\u00f3n de Atenci\u00f3n Primaria del Municipio de Necochea, <strong>los pr\u00f3ximos 19, 20 y 21 de julio<\/strong> se estar\u00e1 realizando una campa\u00f1a de acceso a la \u201cColocaci\u00f3n de M\u00e9todo Anticonceptivo de Larga Duraci\u00f3n\u201d.<\/p>\n<p>El Implante Subd\u00e9rmico, o err\u00f3neamente denominado chip, es un m\u00e9todo anticonceptivo hormonal especialmente dirigido a adolescentes entre los 15 y los 19 a\u00f1os, compuesto por una varilla de tama\u00f1o peque\u00f1o que se coloca debajo de la piel del brazo de la mujer, ofreciendo protecci\u00f3n anticonceptiva durante hasta m\u00e1s de 3 a\u00f1os. Una vez agotada su efectividad el m\u00e9dico debe retirar el implante.<\/p>\n<p>Mediante un trabajo colectivo y en red de los organismos mencionados, el ciclo tendr\u00e1 desarrollo a lo largo de 3 jornadas consecutivos y en diferentes efectores de salud de Necochea y Quequ\u00e9n.<\/p>\n<p><strong>El mi\u00e9rcoles 19 de julio, en el horario de 10 a 17, el accionar tendr\u00e1 lugar en el Hospital Modular, en Avenida 59 entre 100 y 100 bis. Luego, en la ma\u00f1ana del jueves 20, se llevar\u00e1 a cabo en el CAPS Estaci\u00f3n Quequ\u00e9n, en Avenida 578 N\u00ba 3067, entre las 9 y las 13. En igual horario, el viernes 21, el operativo llegar\u00e1 al nuevo CAPS \u201cFucile\u201d, en calle 71 entre 4 y 6.<\/strong><\/p>\n<p>Desde la organizaci\u00f3n destacaron que el acceso al programa es libre y gratuito para todas las personas con capacidad de gestar y en edad reproductiva que quieran utilizar un m\u00e9todo anticonceptivo de larga duraci\u00f3n.<\/p>\n<p><a href=\"https:\/\/primicias2262.com\/noticias\/wp-content\/uploads\/2023\/07\/PLACA-Jornada-colectiva-de-acceso-a-la-Salud-Sexual.jpeg\"><img loading=\"lazy\" decoding=\"async\" class=\"aligncenter size-full wp-image-101931\" src=\"https:\/\/primicias2262.com\/noticias\/wp-content\/uploads\/2023\/07\/PLACA-Jornada-colectiva-de-acceso-a-la-Salud-Sexual.jpeg\" alt=\"\" width=\"1080\" height=\"1080\" srcset=\"https:\/\/primicias2262.com\/noticias\/wp-content\/uploads\/2023\/07\/PLACA-Jornada-colectiva-de-acceso-a-la-Salud-Sexual.jpeg 1080w, https:\/\/primicias2262.com\/noticias\/wp-content\/uploads\/2023\/07\/PLACA-Jornada-colectiva-de-acceso-a-la-Salud-Sexual-300x300.jpeg 300w, https:\/\/primicias2262.com\/noticias\/wp-content\/uploads\/2023\/07\/PLACA-Jornada-colectiva-de-acceso-a-la-Salud-Sexual-1024x1024.jpeg 1024w, https:\/\/primicias2262.com\/noticias\/wp-content\/uploads\/2023\/07\/PLACA-Jornada-colectiva-de-acceso-a-la-Salud-Sexual-150x150.jpeg 150w, https:\/\/primicias2262.com\/noticias\/wp-content\/uploads\/2023\/07\/PLACA-Jornada-colectiva-de-acceso-a-la-Salud-Sexual-768x768.jpeg 768w, https:\/\/primicias2262.com\/noticias\/wp-content\/uploads\/2023\/07\/PLACA-Jornada-colectiva-de-acceso-a-la-Salud-Sexual-696x696.jpeg 696w, https:\/\/primicias2262.com\/noticias\/wp-content\/uploads\/2023\/07\/PLACA-Jornada-colectiva-de-acceso-a-la-Salud-Sexual-1068x1068.jpeg 1068w\" sizes=\"auto, (max-width: 1080px) 100vw, 1080px\" \/><\/a><\/p>\n","protected":false},"excerpt":{"rendered":"<p>En el marco de garantizar el acceso a Derechos Sexuales, Salud Comunitaria y el Programa de Salud Sexual y (no) Reproductiva de la Regi\u00f3n Sanitaria VIII, junto al Servicio de \u00c1rea Program\u00e1tica y Redes en Salud (SAPS) del Hospital \u201cDr. Domingo Taraborelli\u201d, Promotores de Salud y la Direcci\u00f3n de Atenci\u00f3n Primaria del Municipio de Necochea, [&hellip;]<\/p>\n","protected":false},"author":3,"featured_media":101930,"comment_status":"open","ping_status":"open","sticky":false,"template":"","format":"standard","meta":{"footnotes":""},"categories":[3],"tags":[],"class_list":["post-101929","post","type-post","status-publish","format-standard","has-post-thumbnail","category-masnoticias"],"_links":{"self":[{"href":"https:\/\/primicias2262.com\/noticias\/wp-json\/wp\/v2\/posts\/101929","targetHints":{"allow":["GET"]}}],"collection":[{"href":"https:\/\/primicias2262.com\/noticias\/wp-json\/wp\/v2\/posts"}],"about":[{"href":"https:\/\/primicias2262.com\/noticias\/wp-json\/wp\/v2\/types\/post"}],"author":[{"embeddable":true,"href":"https:\/\/primicias2262.com\/noticias\/wp-json\/wp\/v2\/users\/3"}],"replies":[{"embeddable":true,"href":"https:\/\/primicias2262.com\/noticias\/wp-json\/wp\/v2\/comments?post=101929"}],"version-history":[{"count":1,"href":"https:\/\/primicias2262.com\/noticias\/wp-json\/wp\/v2\/posts\/101929\/revisions"}],"predecessor-version":[{"id":101932,"href":"https:\/\/primicias2262.com\/noticias\/wp-json\/wp\/v2\/posts\/101929\/revisions\/101932"}],"wp:featuredmedia":[{"embeddable":true,"href":"https:\/\/primicias2262.com\/noticias\/wp-json\/wp\/v2\/media\/101930"}],"wp:attachment":[{"href":"https:\/\/primicias2262.com\/noticias\/wp-json\/wp\/v2\/media?parent=101929"}],"wp:term":[{"taxonomy":"category","embeddable":true,"href":"https:\/\/primicias2262.com\/noticias\/wp-json\/wp\/v2\/categories?post=101929"},{"taxonomy":"post_tag","embeddable":true,"href":"https:\/\/primicias2262.com\/noticias\/wp-json\/wp\/v2\/tags?post=101929"}],"curies":[{"name":"wp","href":"https:\/\/api.w.org\/{rel}","templated":true}]}}