{"id":101933,"date":"2023-07-16T22:05:32","date_gmt":"2023-07-16T22:05:32","guid":{"rendered":"https:\/\/primicias2262.com\/noticias\/?p=101933"},"modified":"2023-07-17T16:43:51","modified_gmt":"2023-07-17T16:43:51","slug":"buscan-a-un-marinero-necochense-que-cayo-al-agua-en-chubut","status":"publish","type":"post","link":"https:\/\/primicias2262.com\/noticias\/buscan-a-un-marinero-necochense-que-cayo-al-agua-en-chubut\/","title":{"rendered":"Buscan a un marinero necochense que cay\u00f3 al agua en Chubut"},"content":{"rendered":"<p><strong>Se trata de Jos\u00e9 Gabriel Ferreyra, quien desapareciera en horas del s\u00e1bado y cuya familia pide a la Armada y Prefectura que no detenga su b\u00fasqueda.<\/strong><\/p>\n<p>El diario digital El Litoral report\u00f3 que \u00abel tripulante de un buque desapareci\u00f3 tras caer al agua, cuando navegaban a la altura de la ciudad de Puerto Madryn, en Chubut. Un avi\u00f3n, un helic\u00f3ptero y un guardacostas de la Prefectura Naval Argentina lo buscan intensamente desde el s\u00e1bado\u00bb. <strong>Se trata precisamente del necochense Jos\u00e9 Ferreyra.<\/strong><\/p>\n<p>Por ello, su familia se expres\u00f3 as\u00ed este domingo: \u00ab<strong>La Familia de Gabriel Ferreyra,\u00a0 pedimos a la Armada y a Prefectura que se mantenga la b\u00fasqueda de Gabriel\u00a0 \u201dPepe\u201d Ferreyra,\u00a0 marinero oriundo de Necochea, que cay\u00f3 al agua, el 15 de julio, del barco pesquero Nuevo Viento, mientras realizaba su labor en la zafra de langostinos.<\/strong><\/p>\n<p><strong>Pensar que se pueda detener la b\u00fasqueda de Gabriel nos crea incertidumbre y dolor a su familia, sus compa\u00f1eros y toda la comunidad pesquera. Adem\u00e1s, creemos que por parte de las autoridades\u00a0 tienen la obligaci\u00f3n de garantizar la protecci\u00f3n y el rescate de los n\u00e1ufragos.<\/strong><\/p>\n<p><strong>Por todo ello, les solicitamos que se mantenga la b\u00fasqueda de Gabriel Pepe Ferreyra, con todos los medios y recursos disponibles, hasta agotar todas las posibilidades de encontrarlo.<\/strong><\/p>\n<p><strong>Asimismo, les pedimos que se investiguen las causas del accidente y se tomen las medidas necesarias. Llamativamente, en marzo del 2020, desapareci\u00f3 un tripulante de la misma embarcaci\u00f3n, un jefe de m\u00e1quina de 38 a\u00f1os, al sur de Necochea\u00bb.<\/strong><\/p>\n","protected":false},"excerpt":{"rendered":"<p>Se trata de Jos\u00e9 Gabriel Ferreyra, quien desapareciera en horas del s\u00e1bado y cuya familia pide a la Armada y Prefectura que no detenga su b\u00fasqueda. El diario digital El Litoral report\u00f3 que \u00abel tripulante de un buque desapareci\u00f3 tras caer al agua, cuando navegaban a la altura de la ciudad de Puerto Madryn, en [&hellip;]<\/p>\n","protected":false},"author":3,"featured_media":101934,"comment_status":"open","ping_status":"open","sticky":false,"template":"","format":"standard","meta":{"footnotes":""},"categories":[3],"tags":[],"class_list":["post-101933","post","type-post","status-publish","format-standard","has-post-thumbnail","category-masnoticias"],"_links":{"self":[{"href":"https:\/\/primicias2262.com\/noticias\/wp-json\/wp\/v2\/posts\/101933","targetHints":{"allow":["GET"]}}],"collection":[{"href":"https:\/\/primicias2262.com\/noticias\/wp-json\/wp\/v2\/posts"}],"about":[{"href":"https:\/\/primicias2262.com\/noticias\/wp-json\/wp\/v2\/types\/post"}],"author":[{"embeddable":true,"href":"https:\/\/primicias2262.com\/noticias\/wp-json\/wp\/v2\/users\/3"}],"replies":[{"embeddable":true,"href":"https:\/\/primicias2262.com\/noticias\/wp-json\/wp\/v2\/comments?post=101933"}],"version-history":[{"count":4,"href":"https:\/\/primicias2262.com\/noticias\/wp-json\/wp\/v2\/posts\/101933\/revisions"}],"predecessor-version":[{"id":101969,"href":"https:\/\/primicias2262.com\/noticias\/wp-json\/wp\/v2\/posts\/101933\/revisions\/101969"}],"wp:featuredmedia":[{"embeddable":true,"href":"https:\/\/primicias2262.com\/noticias\/wp-json\/wp\/v2\/media\/101934"}],"wp:attachment":[{"href":"https:\/\/primicias2262.com\/noticias\/wp-json\/wp\/v2\/media?parent=101933"}],"wp:term":[{"taxonomy":"category","embeddable":true,"href":"https:\/\/primicias2262.com\/noticias\/wp-json\/wp\/v2\/categories?post=101933"},{"taxonomy":"post_tag","embeddable":true,"href":"https:\/\/primicias2262.com\/noticias\/wp-json\/wp\/v2\/tags?post=101933"}],"curies":[{"name":"wp","href":"https:\/\/api.w.org\/{rel}","templated":true}]}}