{"id":101951,"date":"2023-07-17T16:10:47","date_gmt":"2023-07-17T16:10:47","guid":{"rendered":"https:\/\/primicias2262.com\/noticias\/?p=101951"},"modified":"2023-07-18T16:41:51","modified_gmt":"2023-07-18T16:41:51","slug":"la-gente-vio-que-este-intendente-puso-la-ciudad-en-marcha-y-no-quiere-volver-atras-ni-detenerse","status":"publish","type":"post","link":"https:\/\/primicias2262.com\/noticias\/la-gente-vio-que-este-intendente-puso-la-ciudad-en-marcha-y-no-quiere-volver-atras-ni-detenerse\/","title":{"rendered":"\u201cLa gente vio que este intendente puso la ciudad en marcha y no quiere volver atr\u00e1s ni detenerse\u201d"},"content":{"rendered":"<p><strong>As\u00ed lo afirm\u00f3 en \u201cVoces de la Ciudad\u201d el actual delegado municipal de Quequ\u00e9n y precandidato a concejal por Nueva Necochea, Mario Wilgenhoff, durante la nota realizada por el periodista Jorge G\u00f3mez, en la cual argument\u00f3 por qu\u00e9 las chances de reelecci\u00f3n de Arturo Rojas son altas.<\/strong><\/p>\n<p>Primeramente, Wilgenhoff rememor\u00f3 el porqu\u00e9 de su llegada\u00a0 Nueva Necochea, cuando en 2019 hab\u00eda formado parte de una lista adversaria. \u201cCuando a\u00fan estaba en la Usina ve\u00eda que Necochea estaba cambiando\u2026 conozco hasta el \u00faltimo rinc\u00f3n de Necochea y Quequ\u00e9n por mi anterior trabajo y un d\u00eda vi que la ciudad empez\u00f3 a cambiar en un mont\u00f3n de cosas, las calles de tierra mejoraron mucho, y sin ser de Nueva Necochea y habiendo estado en otra lista, vi que hab\u00eda un cambio y que este intendente ten\u00eda muy buenas intenciones, as\u00ed que cuando me lleg\u00f3 la propuesta lo analic\u00e9 y me sum\u00e9\u201d, describi\u00f3.<\/p>\n<p>A la hora de definir a Rojas, el delegado de Quequ\u00e9n y dirigente de Ministerio sintetiz\u00f3 que \u201cest\u00e1 muy capacitado pero no deja de ser un vecino m\u00e1s y as\u00ed lo transmite, sale con nosotros a repartir folletos y se encuentra con la gente. Es un tipo que est\u00e1 preparado y da la cara, no le escapa a la cr\u00edtica y no promete nada que no vaya a cumplir. Creo que est\u00e1 en el camino correcto y en general, este espacio quiere un distrito mejor, y desde mi lugar aportar\u00e9 un granito de arena para que sea un distrito elegido para vivir\u201d.<\/p>\n<p><a href=\"https:\/\/primicias2262.com\/noticias\/wp-content\/uploads\/2023\/07\/wilgenhoff.jpg\"><img loading=\"lazy\" decoding=\"async\" class=\"aligncenter size-full wp-image-101957\" src=\"https:\/\/primicias2262.com\/noticias\/wp-content\/uploads\/2023\/07\/wilgenhoff.jpg\" alt=\"\" width=\"1600\" height=\"1066\" srcset=\"https:\/\/primicias2262.com\/noticias\/wp-content\/uploads\/2023\/07\/wilgenhoff.jpg 1600w, https:\/\/primicias2262.com\/noticias\/wp-content\/uploads\/2023\/07\/wilgenhoff-300x200.jpg 300w, https:\/\/primicias2262.com\/noticias\/wp-content\/uploads\/2023\/07\/wilgenhoff-1024x682.jpg 1024w, https:\/\/primicias2262.com\/noticias\/wp-content\/uploads\/2023\/07\/wilgenhoff-768x512.jpg 768w, https:\/\/primicias2262.com\/noticias\/wp-content\/uploads\/2023\/07\/wilgenhoff-1536x1023.jpg 1536w, https:\/\/primicias2262.com\/noticias\/wp-content\/uploads\/2023\/07\/wilgenhoff-150x100.jpg 150w, https:\/\/primicias2262.com\/noticias\/wp-content\/uploads\/2023\/07\/wilgenhoff-696x464.jpg 696w, https:\/\/primicias2262.com\/noticias\/wp-content\/uploads\/2023\/07\/wilgenhoff-1068x712.jpg 1068w\" sizes=\"auto, (max-width: 1600px) 100vw, 1600px\" \/><\/a>Fue all\u00ed cuando valor\u00f3 la importante plataforma con que cuenta el oficialismo local de cara a las PASO de agosto y las generales de octubre: \u201cHay muy buena recepci\u00f3n de los vecinos cuando llevamos los folletos en l\u00edneas generales, creo que las posibilidades de reelecci\u00f3n son altas porque la gente vio que este intendente puso la ciudad en marcha y no quiere volver atr\u00e1s ni detenerse, y por eso creo que va a estar ese voto de confianza\u201d.<\/p>\n<p>Finalmente, dedic\u00f3 un par de p\u00e1rrafos a Quequ\u00e9n, asegurando que \u201cel olvido que ha tenido Quequ\u00e9n durante 40 a\u00f1os no lo podemos resolver en 4 u 8 a\u00f1os, pero s\u00ed se puede mejorar, estar presente y dar respuesta, y de hecho se han realizado obras importantes que quedan bajo tierra y que son fundamentales para la salud de la gente\u201d.<\/p>\n<p>Incluso, se\u00f1al\u00f3 para concluir que \u201cen este momento en Quequ\u00e9n hay inversiones muy importantes en marcha del privado, y esa confianza la genera el Intendente, la gente viene a hacer grandes inversiones porque ve que el sector p\u00fablico est\u00e1 acompa\u00f1ando\u201d.<\/p>\n","protected":false},"excerpt":{"rendered":"<p>As\u00ed lo afirm\u00f3 en \u201cVoces de la Ciudad\u201d el actual delegado municipal de Quequ\u00e9n y precandidato a concejal por Nueva Necochea, Mario Wilgenhoff, durante la nota realizada por el periodista Jorge G\u00f3mez, en la cual argument\u00f3 por qu\u00e9 las chances de reelecci\u00f3n de Arturo Rojas son altas. Primeramente, Wilgenhoff rememor\u00f3 el porqu\u00e9 de su llegada\u00a0 [&hellip;]<\/p>\n","protected":false},"author":3,"featured_media":101954,"comment_status":"open","ping_status":"open","sticky":false,"template":"","format":"standard","meta":{"footnotes":""},"categories":[3],"tags":[],"class_list":["post-101951","post","type-post","status-publish","format-standard","has-post-thumbnail","category-masnoticias"],"_links":{"self":[{"href":"https:\/\/primicias2262.com\/noticias\/wp-json\/wp\/v2\/posts\/101951","targetHints":{"allow":["GET"]}}],"collection":[{"href":"https:\/\/primicias2262.com\/noticias\/wp-json\/wp\/v2\/posts"}],"about":[{"href":"https:\/\/primicias2262.com\/noticias\/wp-json\/wp\/v2\/types\/post"}],"author":[{"embeddable":true,"href":"https:\/\/primicias2262.com\/noticias\/wp-json\/wp\/v2\/users\/3"}],"replies":[{"embeddable":true,"href":"https:\/\/primicias2262.com\/noticias\/wp-json\/wp\/v2\/comments?post=101951"}],"version-history":[{"count":3,"href":"https:\/\/primicias2262.com\/noticias\/wp-json\/wp\/v2\/posts\/101951\/revisions"}],"predecessor-version":[{"id":101956,"href":"https:\/\/primicias2262.com\/noticias\/wp-json\/wp\/v2\/posts\/101951\/revisions\/101956"}],"wp:featuredmedia":[{"embeddable":true,"href":"https:\/\/primicias2262.com\/noticias\/wp-json\/wp\/v2\/media\/101954"}],"wp:attachment":[{"href":"https:\/\/primicias2262.com\/noticias\/wp-json\/wp\/v2\/media?parent=101951"}],"wp:term":[{"taxonomy":"category","embeddable":true,"href":"https:\/\/primicias2262.com\/noticias\/wp-json\/wp\/v2\/categories?post=101951"},{"taxonomy":"post_tag","embeddable":true,"href":"https:\/\/primicias2262.com\/noticias\/wp-json\/wp\/v2\/tags?post=101951"}],"curies":[{"name":"wp","href":"https:\/\/api.w.org\/{rel}","templated":true}]}}