{"id":101952,"date":"2023-07-17T16:05:56","date_gmt":"2023-07-17T16:05:56","guid":{"rendered":"https:\/\/primicias2262.com\/noticias\/?p=101952"},"modified":"2023-07-18T13:23:35","modified_gmt":"2023-07-18T13:23:35","slug":"una-empresa-se-presento-a-la-licitacion-para-el-arreglo-parcial-del-puente-rocha","status":"publish","type":"post","link":"https:\/\/primicias2262.com\/noticias\/una-empresa-se-presento-a-la-licitacion-para-el-arreglo-parcial-del-puente-rocha\/","title":{"rendered":"Una empresa se present\u00f3 a la licitaci\u00f3n para el arreglo parcial del Puente Rocha"},"content":{"rendered":"<p><strong>Por Jorge G\u00f3mez<\/strong><\/p>\n<p>Una sola empresa, PF Construcciones Sociedad An\u00f3mina, se present\u00f3 este lunes 17 de julio ante la convocatoria realizada por Vialidad de la Provincia de Buenos Aires y por ende particip\u00f3 del acto de licitaci\u00f3n para la realizaci\u00f3n de la obra denominada \u00abRehabilitaci\u00f3n Puente Dardo Rocha en Jurisdicci\u00f3n del Partido de Necochea\u00bb.<\/p>\n<p>La apertura de la oferta se llev\u00f3 a cabo en la sede de la Direcci\u00f3n de Vialidad bonaerense, en la ciudad de La Plata, con la particularidad de que sobre un presupuesto oficial de 360.196.487,67 pesos, aquella empresa cotiz\u00f3 la tarea en 890.890.160,50 pesos, o sea, casi un 147% por encima de lo que prev\u00e9 invertir DVBA en este emprendimiento.<\/p>\n<p>El plan de obras prev\u00e9 el mejoramiento, ente otras labores, del sector conocido como \u00abmet\u00e1lico\u00bb -veredas laterales- de uno de los tres puentes que unen a las ciudades de Necochea y Quequ\u00e9n.<\/p>\n<p>El planteo de la firma PF qued\u00f3 a resultas de la instituci\u00f3n provincial.<\/p>\n<p><a href=\"https:\/\/primicias2262.com\/noticias\/wp-content\/uploads\/2023\/07\/WhatsApp-Image-2023-07-17-at-12.22.05-PM.jpeg\"><img loading=\"lazy\" decoding=\"async\" class=\"aligncenter size-full wp-image-101959\" src=\"https:\/\/primicias2262.com\/noticias\/wp-content\/uploads\/2023\/07\/WhatsApp-Image-2023-07-17-at-12.22.05-PM.jpeg\" alt=\"\" width=\"1004\" height=\"1600\" srcset=\"https:\/\/primicias2262.com\/noticias\/wp-content\/uploads\/2023\/07\/WhatsApp-Image-2023-07-17-at-12.22.05-PM.jpeg 1004w, https:\/\/primicias2262.com\/noticias\/wp-content\/uploads\/2023\/07\/WhatsApp-Image-2023-07-17-at-12.22.05-PM-188x300.jpeg 188w, https:\/\/primicias2262.com\/noticias\/wp-content\/uploads\/2023\/07\/WhatsApp-Image-2023-07-17-at-12.22.05-PM-643x1024.jpeg 643w, https:\/\/primicias2262.com\/noticias\/wp-content\/uploads\/2023\/07\/WhatsApp-Image-2023-07-17-at-12.22.05-PM-768x1224.jpeg 768w, https:\/\/primicias2262.com\/noticias\/wp-content\/uploads\/2023\/07\/WhatsApp-Image-2023-07-17-at-12.22.05-PM-964x1536.jpeg 964w, https:\/\/primicias2262.com\/noticias\/wp-content\/uploads\/2023\/07\/WhatsApp-Image-2023-07-17-at-12.22.05-PM-150x239.jpeg 150w, https:\/\/primicias2262.com\/noticias\/wp-content\/uploads\/2023\/07\/WhatsApp-Image-2023-07-17-at-12.22.05-PM-300x478.jpeg 300w, https:\/\/primicias2262.com\/noticias\/wp-content\/uploads\/2023\/07\/WhatsApp-Image-2023-07-17-at-12.22.05-PM-696x1109.jpeg 696w\" sizes=\"auto, (max-width: 1004px) 100vw, 1004px\" \/><\/a><\/p>\n","protected":false},"excerpt":{"rendered":"<p>Por Jorge G\u00f3mez Una sola empresa, PF Construcciones Sociedad An\u00f3mina, se present\u00f3 este lunes 17 de julio ante la convocatoria realizada por Vialidad de la Provincia de Buenos Aires y por ende particip\u00f3 del acto de licitaci\u00f3n para la realizaci\u00f3n de la obra denominada \u00abRehabilitaci\u00f3n Puente Dardo Rocha en Jurisdicci\u00f3n del Partido de Necochea\u00bb. La [&hellip;]<\/p>\n","protected":false},"author":3,"featured_media":101451,"comment_status":"open","ping_status":"open","sticky":false,"template":"","format":"standard","meta":{"footnotes":""},"categories":[3],"tags":[],"class_list":["post-101952","post","type-post","status-publish","format-standard","has-post-thumbnail","category-masnoticias"],"_links":{"self":[{"href":"https:\/\/primicias2262.com\/noticias\/wp-json\/wp\/v2\/posts\/101952","targetHints":{"allow":["GET"]}}],"collection":[{"href":"https:\/\/primicias2262.com\/noticias\/wp-json\/wp\/v2\/posts"}],"about":[{"href":"https:\/\/primicias2262.com\/noticias\/wp-json\/wp\/v2\/types\/post"}],"author":[{"embeddable":true,"href":"https:\/\/primicias2262.com\/noticias\/wp-json\/wp\/v2\/users\/3"}],"replies":[{"embeddable":true,"href":"https:\/\/primicias2262.com\/noticias\/wp-json\/wp\/v2\/comments?post=101952"}],"version-history":[{"count":3,"href":"https:\/\/primicias2262.com\/noticias\/wp-json\/wp\/v2\/posts\/101952\/revisions"}],"predecessor-version":[{"id":102002,"href":"https:\/\/primicias2262.com\/noticias\/wp-json\/wp\/v2\/posts\/101952\/revisions\/102002"}],"wp:featuredmedia":[{"embeddable":true,"href":"https:\/\/primicias2262.com\/noticias\/wp-json\/wp\/v2\/media\/101451"}],"wp:attachment":[{"href":"https:\/\/primicias2262.com\/noticias\/wp-json\/wp\/v2\/media?parent=101952"}],"wp:term":[{"taxonomy":"category","embeddable":true,"href":"https:\/\/primicias2262.com\/noticias\/wp-json\/wp\/v2\/categories?post=101952"},{"taxonomy":"post_tag","embeddable":true,"href":"https:\/\/primicias2262.com\/noticias\/wp-json\/wp\/v2\/tags?post=101952"}],"curies":[{"name":"wp","href":"https:\/\/api.w.org\/{rel}","templated":true}]}}