{"id":101964,"date":"2023-07-17T16:42:46","date_gmt":"2023-07-17T16:42:46","guid":{"rendered":"https:\/\/primicias2262.com\/noticias\/?p=101964"},"modified":"2023-07-18T17:15:00","modified_gmt":"2023-07-18T17:15:00","slug":"lo-que-se-siente-en-necochea-es-que-los-vecinos-siguen-queriendo-cambios","status":"publish","type":"post","link":"https:\/\/primicias2262.com\/noticias\/lo-que-se-siente-en-necochea-es-que-los-vecinos-siguen-queriendo-cambios\/","title":{"rendered":"\u201cLo que se siente en Necochea es que los vecinos siguen queriendo cambios\u201d"},"content":{"rendered":"<p><strong>Silvina Ben\u00edtez, docente y otrora funcionaria del gobierno radical de Daniel Molina, pas\u00f3 por los estudios de \u201cVoces de la Ciudad\u201d y cont\u00f3 por qu\u00e9 vuelve a la pol\u00edtica activa, esta vez de la mano de la precandidatura a intendente de Dami\u00e1n Unibaso.<\/strong><\/p>\n<p>Quien fuera concejal y consejera escolar dialog\u00f3 con el periodista Jorge G\u00f3mez y destac\u00f3 que \u201chace a\u00f1os que me retir\u00e9 de la pol\u00edtica activa, as\u00ed que ahora estoy retomando la militancia que es lo m\u00e1s importante de un pol\u00edtico y trabajando en pos de la Uni\u00f3n C\u00edvica Radical, acompa\u00f1ando a este equipo que conformamos para la precandidatura de Dami\u00e1n Unibaso a intendente\u201d.<\/p>\n<p>Seguidamente revel\u00f3 que \u201ccon mucha alegr\u00eda estoy acompa\u00f1ando a Dami\u00e1n y al equipo, recorriendo los barrios y escuchando a nuestros vecinos, algo que yo vengo haciendo hace mucho tiempo, es algo que te reconforta bastante y lo que se siente es que en Necochea, m\u00e1s all\u00e1 de las condiciones actuales, los vecinos siguen queriendo cambios\u201d.<\/p>\n<p>Por ejemplo, \u201cen Quequ\u00e9n necesitan peque\u00f1as cosas que con ganas uno puede brind\u00e1rselas\u201d, asegur\u00f3, para detallar que \u201cestamos recorriendo Quequ\u00e9n y el vecino pide cosas sencillas, como que se haga una limpieza en las calles principales, que se poden los \u00e1rboles y poder generar un corredor comercial en la Av. 519, y d\u00e1rsenas para que los veh\u00edculos paren cuando pasa, por esa calle; m\u00e1s iluminaci\u00f3n para mayor seguridad y arreglar las calles de tierra\u2026 entendemos que dentro de las propuestas para mejorar la calidad de vida de los vecinos hay cosas sencillas que podemos hacer y esas son las que nosotros nos vamos a comprometer a realizar\u201d.<\/p>\n<p>En cuanto a educaci\u00f3n, la especialidad de Silvina Ben\u00edtez, proyect\u00f3 que \u201cnosotros vamos a proponer un Consejo Escolar m\u00e1s abierto, que recorra las escuelas y los diferentes lugares, y que sea un nexo ante el gobierno provincial para hacer los reclamos que sean necesarios; y a su vez jerarquizar el rol del consejero escolar, que por estos tiempos se ha transformado en un administrador de fondos, y lo que nosotros queremos es jerarquizarlo\u201d.<\/p>\n<p>\u201cHay obras que est\u00e1n sin terminar y si nosotros si llegamos al gobierno vamos a ser fieles custodios de la educaci\u00f3n a trav\u00e9s de lo que es la infraestructura en el distrito\u201d, aport\u00f3 en ese aspecto.<\/p>\n<p>Finalmente, analiz\u00f3 puertas adentro del hist\u00f3rico partido fundado por Leandro Alem que \u201cme parece interesante el cambio de climas y personalidades en la Uni\u00f3n C\u00edvica Radical local, y en esta oportunidad me pareci\u00f3 interesante acompa\u00f1ar a una persona joven y nueva en el partido (por Dami\u00e1n Unibaso) y que va acompa\u00f1ada de experiencia, porque adem\u00e1s de la juventud estamos los que hemos acompa\u00f1ado a Daniel Molina y tenemos la experiencia de gesti\u00f3n, como Carola Bertoldi, Diego Cers\u00f3simo y muchos m\u00e1s que estuvimos\u201d.<\/p>\n<p>\u201cHay conocimiento de la cosa p\u00fablica y mucho trabajo con los vecinos, lo cual queremos profundizar, ya que es importante que nosotros estemos con los vecinos en los barrios, en merenderos y asociaciones vecinales para conocer sus problem\u00e1ticas\u201d, concluy\u00f3.<\/p>\n","protected":false},"excerpt":{"rendered":"<p>Silvina Ben\u00edtez, docente y otrora funcionaria del gobierno radical de Daniel Molina, pas\u00f3 por los estudios de \u201cVoces de la Ciudad\u201d y cont\u00f3 por qu\u00e9 vuelve a la pol\u00edtica activa, esta vez de la mano de la precandidatura a intendente de Dami\u00e1n Unibaso. Quien fuera concejal y consejera escolar dialog\u00f3 con el periodista Jorge G\u00f3mez [&hellip;]<\/p>\n","protected":false},"author":3,"featured_media":101966,"comment_status":"open","ping_status":"open","sticky":false,"template":"","format":"standard","meta":{"footnotes":""},"categories":[3],"tags":[],"class_list":["post-101964","post","type-post","status-publish","format-standard","has-post-thumbnail","category-masnoticias"],"_links":{"self":[{"href":"https:\/\/primicias2262.com\/noticias\/wp-json\/wp\/v2\/posts\/101964","targetHints":{"allow":["GET"]}}],"collection":[{"href":"https:\/\/primicias2262.com\/noticias\/wp-json\/wp\/v2\/posts"}],"about":[{"href":"https:\/\/primicias2262.com\/noticias\/wp-json\/wp\/v2\/types\/post"}],"author":[{"embeddable":true,"href":"https:\/\/primicias2262.com\/noticias\/wp-json\/wp\/v2\/users\/3"}],"replies":[{"embeddable":true,"href":"https:\/\/primicias2262.com\/noticias\/wp-json\/wp\/v2\/comments?post=101964"}],"version-history":[{"count":2,"href":"https:\/\/primicias2262.com\/noticias\/wp-json\/wp\/v2\/posts\/101964\/revisions"}],"predecessor-version":[{"id":102017,"href":"https:\/\/primicias2262.com\/noticias\/wp-json\/wp\/v2\/posts\/101964\/revisions\/102017"}],"wp:featuredmedia":[{"embeddable":true,"href":"https:\/\/primicias2262.com\/noticias\/wp-json\/wp\/v2\/media\/101966"}],"wp:attachment":[{"href":"https:\/\/primicias2262.com\/noticias\/wp-json\/wp\/v2\/media?parent=101964"}],"wp:term":[{"taxonomy":"category","embeddable":true,"href":"https:\/\/primicias2262.com\/noticias\/wp-json\/wp\/v2\/categories?post=101964"},{"taxonomy":"post_tag","embeddable":true,"href":"https:\/\/primicias2262.com\/noticias\/wp-json\/wp\/v2\/tags?post=101964"}],"curies":[{"name":"wp","href":"https:\/\/api.w.org\/{rel}","templated":true}]}}