{"id":101974,"date":"2023-07-18T11:39:08","date_gmt":"2023-07-18T11:39:08","guid":{"rendered":"https:\/\/primicias2262.com\/noticias\/?p=101974"},"modified":"2023-07-19T17:32:20","modified_gmt":"2023-07-19T17:32:20","slug":"estas-son-las-listas-de-precandidatos-para-las-elecciones-primarias-del-distrito-de-necochea","status":"publish","type":"post","link":"https:\/\/primicias2262.com\/noticias\/estas-son-las-listas-de-precandidatos-para-las-elecciones-primarias-del-distrito-de-necochea\/","title":{"rendered":"Estas son las listas de precandidatos para las elecciones primarias del distrito de Necochea"},"content":{"rendered":"<p><strong>Por Jorge G\u00f3mez<\/strong><\/p>\n<p>Estas son las 20 listas de precandidatos a intendente, concejales y consejeros escolares de Necochea que oficializ\u00f3 la Junta Electoral de la Provincia de Buenos Aires y que tomar\u00e1n parte de las elecciones PASO a realizarse el pr\u00f3ximo domingo 13 de agosto.<\/p>\n<p>Tres sectores dirimir\u00e1n sus internas en estas primarias: Uni\u00f3n por la Patria -sus precandidatos a jefe comunal son Mauro Vel\u00e1zquez, Marcelo Rivero y Daniel Yanqui L\u00f3pez-; el frente Juntos -competir\u00e1n para ser candidatos a jefe comunal Mart\u00edn M\u00edgueles, Dami\u00e1n Unibaso y Mar\u00eda Eugenia Vallota-; y la representaci\u00f3n de la izquierda -compulsa entre Luciana Nogueira y Silvina Andrada-.<\/p>\n<p>El resto de las listas s\u00f3lo tendr\u00e1n que superar la barrera del 1,5% de los votos positivos para quedar habilitadas para la elecci\u00f3n general del domingo 22 de octubre cuando se elija intendente, 10 concejales y 3 consejeros escolares titulares. Estos asumir\u00e1n sus cargos en los primeros d\u00edas de diciembre venidero.<\/p>\n<p>Pese a estar oficializada su lista por parte de la Junta Electoral, se conoce que la n\u00f3mina que encabeza el doctor Maximiliano Delfino -inscripta en la primaria de Juntos de Necochea- no presentar\u00e1 boleta alguna en las PASO del mes que viene.<\/p>\n<p><strong>Uni\u00f3n por la Patria<\/strong><\/p>\n<p><a href=\"https:\/\/primicias2262.com\/noticias\/wp-content\/uploads\/2023\/07\/UxLP-Velazquez.jpeg\"><img loading=\"lazy\" decoding=\"async\" class=\"aligncenter size-full wp-image-101993\" src=\"https:\/\/primicias2262.com\/noticias\/wp-content\/uploads\/2023\/07\/UxLP-Velazquez.jpeg\" alt=\"\" width=\"700\" height=\"1024\" srcset=\"https:\/\/primicias2262.com\/noticias\/wp-content\/uploads\/2023\/07\/UxLP-Velazquez.jpeg 700w, https:\/\/primicias2262.com\/noticias\/wp-content\/uploads\/2023\/07\/UxLP-Velazquez-205x300.jpeg 205w, https:\/\/primicias2262.com\/noticias\/wp-content\/uploads\/2023\/07\/UxLP-Velazquez-150x219.jpeg 150w, https:\/\/primicias2262.com\/noticias\/wp-content\/uploads\/2023\/07\/UxLP-Velazquez-300x439.jpeg 300w, https:\/\/primicias2262.com\/noticias\/wp-content\/uploads\/2023\/07\/UxLP-Velazquez-696x1018.jpeg 696w\" sizes=\"auto, (max-width: 700px) 100vw, 700px\" \/><\/a><\/p>\n<p><a href=\"https:\/\/primicias2262.com\/noticias\/wp-content\/uploads\/2023\/07\/UxLP-Rivero.jpeg\"><img loading=\"lazy\" decoding=\"async\" class=\"aligncenter size-full wp-image-101992\" src=\"https:\/\/primicias2262.com\/noticias\/wp-content\/uploads\/2023\/07\/UxLP-Rivero.jpeg\" alt=\"\" width=\"697\" height=\"1024\" srcset=\"https:\/\/primicias2262.com\/noticias\/wp-content\/uploads\/2023\/07\/UxLP-Rivero.jpeg 697w, https:\/\/primicias2262.com\/noticias\/wp-content\/uploads\/2023\/07\/UxLP-Rivero-204x300.jpeg 204w, https:\/\/primicias2262.com\/noticias\/wp-content\/uploads\/2023\/07\/UxLP-Rivero-150x220.jpeg 150w, https:\/\/primicias2262.com\/noticias\/wp-content\/uploads\/2023\/07\/UxLP-Rivero-300x441.jpeg 300w\" sizes=\"auto, (max-width: 697px) 100vw, 697px\" \/><\/a><\/p>\n<p><a href=\"https:\/\/primicias2262.com\/noticias\/wp-content\/uploads\/2023\/07\/UxLP-Yanqui.jpeg\"><img loading=\"lazy\" decoding=\"async\" class=\"aligncenter size-full wp-image-101994\" src=\"https:\/\/primicias2262.com\/noticias\/wp-content\/uploads\/2023\/07\/UxLP-Yanqui.jpeg\" alt=\"\" width=\"712\" height=\"1024\" srcset=\"https:\/\/primicias2262.com\/noticias\/wp-content\/uploads\/2023\/07\/UxLP-Yanqui.jpeg 712w, https:\/\/primicias2262.com\/noticias\/wp-content\/uploads\/2023\/07\/UxLP-Yanqui-209x300.jpeg 209w, https:\/\/primicias2262.com\/noticias\/wp-content\/uploads\/2023\/07\/UxLP-Yanqui-150x216.jpeg 150w, https:\/\/primicias2262.com\/noticias\/wp-content\/uploads\/2023\/07\/UxLP-Yanqui-300x431.jpeg 300w, https:\/\/primicias2262.com\/noticias\/wp-content\/uploads\/2023\/07\/UxLP-Yanqui-696x1001.jpeg 696w\" sizes=\"auto, (max-width: 712px) 100vw, 712px\" \/><\/a><\/p>\n<p><strong>Juntos<\/strong><\/p>\n<p><a href=\"https:\/\/primicias2262.com\/noticias\/wp-content\/uploads\/2023\/07\/Juntos-Vallota.jpeg\"><img loading=\"lazy\" decoding=\"async\" class=\"aligncenter size-full wp-image-101986\" src=\"https:\/\/primicias2262.com\/noticias\/wp-content\/uploads\/2023\/07\/Juntos-Vallota.jpeg\" alt=\"\" width=\"721\" height=\"1024\" srcset=\"https:\/\/primicias2262.com\/noticias\/wp-content\/uploads\/2023\/07\/Juntos-Vallota.jpeg 721w, https:\/\/primicias2262.com\/noticias\/wp-content\/uploads\/2023\/07\/Juntos-Vallota-211x300.jpeg 211w, https:\/\/primicias2262.com\/noticias\/wp-content\/uploads\/2023\/07\/Juntos-Vallota-150x213.jpeg 150w, https:\/\/primicias2262.com\/noticias\/wp-content\/uploads\/2023\/07\/Juntos-Vallota-300x426.jpeg 300w, https:\/\/primicias2262.com\/noticias\/wp-content\/uploads\/2023\/07\/Juntos-Vallota-696x988.jpeg 696w\" sizes=\"auto, (max-width: 721px) 100vw, 721px\" \/><\/a><\/p>\n<p><a href=\"https:\/\/primicias2262.com\/noticias\/wp-content\/uploads\/2023\/07\/Juntos-Unibaso.jpeg\"><img loading=\"lazy\" decoding=\"async\" class=\"aligncenter size-full wp-image-101985\" src=\"https:\/\/primicias2262.com\/noticias\/wp-content\/uploads\/2023\/07\/Juntos-Unibaso.jpeg\" alt=\"\" width=\"751\" height=\"1024\" srcset=\"https:\/\/primicias2262.com\/noticias\/wp-content\/uploads\/2023\/07\/Juntos-Unibaso.jpeg 751w, https:\/\/primicias2262.com\/noticias\/wp-content\/uploads\/2023\/07\/Juntos-Unibaso-220x300.jpeg 220w, https:\/\/primicias2262.com\/noticias\/wp-content\/uploads\/2023\/07\/Juntos-Unibaso-150x205.jpeg 150w, https:\/\/primicias2262.com\/noticias\/wp-content\/uploads\/2023\/07\/Juntos-Unibaso-300x409.jpeg 300w, https:\/\/primicias2262.com\/noticias\/wp-content\/uploads\/2023\/07\/Juntos-Unibaso-696x949.jpeg 696w\" sizes=\"auto, (max-width: 751px) 100vw, 751px\" \/><\/a><\/p>\n<p><a href=\"https:\/\/primicias2262.com\/noticias\/wp-content\/uploads\/2023\/07\/Juntos-Migueles.jpeg\"><img loading=\"lazy\" decoding=\"async\" class=\"aligncenter size-full wp-image-101984\" src=\"https:\/\/primicias2262.com\/noticias\/wp-content\/uploads\/2023\/07\/Juntos-Migueles.jpeg\" alt=\"\" width=\"781\" height=\"1024\" srcset=\"https:\/\/primicias2262.com\/noticias\/wp-content\/uploads\/2023\/07\/Juntos-Migueles.jpeg 781w, https:\/\/primicias2262.com\/noticias\/wp-content\/uploads\/2023\/07\/Juntos-Migueles-229x300.jpeg 229w, https:\/\/primicias2262.com\/noticias\/wp-content\/uploads\/2023\/07\/Juntos-Migueles-768x1007.jpeg 768w, https:\/\/primicias2262.com\/noticias\/wp-content\/uploads\/2023\/07\/Juntos-Migueles-150x197.jpeg 150w, https:\/\/primicias2262.com\/noticias\/wp-content\/uploads\/2023\/07\/Juntos-Migueles-300x393.jpeg 300w, https:\/\/primicias2262.com\/noticias\/wp-content\/uploads\/2023\/07\/Juntos-Migueles-696x913.jpeg 696w\" sizes=\"auto, (max-width: 781px) 100vw, 781px\" \/><\/a><strong>Izquierda<\/strong><\/p>\n<p><a href=\"https:\/\/primicias2262.com\/noticias\/wp-content\/uploads\/2023\/07\/Izquierda-Nogueira.jpeg\"><img loading=\"lazy\" decoding=\"async\" class=\"aligncenter size-full wp-image-101982\" src=\"https:\/\/primicias2262.com\/noticias\/wp-content\/uploads\/2023\/07\/Izquierda-Nogueira.jpeg\" alt=\"\" width=\"760\" height=\"1024\" srcset=\"https:\/\/primicias2262.com\/noticias\/wp-content\/uploads\/2023\/07\/Izquierda-Nogueira.jpeg 760w, https:\/\/primicias2262.com\/noticias\/wp-content\/uploads\/2023\/07\/Izquierda-Nogueira-223x300.jpeg 223w, https:\/\/primicias2262.com\/noticias\/wp-content\/uploads\/2023\/07\/Izquierda-Nogueira-150x202.jpeg 150w, https:\/\/primicias2262.com\/noticias\/wp-content\/uploads\/2023\/07\/Izquierda-Nogueira-300x404.jpeg 300w, https:\/\/primicias2262.com\/noticias\/wp-content\/uploads\/2023\/07\/Izquierda-Nogueira-696x938.jpeg 696w\" sizes=\"auto, (max-width: 760px) 100vw, 760px\" \/><\/a><\/p>\n<p><a href=\"https:\/\/primicias2262.com\/noticias\/wp-content\/uploads\/2023\/07\/Izquierda-Andrada.jpeg\"><img loading=\"lazy\" decoding=\"async\" class=\"aligncenter size-full wp-image-101981\" src=\"https:\/\/primicias2262.com\/noticias\/wp-content\/uploads\/2023\/07\/Izquierda-Andrada.jpeg\" alt=\"\" width=\"772\" height=\"1024\" srcset=\"https:\/\/primicias2262.com\/noticias\/wp-content\/uploads\/2023\/07\/Izquierda-Andrada.jpeg 772w, https:\/\/primicias2262.com\/noticias\/wp-content\/uploads\/2023\/07\/Izquierda-Andrada-226x300.jpeg 226w, https:\/\/primicias2262.com\/noticias\/wp-content\/uploads\/2023\/07\/Izquierda-Andrada-768x1019.jpeg 768w, https:\/\/primicias2262.com\/noticias\/wp-content\/uploads\/2023\/07\/Izquierda-Andrada-150x199.jpeg 150w, https:\/\/primicias2262.com\/noticias\/wp-content\/uploads\/2023\/07\/Izquierda-Andrada-300x398.jpeg 300w, https:\/\/primicias2262.com\/noticias\/wp-content\/uploads\/2023\/07\/Izquierda-Andrada-696x923.jpeg 696w\" sizes=\"auto, (max-width: 772px) 100vw, 772px\" \/><\/a><strong>El resto de las listas que no tienen competencia interna<\/strong><\/p>\n<p><a href=\"https:\/\/primicias2262.com\/noticias\/wp-content\/uploads\/2023\/07\/Nueva-Necochea.jpeg\"><img loading=\"lazy\" decoding=\"async\" class=\"aligncenter size-full wp-image-101990\" src=\"https:\/\/primicias2262.com\/noticias\/wp-content\/uploads\/2023\/07\/Nueva-Necochea.jpeg\" alt=\"\" width=\"649\" height=\"1024\" srcset=\"https:\/\/primicias2262.com\/noticias\/wp-content\/uploads\/2023\/07\/Nueva-Necochea.jpeg 649w, https:\/\/primicias2262.com\/noticias\/wp-content\/uploads\/2023\/07\/Nueva-Necochea-190x300.jpeg 190w, https:\/\/primicias2262.com\/noticias\/wp-content\/uploads\/2023\/07\/Nueva-Necochea-150x237.jpeg 150w, https:\/\/primicias2262.com\/noticias\/wp-content\/uploads\/2023\/07\/Nueva-Necochea-300x473.jpeg 300w\" sizes=\"auto, (max-width: 649px) 100vw, 649px\" \/><\/a><\/p>\n<p><a href=\"https:\/\/primicias2262.com\/noticias\/wp-content\/uploads\/2023\/07\/ACT.jpeg\"><img loading=\"lazy\" decoding=\"async\" class=\"aligncenter size-full wp-image-101976\" src=\"https:\/\/primicias2262.com\/noticias\/wp-content\/uploads\/2023\/07\/ACT.jpeg\" alt=\"\" width=\"771\" height=\"1024\" srcset=\"https:\/\/primicias2262.com\/noticias\/wp-content\/uploads\/2023\/07\/ACT.jpeg 771w, https:\/\/primicias2262.com\/noticias\/wp-content\/uploads\/2023\/07\/ACT-226x300.jpeg 226w, https:\/\/primicias2262.com\/noticias\/wp-content\/uploads\/2023\/07\/ACT-768x1020.jpeg 768w, https:\/\/primicias2262.com\/noticias\/wp-content\/uploads\/2023\/07\/ACT-150x199.jpeg 150w, https:\/\/primicias2262.com\/noticias\/wp-content\/uploads\/2023\/07\/ACT-300x398.jpeg 300w, https:\/\/primicias2262.com\/noticias\/wp-content\/uploads\/2023\/07\/ACT-696x924.jpeg 696w\" sizes=\"auto, (max-width: 771px) 100vw, 771px\" \/><\/a><\/p>\n<p><a href=\"https:\/\/primicias2262.com\/noticias\/wp-content\/uploads\/2023\/07\/Libertad-Avanza.jpeg\"><img loading=\"lazy\" decoding=\"async\" class=\"aligncenter size-full wp-image-101988\" src=\"https:\/\/primicias2262.com\/noticias\/wp-content\/uploads\/2023\/07\/Libertad-Avanza.jpeg\" alt=\"\" width=\"742\" height=\"1024\" srcset=\"https:\/\/primicias2262.com\/noticias\/wp-content\/uploads\/2023\/07\/Libertad-Avanza.jpeg 742w, https:\/\/primicias2262.com\/noticias\/wp-content\/uploads\/2023\/07\/Libertad-Avanza-217x300.jpeg 217w, https:\/\/primicias2262.com\/noticias\/wp-content\/uploads\/2023\/07\/Libertad-Avanza-150x207.jpeg 150w, https:\/\/primicias2262.com\/noticias\/wp-content\/uploads\/2023\/07\/Libertad-Avanza-300x414.jpeg 300w, https:\/\/primicias2262.com\/noticias\/wp-content\/uploads\/2023\/07\/Libertad-Avanza-696x961.jpeg 696w\" sizes=\"auto, (max-width: 742px) 100vw, 742px\" \/><\/a><\/p>\n<p><a href=\"https:\/\/primicias2262.com\/noticias\/wp-content\/uploads\/2023\/07\/Accion-Solidaria.jpeg\"><img loading=\"lazy\" decoding=\"async\" class=\"aligncenter size-full wp-image-101975\" src=\"https:\/\/primicias2262.com\/noticias\/wp-content\/uploads\/2023\/07\/Accion-Solidaria.jpeg\" alt=\"\" width=\"857\" height=\"1024\" srcset=\"https:\/\/primicias2262.com\/noticias\/wp-content\/uploads\/2023\/07\/Accion-Solidaria.jpeg 857w, https:\/\/primicias2262.com\/noticias\/wp-content\/uploads\/2023\/07\/Accion-Solidaria-251x300.jpeg 251w, https:\/\/primicias2262.com\/noticias\/wp-content\/uploads\/2023\/07\/Accion-Solidaria-768x918.jpeg 768w, https:\/\/primicias2262.com\/noticias\/wp-content\/uploads\/2023\/07\/Accion-Solidaria-150x179.jpeg 150w, https:\/\/primicias2262.com\/noticias\/wp-content\/uploads\/2023\/07\/Accion-Solidaria-300x358.jpeg 300w, https:\/\/primicias2262.com\/noticias\/wp-content\/uploads\/2023\/07\/Accion-Solidaria-696x832.jpeg 696w\" sizes=\"auto, (max-width: 857px) 100vw, 857px\" \/><\/a><\/p>\n<p><a href=\"https:\/\/primicias2262.com\/noticias\/wp-content\/uploads\/2023\/07\/anti-corrupcion.jpeg\"><img loading=\"lazy\" decoding=\"async\" class=\"aligncenter size-full wp-image-101977\" src=\"https:\/\/primicias2262.com\/noticias\/wp-content\/uploads\/2023\/07\/anti-corrupcion.jpeg\" alt=\"\" width=\"677\" height=\"1024\" srcset=\"https:\/\/primicias2262.com\/noticias\/wp-content\/uploads\/2023\/07\/anti-corrupcion.jpeg 677w, https:\/\/primicias2262.com\/noticias\/wp-content\/uploads\/2023\/07\/anti-corrupcion-198x300.jpeg 198w, https:\/\/primicias2262.com\/noticias\/wp-content\/uploads\/2023\/07\/anti-corrupcion-150x227.jpeg 150w, https:\/\/primicias2262.com\/noticias\/wp-content\/uploads\/2023\/07\/anti-corrupcion-300x454.jpeg 300w\" sizes=\"auto, (max-width: 677px) 100vw, 677px\" \/><\/a><\/p>\n<p><a href=\"https:\/\/primicias2262.com\/noticias\/wp-content\/uploads\/2023\/07\/Autonomista-Salcedo.jpeg\"><img loading=\"lazy\" decoding=\"async\" class=\"aligncenter size-full wp-image-101978\" src=\"https:\/\/primicias2262.com\/noticias\/wp-content\/uploads\/2023\/07\/Autonomista-Salcedo.jpeg\" alt=\"\" width=\"701\" height=\"1024\" srcset=\"https:\/\/primicias2262.com\/noticias\/wp-content\/uploads\/2023\/07\/Autonomista-Salcedo.jpeg 701w, https:\/\/primicias2262.com\/noticias\/wp-content\/uploads\/2023\/07\/Autonomista-Salcedo-205x300.jpeg 205w, https:\/\/primicias2262.com\/noticias\/wp-content\/uploads\/2023\/07\/Autonomista-Salcedo-150x219.jpeg 150w, https:\/\/primicias2262.com\/noticias\/wp-content\/uploads\/2023\/07\/Autonomista-Salcedo-300x438.jpeg 300w, https:\/\/primicias2262.com\/noticias\/wp-content\/uploads\/2023\/07\/Autonomista-Salcedo-696x1017.jpeg 696w\" sizes=\"auto, (max-width: 701px) 100vw, 701px\" \/><\/a><a href=\"https:\/\/primicias2262.com\/noticias\/wp-content\/uploads\/2023\/07\/Tierra-techo-y-trabajo.jpeg\"><img loading=\"lazy\" decoding=\"async\" class=\"aligncenter size-full wp-image-101991\" src=\"https:\/\/primicias2262.com\/noticias\/wp-content\/uploads\/2023\/07\/Tierra-techo-y-trabajo.jpeg\" alt=\"\" width=\"768\" height=\"1024\" srcset=\"https:\/\/primicias2262.com\/noticias\/wp-content\/uploads\/2023\/07\/Tierra-techo-y-trabajo.jpeg 768w, https:\/\/primicias2262.com\/noticias\/wp-content\/uploads\/2023\/07\/Tierra-techo-y-trabajo-225x300.jpeg 225w, https:\/\/primicias2262.com\/noticias\/wp-content\/uploads\/2023\/07\/Tierra-techo-y-trabajo-150x200.jpeg 150w, https:\/\/primicias2262.com\/noticias\/wp-content\/uploads\/2023\/07\/Tierra-techo-y-trabajo-300x400.jpeg 300w, https:\/\/primicias2262.com\/noticias\/wp-content\/uploads\/2023\/07\/Tierra-techo-y-trabajo-696x928.jpeg 696w\" sizes=\"auto, (max-width: 768px) 100vw, 768px\" \/><\/a><\/p>\n<p><a href=\"https:\/\/primicias2262.com\/noticias\/wp-content\/uploads\/2023\/07\/Libres-del-Sur.jpeg\"><img loading=\"lazy\" decoding=\"async\" class=\"aligncenter size-full wp-image-101989\" src=\"https:\/\/primicias2262.com\/noticias\/wp-content\/uploads\/2023\/07\/Libres-del-Sur.jpeg\" alt=\"\" width=\"717\" height=\"1024\" srcset=\"https:\/\/primicias2262.com\/noticias\/wp-content\/uploads\/2023\/07\/Libres-del-Sur.jpeg 717w, https:\/\/primicias2262.com\/noticias\/wp-content\/uploads\/2023\/07\/Libres-del-Sur-210x300.jpeg 210w, https:\/\/primicias2262.com\/noticias\/wp-content\/uploads\/2023\/07\/Libres-del-Sur-150x214.jpeg 150w, https:\/\/primicias2262.com\/noticias\/wp-content\/uploads\/2023\/07\/Libres-del-Sur-300x428.jpeg 300w, https:\/\/primicias2262.com\/noticias\/wp-content\/uploads\/2023\/07\/Libres-del-Sur-696x994.jpeg 696w\" sizes=\"auto, (max-width: 717px) 100vw, 717px\" \/><\/a><\/p>\n<p><a href=\"https:\/\/primicias2262.com\/noticias\/wp-content\/uploads\/2023\/07\/esperanza-del-pueblo.jpeg\"><img loading=\"lazy\" decoding=\"async\" class=\"aligncenter size-full wp-image-101980\" src=\"https:\/\/primicias2262.com\/noticias\/wp-content\/uploads\/2023\/07\/esperanza-del-pueblo.jpeg\" alt=\"\" width=\"707\" height=\"1024\" srcset=\"https:\/\/primicias2262.com\/noticias\/wp-content\/uploads\/2023\/07\/esperanza-del-pueblo.jpeg 707w, https:\/\/primicias2262.com\/noticias\/wp-content\/uploads\/2023\/07\/esperanza-del-pueblo-207x300.jpeg 207w, https:\/\/primicias2262.com\/noticias\/wp-content\/uploads\/2023\/07\/esperanza-del-pueblo-150x217.jpeg 150w, https:\/\/primicias2262.com\/noticias\/wp-content\/uploads\/2023\/07\/esperanza-del-pueblo-300x435.jpeg 300w, https:\/\/primicias2262.com\/noticias\/wp-content\/uploads\/2023\/07\/esperanza-del-pueblo-696x1008.jpeg 696w\" sizes=\"auto, (max-width: 707px) 100vw, 707px\" \/><\/a><a href=\"https:\/\/primicias2262.com\/noticias\/wp-content\/uploads\/2023\/07\/ERP.jpeg\"><img loading=\"lazy\" decoding=\"async\" class=\"aligncenter size-full wp-image-101979\" src=\"https:\/\/primicias2262.com\/noticias\/wp-content\/uploads\/2023\/07\/ERP.jpeg\" alt=\"\" width=\"712\" height=\"1024\" srcset=\"https:\/\/primicias2262.com\/noticias\/wp-content\/uploads\/2023\/07\/ERP.jpeg 712w, https:\/\/primicias2262.com\/noticias\/wp-content\/uploads\/2023\/07\/ERP-209x300.jpeg 209w, https:\/\/primicias2262.com\/noticias\/wp-content\/uploads\/2023\/07\/ERP-150x216.jpeg 150w, https:\/\/primicias2262.com\/noticias\/wp-content\/uploads\/2023\/07\/ERP-300x431.jpeg 300w, https:\/\/primicias2262.com\/noticias\/wp-content\/uploads\/2023\/07\/ERP-696x1001.jpeg 696w\" sizes=\"auto, (max-width: 712px) 100vw, 712px\" \/><\/a><a href=\"https:\/\/primicias2262.com\/noticias\/wp-content\/uploads\/2023\/07\/justicia-y-dignidad-patriotica.jpeg\"><img loading=\"lazy\" decoding=\"async\" class=\"aligncenter size-full wp-image-101987\" src=\"https:\/\/primicias2262.com\/noticias\/wp-content\/uploads\/2023\/07\/justicia-y-dignidad-patriotica.jpeg\" alt=\"\" width=\"743\" height=\"1024\" srcset=\"https:\/\/primicias2262.com\/noticias\/wp-content\/uploads\/2023\/07\/justicia-y-dignidad-patriotica.jpeg 743w, https:\/\/primicias2262.com\/noticias\/wp-content\/uploads\/2023\/07\/justicia-y-dignidad-patriotica-218x300.jpeg 218w, https:\/\/primicias2262.com\/noticias\/wp-content\/uploads\/2023\/07\/justicia-y-dignidad-patriotica-150x207.jpeg 150w, https:\/\/primicias2262.com\/noticias\/wp-content\/uploads\/2023\/07\/justicia-y-dignidad-patriotica-300x413.jpeg 300w, https:\/\/primicias2262.com\/noticias\/wp-content\/uploads\/2023\/07\/justicia-y-dignidad-patriotica-696x959.jpeg 696w\" sizes=\"auto, (max-width: 743px) 100vw, 743px\" \/><\/a>***<\/p>\n<p><strong>La lista de Delfino oficializada, pero que no participa finalmente<\/strong><\/p>\n<p><a href=\"https:\/\/primicias2262.com\/noticias\/wp-content\/uploads\/2023\/07\/Juntos-Delfino.jpeg\"><img loading=\"lazy\" decoding=\"async\" class=\"aligncenter size-full wp-image-101983\" src=\"https:\/\/primicias2262.com\/noticias\/wp-content\/uploads\/2023\/07\/Juntos-Delfino.jpeg\" alt=\"\" width=\"705\" height=\"1024\" srcset=\"https:\/\/primicias2262.com\/noticias\/wp-content\/uploads\/2023\/07\/Juntos-Delfino.jpeg 705w, https:\/\/primicias2262.com\/noticias\/wp-content\/uploads\/2023\/07\/Juntos-Delfino-207x300.jpeg 207w, https:\/\/primicias2262.com\/noticias\/wp-content\/uploads\/2023\/07\/Juntos-Delfino-150x218.jpeg 150w, https:\/\/primicias2262.com\/noticias\/wp-content\/uploads\/2023\/07\/Juntos-Delfino-300x436.jpeg 300w, https:\/\/primicias2262.com\/noticias\/wp-content\/uploads\/2023\/07\/Juntos-Delfino-696x1011.jpeg 696w\" sizes=\"auto, (max-width: 705px) 100vw, 705px\" \/><\/a><\/p>\n","protected":false},"excerpt":{"rendered":"<p>Por Jorge G\u00f3mez Estas son las 20 listas de precandidatos a intendente, concejales y consejeros escolares de Necochea que oficializ\u00f3 la Junta Electoral de la Provincia de Buenos Aires y que tomar\u00e1n parte de las elecciones PASO a realizarse el pr\u00f3ximo domingo 13 de agosto. Tres sectores dirimir\u00e1n sus internas en estas primarias: Uni\u00f3n por [&hellip;]<\/p>\n","protected":false},"author":3,"featured_media":101995,"comment_status":"open","ping_status":"open","sticky":false,"template":"","format":"standard","meta":{"footnotes":""},"categories":[3],"tags":[],"class_list":["post-101974","post","type-post","status-publish","format-standard","has-post-thumbnail","category-masnoticias"],"_links":{"self":[{"href":"https:\/\/primicias2262.com\/noticias\/wp-json\/wp\/v2\/posts\/101974","targetHints":{"allow":["GET"]}}],"collection":[{"href":"https:\/\/primicias2262.com\/noticias\/wp-json\/wp\/v2\/posts"}],"about":[{"href":"https:\/\/primicias2262.com\/noticias\/wp-json\/wp\/v2\/types\/post"}],"author":[{"embeddable":true,"href":"https:\/\/primicias2262.com\/noticias\/wp-json\/wp\/v2\/users\/3"}],"replies":[{"embeddable":true,"href":"https:\/\/primicias2262.com\/noticias\/wp-json\/wp\/v2\/comments?post=101974"}],"version-history":[{"count":4,"href":"https:\/\/primicias2262.com\/noticias\/wp-json\/wp\/v2\/posts\/101974\/revisions"}],"predecessor-version":[{"id":102001,"href":"https:\/\/primicias2262.com\/noticias\/wp-json\/wp\/v2\/posts\/101974\/revisions\/102001"}],"wp:featuredmedia":[{"embeddable":true,"href":"https:\/\/primicias2262.com\/noticias\/wp-json\/wp\/v2\/media\/101995"}],"wp:attachment":[{"href":"https:\/\/primicias2262.com\/noticias\/wp-json\/wp\/v2\/media?parent=101974"}],"wp:term":[{"taxonomy":"category","embeddable":true,"href":"https:\/\/primicias2262.com\/noticias\/wp-json\/wp\/v2\/categories?post=101974"},{"taxonomy":"post_tag","embeddable":true,"href":"https:\/\/primicias2262.com\/noticias\/wp-json\/wp\/v2\/tags?post=101974"}],"curies":[{"name":"wp","href":"https:\/\/api.w.org\/{rel}","templated":true}]}}