{"id":102003,"date":"2023-07-18T16:41:21","date_gmt":"2023-07-18T16:41:21","guid":{"rendered":"https:\/\/primicias2262.com\/noticias\/?p=102003"},"modified":"2023-07-19T16:53:16","modified_gmt":"2023-07-19T16:53:16","slug":"la-experiencia-mas-grande-que-tengo-es-haber-escuchado-al-vecino-durante-mucho-tiempo-y-saberlo-interpretar","status":"publish","type":"post","link":"https:\/\/primicias2262.com\/noticias\/la-experiencia-mas-grande-que-tengo-es-haber-escuchado-al-vecino-durante-mucho-tiempo-y-saberlo-interpretar\/","title":{"rendered":"\u201cLa experiencia m\u00e1s grande que tengo es haber escuchado al vecino durante mucho tiempo y saberlo interpretar\u201d"},"content":{"rendered":"<p><strong>Metido de lleno en su carrera hacia la candidatura a intendente, el concejal del interbloque del Frente de Todos, Mauro Vel\u00e1zquez, visit\u00f3 los estudios de \u201cVoces de la Ciudad\u201d, y en una nota realizada por el periodista Jorge G\u00f3mez volvi\u00f3 a levantar las banderas del di\u00e1logo y anteponer los proyectos hacia el vecino por sobre las chicanas pol\u00edticas.<\/strong><\/p>\n<p>Uno de los precandidatos a intendente por Uni\u00f3n por la Patria, Mauro Vel\u00e1zquez, primeramente coincidi\u00f3 con lo expresado por el intendente Arturo Rojas en que guiar los destinos del distrito no es para cualquiera. \u201cAntes del verano tom\u00e9 la decisi\u00f3n de embarcarme en esto, la proces\u00e9 porque es una responsabilidad ser precandidato, y eso se planifica, no es para improvisados. Tiene que ver con la experiencia, la madurez justa y una edad en la que uno tenga la energ\u00eda para darles todo a todos\u201d.<\/p>\n<p>En su caso, Mauro se\u00f1al\u00f3 que \u201cson 20 a\u00f1os de militancia, de haber tenido una primera oportunidad como concejal y estar en diferentes \u00e1reas del Ejecutivo con un trabajo demostrado y hoy con experiencia en el Legislativo, pero sobre todo, la experiencia m\u00e1s grande es haber escuchado a los vecinos durante mucho tiempo y saberlos interpretar, eso es importante porque a veces la pol\u00edtica mira para un lado y la gente tiene otra realidad. Yo siento y camino todo el a\u00f1o\u201d.<\/p>\n<p>Seguidamente, asegur\u00f3 que \u201calgunos hablan para la tribuna, nosotros vamos a la casa de la gente\u201d, y en ese sentido marc\u00f3 diferencias con sus adversarios en la interna, Marcelo Rivero y Daniel L\u00f3pez, sobre todo con el presidente del PJ. \u201cYo soy una persona de di\u00e1logo, fundamentalmente de trabajo y honestidad, y hay una diferencia importante: algunos hablan de nosotros, pero nosotros hablamos de nosotros. Nosotros nos propusimos llevar propuestas a los vecinos, a m\u00ed no me van a enganchar para hablar mal de otros compa\u00f1eros\u201d.<\/p>\n<p>Incluso, record\u00f3 que \u201ctuvimos la oportunidad de ir en una lista de unidad, la trabaj\u00e9 much\u00edsimo y no se dio por algunas posiciones tercas\u2026 y bueno, que ahora cada uno demuestre qu\u00e9 proyecto tiene. No me voy a correr del lugar de hablarle a la gente y meterme a embarrar la cancha, ya que la gente espera que le llevemos proyectos\u2026 flaco favor le hacemos con las chicanas que tienen que ver con la pol\u00edtica del pasado\u201d.<\/p>\n<p>Para concluir, Vel\u00e1zquez dej\u00f3 en claro que \u201csoy un afiliado al peronismo y milito de muy joven, pero eso no significa que no entiendo la pol\u00edtica de hoy. Tenemos que entender que las sociedades cambian y que si queremos llegar a conducir los destinos de la ciudad es con todos, no con un pedacito\u201d.<\/p>\n","protected":false},"excerpt":{"rendered":"<p>Metido de lleno en su carrera hacia la candidatura a intendente, el concejal del interbloque del Frente de Todos, Mauro Vel\u00e1zquez, visit\u00f3 los estudios de \u201cVoces de la Ciudad\u201d, y en una nota realizada por el periodista Jorge G\u00f3mez volvi\u00f3 a levantar las banderas del di\u00e1logo y anteponer los proyectos hacia el vecino por sobre [&hellip;]<\/p>\n","protected":false},"author":3,"featured_media":102006,"comment_status":"open","ping_status":"open","sticky":false,"template":"","format":"standard","meta":{"footnotes":""},"categories":[3],"tags":[],"class_list":["post-102003","post","type-post","status-publish","format-standard","has-post-thumbnail","category-masnoticias"],"_links":{"self":[{"href":"https:\/\/primicias2262.com\/noticias\/wp-json\/wp\/v2\/posts\/102003","targetHints":{"allow":["GET"]}}],"collection":[{"href":"https:\/\/primicias2262.com\/noticias\/wp-json\/wp\/v2\/posts"}],"about":[{"href":"https:\/\/primicias2262.com\/noticias\/wp-json\/wp\/v2\/types\/post"}],"author":[{"embeddable":true,"href":"https:\/\/primicias2262.com\/noticias\/wp-json\/wp\/v2\/users\/3"}],"replies":[{"embeddable":true,"href":"https:\/\/primicias2262.com\/noticias\/wp-json\/wp\/v2\/comments?post=102003"}],"version-history":[{"count":2,"href":"https:\/\/primicias2262.com\/noticias\/wp-json\/wp\/v2\/posts\/102003\/revisions"}],"predecessor-version":[{"id":102013,"href":"https:\/\/primicias2262.com\/noticias\/wp-json\/wp\/v2\/posts\/102003\/revisions\/102013"}],"wp:featuredmedia":[{"embeddable":true,"href":"https:\/\/primicias2262.com\/noticias\/wp-json\/wp\/v2\/media\/102006"}],"wp:attachment":[{"href":"https:\/\/primicias2262.com\/noticias\/wp-json\/wp\/v2\/media?parent=102003"}],"wp:term":[{"taxonomy":"category","embeddable":true,"href":"https:\/\/primicias2262.com\/noticias\/wp-json\/wp\/v2\/categories?post=102003"},{"taxonomy":"post_tag","embeddable":true,"href":"https:\/\/primicias2262.com\/noticias\/wp-json\/wp\/v2\/tags?post=102003"}],"curies":[{"name":"wp","href":"https:\/\/api.w.org\/{rel}","templated":true}]}}