{"id":102014,"date":"2023-07-18T17:14:44","date_gmt":"2023-07-18T17:14:44","guid":{"rendered":"https:\/\/primicias2262.com\/noticias\/?p=102014"},"modified":"2023-07-19T17:24:11","modified_gmt":"2023-07-19T17:24:11","slug":"selectivo-record-para-huracan-14-patinadoras-lograron-clasificar-a-las-copas-nacionales","status":"publish","type":"post","link":"https:\/\/primicias2262.com\/noticias\/selectivo-record-para-huracan-14-patinadoras-lograron-clasificar-a-las-copas-nacionales\/","title":{"rendered":"Selectivo r\u00e9cord para Hurac\u00e1n: 14 patinadoras lograron clasificar a las copas nacionales"},"content":{"rendered":"<p><strong>Brillante desempe\u00f1o del pat\u00edn art\u00edstico del \u201cGlobo\u201d en el Regional Selectivo, donde 14 de 17 chicas se ganaron en pista el pasaje a las prestigiosas citas en C\u00f3rdoba y Neuqu\u00e9n.<\/strong><\/p>\n<p>El pat\u00edn art\u00edstico del Club Social y Deportivo Hurac\u00e1n, dirigido por la t\u00e9cnica nacional, Florencia Mart\u00edn, dio muestras una vez m\u00e1s del crecimiento sostenido en el tiempo al lograr una masiva clasificaci\u00f3n de alumnas a las copas nacionales. En ocasi\u00f3n del Torneo Regional Selectivo en Tres Arroyos, entre m\u00e1s de 400 competidoras de diferentes asociaciones, fueron 14 las chicas del \u201cGlobo\u201d necochense que sacaron pasaje a las prestigiosas copas \u201cRoberto Rodr\u00edguez\u201d y \u201cErnesto Gonz\u00e1lez Molina\u201d.<\/p>\n<div id='gallery-1' class='gallery galleryid-102014 gallery-columns-2 gallery-size-medium'><figure class='gallery-item'>\n\t\t\t<div class='gallery-icon portrait'>\n\t\t\t\t<a href='https:\/\/primicias2262.com\/noticias\/la-experiencia-mas-grande-que-tengo-es-haber-escuchado-al-vecino-durante-mucho-tiempo-y-saberlo-interpretar\/whatsapp-image-2023-07-17-at-10-39-56-pm\/'><img loading=\"lazy\" decoding=\"async\" width=\"225\" height=\"300\" src=\"https:\/\/primicias2262.com\/noticias\/wp-content\/uploads\/2023\/07\/WhatsApp-Image-2023-07-17-at-10.39.56-PM-225x300.jpeg\" class=\"attachment-medium size-medium\" alt=\"\" srcset=\"https:\/\/primicias2262.com\/noticias\/wp-content\/uploads\/2023\/07\/WhatsApp-Image-2023-07-17-at-10.39.56-PM-225x300.jpeg 225w, https:\/\/primicias2262.com\/noticias\/wp-content\/uploads\/2023\/07\/WhatsApp-Image-2023-07-17-at-10.39.56-PM-768x1024.jpeg 768w, https:\/\/primicias2262.com\/noticias\/wp-content\/uploads\/2023\/07\/WhatsApp-Image-2023-07-17-at-10.39.56-PM-1152x1536.jpeg 1152w, https:\/\/primicias2262.com\/noticias\/wp-content\/uploads\/2023\/07\/WhatsApp-Image-2023-07-17-at-10.39.56-PM-150x200.jpeg 150w, https:\/\/primicias2262.com\/noticias\/wp-content\/uploads\/2023\/07\/WhatsApp-Image-2023-07-17-at-10.39.56-PM-300x400.jpeg 300w, https:\/\/primicias2262.com\/noticias\/wp-content\/uploads\/2023\/07\/WhatsApp-Image-2023-07-17-at-10.39.56-PM-696x928.jpeg 696w, https:\/\/primicias2262.com\/noticias\/wp-content\/uploads\/2023\/07\/WhatsApp-Image-2023-07-17-at-10.39.56-PM-1068x1424.jpeg 1068w, https:\/\/primicias2262.com\/noticias\/wp-content\/uploads\/2023\/07\/WhatsApp-Image-2023-07-17-at-10.39.56-PM.jpeg 1200w\" sizes=\"auto, (max-width: 225px) 100vw, 225px\" \/><\/a>\n\t\t\t<\/div><\/figure><figure class='gallery-item'>\n\t\t\t<div class='gallery-icon portrait'>\n\t\t\t\t<a href='https:\/\/primicias2262.com\/noticias\/la-experiencia-mas-grande-que-tengo-es-haber-escuchado-al-vecino-durante-mucho-tiempo-y-saberlo-interpretar\/whatsapp-image-2023-07-17-at-10-39-56-pm1\/'><img loading=\"lazy\" decoding=\"async\" width=\"225\" height=\"300\" src=\"https:\/\/primicias2262.com\/noticias\/wp-content\/uploads\/2023\/07\/WhatsApp-Image-2023-07-17-at-10.39.56-PM1-225x300.jpeg\" class=\"attachment-medium size-medium\" alt=\"\" srcset=\"https:\/\/primicias2262.com\/noticias\/wp-content\/uploads\/2023\/07\/WhatsApp-Image-2023-07-17-at-10.39.56-PM1-225x300.jpeg 225w, https:\/\/primicias2262.com\/noticias\/wp-content\/uploads\/2023\/07\/WhatsApp-Image-2023-07-17-at-10.39.56-PM1-768x1024.jpeg 768w, https:\/\/primicias2262.com\/noticias\/wp-content\/uploads\/2023\/07\/WhatsApp-Image-2023-07-17-at-10.39.56-PM1-1152x1536.jpeg 1152w, https:\/\/primicias2262.com\/noticias\/wp-content\/uploads\/2023\/07\/WhatsApp-Image-2023-07-17-at-10.39.56-PM1-150x200.jpeg 150w, https:\/\/primicias2262.com\/noticias\/wp-content\/uploads\/2023\/07\/WhatsApp-Image-2023-07-17-at-10.39.56-PM1-300x400.jpeg 300w, https:\/\/primicias2262.com\/noticias\/wp-content\/uploads\/2023\/07\/WhatsApp-Image-2023-07-17-at-10.39.56-PM1-696x928.jpeg 696w, https:\/\/primicias2262.com\/noticias\/wp-content\/uploads\/2023\/07\/WhatsApp-Image-2023-07-17-at-10.39.56-PM1-1068x1424.jpeg 1068w, https:\/\/primicias2262.com\/noticias\/wp-content\/uploads\/2023\/07\/WhatsApp-Image-2023-07-17-at-10.39.56-PM1.jpeg 1200w\" sizes=\"auto, (max-width: 225px) 100vw, 225px\" \/><\/a>\n\t\t\t<\/div><\/figure>\n\t\t<\/div>\n\n<p>De esta forma, se logr\u00f3 superar la cifra de clasificadas a los nacionales por el mismo club el a\u00f1o anterior, cuando fueron un total de 11 chicas, y si bien los resultados hablan por s\u00ed solos, vale destacar que la continuidad del trabajo, el compromiso diario y la sinergia entre cuerpo t\u00e9cnico, subcomisi\u00f3n de padres y patinadoras, rinde sus frutos.<\/p>\n<p><strong>Clasificadas a la Copa nacional \u201cRoberto Rodr\u00edguez\u201d, septiembre en C\u00f3rdoba<\/strong><\/p>\n<p>-Brisa Gigena 3\u00ba puesto<\/p>\n<p>-Jazm\u00edn Buchi 1\u00ba puesto<\/p>\n<p>-P\u00eda Zabaleta 1\u00ba puesto<\/p>\n<p>-Sof\u00eda Cejas 1\u00ba puesto<\/p>\n<p>-Victoria Ramos 6\u00ba puesto<\/p>\n<p>-Eliana Otero 1\u00ba puesto<\/p>\n<p>-Zoe Moreno 3\u00ba puesto<\/p>\n<p>-Naiquen Russo 6\u00ba puesto<\/p>\n<p>-Nahila Gallay Monjes 6\u00ba puesto<\/p>\n<p>-Florencia Araujo 9\u00ba puesto<\/p>\n<p><strong>Clasificadas a la Copa nacional \u201cErnesto Gonz\u00e1lez Molina\u201d, octubre en Neuqu\u00e9n <\/strong><\/p>\n<p>-Tatiana Rautto 10\u00ba puesto<\/p>\n<p>-Martina Iphar Garc\u00eda 8\u00ba puesto<\/p>\n<p>-Luana Magno Camacho 4\u00ba puesto<\/p>\n<p>-Paloma guerrero 6\u00ba puesto<\/p>\n<div id='gallery-2' class='gallery galleryid-102014 gallery-columns-2 gallery-size-medium'><figure class='gallery-item'>\n\t\t\t<div class='gallery-icon portrait'>\n\t\t\t\t<a href='https:\/\/primicias2262.com\/noticias\/la-experiencia-mas-grande-que-tengo-es-haber-escuchado-al-vecino-durante-mucho-tiempo-y-saberlo-interpretar\/whatsapp-image-2023-07-17-at-10-39-55-pm\/'><img loading=\"lazy\" decoding=\"async\" width=\"225\" height=\"300\" src=\"https:\/\/primicias2262.com\/noticias\/wp-content\/uploads\/2023\/07\/WhatsApp-Image-2023-07-17-at-10.39.55-PM-225x300.jpeg\" class=\"attachment-medium size-medium\" alt=\"\" srcset=\"https:\/\/primicias2262.com\/noticias\/wp-content\/uploads\/2023\/07\/WhatsApp-Image-2023-07-17-at-10.39.55-PM-225x300.jpeg 225w, https:\/\/primicias2262.com\/noticias\/wp-content\/uploads\/2023\/07\/WhatsApp-Image-2023-07-17-at-10.39.55-PM-768x1024.jpeg 768w, https:\/\/primicias2262.com\/noticias\/wp-content\/uploads\/2023\/07\/WhatsApp-Image-2023-07-17-at-10.39.55-PM-1152x1536.jpeg 1152w, https:\/\/primicias2262.com\/noticias\/wp-content\/uploads\/2023\/07\/WhatsApp-Image-2023-07-17-at-10.39.55-PM-150x200.jpeg 150w, https:\/\/primicias2262.com\/noticias\/wp-content\/uploads\/2023\/07\/WhatsApp-Image-2023-07-17-at-10.39.55-PM-300x400.jpeg 300w, https:\/\/primicias2262.com\/noticias\/wp-content\/uploads\/2023\/07\/WhatsApp-Image-2023-07-17-at-10.39.55-PM-696x928.jpeg 696w, https:\/\/primicias2262.com\/noticias\/wp-content\/uploads\/2023\/07\/WhatsApp-Image-2023-07-17-at-10.39.55-PM-1068x1424.jpeg 1068w, https:\/\/primicias2262.com\/noticias\/wp-content\/uploads\/2023\/07\/WhatsApp-Image-2023-07-17-at-10.39.55-PM.jpeg 1200w\" sizes=\"auto, (max-width: 225px) 100vw, 225px\" \/><\/a>\n\t\t\t<\/div><\/figure><figure class='gallery-item'>\n\t\t\t<div class='gallery-icon portrait'>\n\t\t\t\t<a href='https:\/\/primicias2262.com\/noticias\/la-experiencia-mas-grande-que-tengo-es-haber-escuchado-al-vecino-durante-mucho-tiempo-y-saberlo-interpretar\/whatsapp-image-2023-07-17-at-10-39-56-pm2\/'><img loading=\"lazy\" decoding=\"async\" width=\"225\" height=\"300\" src=\"https:\/\/primicias2262.com\/noticias\/wp-content\/uploads\/2023\/07\/WhatsApp-Image-2023-07-17-at-10.39.56-PM2-225x300.jpeg\" class=\"attachment-medium size-medium\" alt=\"\" srcset=\"https:\/\/primicias2262.com\/noticias\/wp-content\/uploads\/2023\/07\/WhatsApp-Image-2023-07-17-at-10.39.56-PM2-225x300.jpeg 225w, https:\/\/primicias2262.com\/noticias\/wp-content\/uploads\/2023\/07\/WhatsApp-Image-2023-07-17-at-10.39.56-PM2-768x1024.jpeg 768w, https:\/\/primicias2262.com\/noticias\/wp-content\/uploads\/2023\/07\/WhatsApp-Image-2023-07-17-at-10.39.56-PM2-1152x1536.jpeg 1152w, https:\/\/primicias2262.com\/noticias\/wp-content\/uploads\/2023\/07\/WhatsApp-Image-2023-07-17-at-10.39.56-PM2-150x200.jpeg 150w, https:\/\/primicias2262.com\/noticias\/wp-content\/uploads\/2023\/07\/WhatsApp-Image-2023-07-17-at-10.39.56-PM2-300x400.jpeg 300w, https:\/\/primicias2262.com\/noticias\/wp-content\/uploads\/2023\/07\/WhatsApp-Image-2023-07-17-at-10.39.56-PM2-696x928.jpeg 696w, https:\/\/primicias2262.com\/noticias\/wp-content\/uploads\/2023\/07\/WhatsApp-Image-2023-07-17-at-10.39.56-PM2-1068x1424.jpeg 1068w, https:\/\/primicias2262.com\/noticias\/wp-content\/uploads\/2023\/07\/WhatsApp-Image-2023-07-17-at-10.39.56-PM2.jpeg 1200w\" sizes=\"auto, (max-width: 225px) 100vw, 225px\" \/><\/a>\n\t\t\t<\/div><\/figure>\n\t\t<\/div>\n\n<p>Adem\u00e1s, compitieron tambi\u00e9n en el selectivo Agustina Monjes, Zoe Alberca y Candela Cajaravilla. Se recuerda que en el \u00e1mbito del pat\u00edn, Hurac\u00e1n de nuestra ciudad forma parte de la Asociaci\u00f3n Marplatense, la cual particip\u00f3 fue parte de este selectivo junto a representantes de la Asociaci\u00f3n Pampeana, Federaci\u00f3n Provincia de Buenos Aires y Asociaci\u00f3n Tandilense.<\/p>\n<p><a href=\"https:\/\/primicias2262.com\/noticias\/wp-content\/uploads\/2023\/07\/Patin-Huracan-selectivo2.jpeg\"><img loading=\"lazy\" decoding=\"async\" class=\"aligncenter size-full wp-image-101791\" src=\"https:\/\/primicias2262.com\/noticias\/wp-content\/uploads\/2023\/07\/Patin-Huracan-selectivo2.jpeg\" alt=\"\" width=\"1599\" height=\"1599\" srcset=\"https:\/\/primicias2262.com\/noticias\/wp-content\/uploads\/2023\/07\/Patin-Huracan-selectivo2.jpeg 1599w, https:\/\/primicias2262.com\/noticias\/wp-content\/uploads\/2023\/07\/Patin-Huracan-selectivo2-300x300.jpeg 300w, https:\/\/primicias2262.com\/noticias\/wp-content\/uploads\/2023\/07\/Patin-Huracan-selectivo2-1024x1024.jpeg 1024w, https:\/\/primicias2262.com\/noticias\/wp-content\/uploads\/2023\/07\/Patin-Huracan-selectivo2-150x150.jpeg 150w, https:\/\/primicias2262.com\/noticias\/wp-content\/uploads\/2023\/07\/Patin-Huracan-selectivo2-768x768.jpeg 768w, https:\/\/primicias2262.com\/noticias\/wp-content\/uploads\/2023\/07\/Patin-Huracan-selectivo2-1536x1536.jpeg 1536w, https:\/\/primicias2262.com\/noticias\/wp-content\/uploads\/2023\/07\/Patin-Huracan-selectivo2-696x696.jpeg 696w, https:\/\/primicias2262.com\/noticias\/wp-content\/uploads\/2023\/07\/Patin-Huracan-selectivo2-1068x1068.jpeg 1068w\" sizes=\"auto, (max-width: 1599px) 100vw, 1599px\" \/><\/a><\/p>\n","protected":false},"excerpt":{"rendered":"<p>Brillante desempe\u00f1o del pat\u00edn art\u00edstico del \u201cGlobo\u201d en el Regional Selectivo, donde 14 de 17 chicas se ganaron en pista el pasaje a las prestigiosas citas en C\u00f3rdoba y Neuqu\u00e9n. El pat\u00edn art\u00edstico del Club Social y Deportivo Hurac\u00e1n, dirigido por la t\u00e9cnica nacional, Florencia Mart\u00edn, dio muestras una vez m\u00e1s del crecimiento sostenido en [&hellip;]<\/p>\n","protected":false},"author":3,"featured_media":102015,"comment_status":"open","ping_status":"open","sticky":false,"template":"","format":"standard","meta":{"footnotes":""},"categories":[3],"tags":[],"class_list":["post-102014","post","type-post","status-publish","format-standard","has-post-thumbnail","category-masnoticias"],"_links":{"self":[{"href":"https:\/\/primicias2262.com\/noticias\/wp-json\/wp\/v2\/posts\/102014","targetHints":{"allow":["GET"]}}],"collection":[{"href":"https:\/\/primicias2262.com\/noticias\/wp-json\/wp\/v2\/posts"}],"about":[{"href":"https:\/\/primicias2262.com\/noticias\/wp-json\/wp\/v2\/types\/post"}],"author":[{"embeddable":true,"href":"https:\/\/primicias2262.com\/noticias\/wp-json\/wp\/v2\/users\/3"}],"replies":[{"embeddable":true,"href":"https:\/\/primicias2262.com\/noticias\/wp-json\/wp\/v2\/comments?post=102014"}],"version-history":[{"count":1,"href":"https:\/\/primicias2262.com\/noticias\/wp-json\/wp\/v2\/posts\/102014\/revisions"}],"predecessor-version":[{"id":102016,"href":"https:\/\/primicias2262.com\/noticias\/wp-json\/wp\/v2\/posts\/102014\/revisions\/102016"}],"wp:featuredmedia":[{"embeddable":true,"href":"https:\/\/primicias2262.com\/noticias\/wp-json\/wp\/v2\/media\/102015"}],"wp:attachment":[{"href":"https:\/\/primicias2262.com\/noticias\/wp-json\/wp\/v2\/media?parent=102014"}],"wp:term":[{"taxonomy":"category","embeddable":true,"href":"https:\/\/primicias2262.com\/noticias\/wp-json\/wp\/v2\/categories?post=102014"},{"taxonomy":"post_tag","embeddable":true,"href":"https:\/\/primicias2262.com\/noticias\/wp-json\/wp\/v2\/tags?post=102014"}],"curies":[{"name":"wp","href":"https:\/\/api.w.org\/{rel}","templated":true}]}}