{"id":102021,"date":"2023-07-18T17:51:28","date_gmt":"2023-07-18T17:51:28","guid":{"rendered":"https:\/\/primicias2262.com\/noticias\/?p=102021"},"modified":"2023-07-18T17:51:28","modified_gmt":"2023-07-18T17:51:28","slug":"establecen-los-requisitos-para-acceder-a-una-licencia-especial-para-trabajadores-registrados","status":"publish","type":"post","link":"https:\/\/primicias2262.com\/noticias\/establecen-los-requisitos-para-acceder-a-una-licencia-especial-para-trabajadores-registrados\/","title":{"rendered":"Establecen los requisitos para acceder a una licencia especial para trabajadores registrados"},"content":{"rendered":"<div class=\"col-12 col-sm-9\">\n<div class=\"nota_content mt-30\">\n<p><strong>El Ministerio de Trabajo estableci\u00f3 el procedimiento que deber\u00e1n cumplir los padres de hijos con c\u00e1ncer para gozar del nuevo r\u00e9gimen de licencias laborales especiales.<\/strong><\/p>\n<p>La decisi\u00f3n se vincula con lo estipulado en la Ley N\u00b0 27.674 de Protecci\u00f3n Integral del Ni\u00f1o, Ni\u00f1a y Adolescente con C\u00e1ncer.<\/p>\n<p>Ahora, a trav\u00e9s de la resoluci\u00f3n 918\/2023, publicada este martes en el Bolet\u00edn Oficial, el Poder Ejecutivo dispuso que los trabajadores en relaci\u00f3n de dependencia, tanto del sector p\u00fablico como del privado, podr\u00e1n acompa\u00f1ar a sus hijos \u201cen la realizaci\u00f3n de los estudios, rehabilitaciones y tratamientos inherentes a la recuperaci\u00f3n y mantenimiento de su estado de salud\u201d.<\/p>\n<p>Durante la licencia, el trabajador percibir\u00e1 de la Anses las asignaciones correspondientes y una suma igual a la retribuci\u00f3n que le corresponda al per\u00edodo de licencia, de conformidad con las exigencias, plazos, topes y dem\u00e1s requisitos que prevean las reglamentaciones respectivas, de acuerdo con el texto oficial.<\/p>\n<p>La notificaci\u00f3n de la solicitud del uso de licencia deber\u00e1 efectuarse con al menos 72 horas de anticipaci\u00f3n, a trav\u00e9s de un Formulario Tipo que determine la Anses, junto con copia del Certificado \u00e9nico Oncopedi\u00e1trico (CUOP) emitido por el Instituto Nacional del C\u00e1ncer.<\/p>\n<p>La planilla deber\u00e1 ser suscripta y contener como m\u00ednimo la siguiente informaci\u00f3n:<\/p>\n<p>\u2014 Fecha de inicio y duraci\u00f3n de la licencia.<\/p>\n<p>\u2014 Datos del trabajador o trabajadora que har\u00e1 uso de la licencia.<\/p>\n<p>\u2014 Datos de la\/s otra\/s persona\/s legitimada\/s a solicitar la licencia, si las hubiere.<\/p>\n<p>\u2014 Manifestaci\u00f3n con car\u00e1cter de declaraci\u00f3n jurada respecto a si hubiere otra persona legitimada para usufructuar la licencia y que esta desisti\u00f3 expresamente de efectuar para s\u00ed la petici\u00f3n por id\u00e9ntico per\u00edodo.<\/p>\n<p>\u2014 Los datos del empleador.<\/p>\n<p>Por otra parte, el per\u00edodo de licencia previsto por la Ley se computar\u00e1 como tiempo de servicio a los efectos de las prestaciones del seguro por desempleo.<\/p>\n<p>La Ley N\u00b0 27.674 cre\u00f3 el R\u00e9gimen de Protecci\u00f3n Integral del Ni\u00f1o, Ni\u00f1a y Adolescente con C\u00e1ncer y reconoce el derecho de licencias especiales sin goce de haberes, para uno de los progenitores o representantes legales o quienes se encuentren a cargo de los menores enfermos.<\/p>\n<\/div>\n<\/div>\n","protected":false},"excerpt":{"rendered":"<p>El Ministerio de Trabajo estableci\u00f3 el procedimiento que deber\u00e1n cumplir los padres de hijos con c\u00e1ncer para gozar del nuevo r\u00e9gimen de licencias laborales especiales. La decisi\u00f3n se vincula con lo estipulado en la Ley N\u00b0 27.674 de Protecci\u00f3n Integral del Ni\u00f1o, Ni\u00f1a y Adolescente con C\u00e1ncer. Ahora, a trav\u00e9s de la resoluci\u00f3n 918\/2023, publicada [&hellip;]<\/p>\n","protected":false},"author":3,"featured_media":101878,"comment_status":"open","ping_status":"open","sticky":false,"template":"","format":"standard","meta":{"footnotes":""},"categories":[7],"tags":[],"class_list":{"0":"post-102021","1":"post","2":"type-post","3":"status-publish","4":"format-standard","5":"has-post-thumbnail","7":"category-nac"},"_links":{"self":[{"href":"https:\/\/primicias2262.com\/noticias\/wp-json\/wp\/v2\/posts\/102021","targetHints":{"allow":["GET"]}}],"collection":[{"href":"https:\/\/primicias2262.com\/noticias\/wp-json\/wp\/v2\/posts"}],"about":[{"href":"https:\/\/primicias2262.com\/noticias\/wp-json\/wp\/v2\/types\/post"}],"author":[{"embeddable":true,"href":"https:\/\/primicias2262.com\/noticias\/wp-json\/wp\/v2\/users\/3"}],"replies":[{"embeddable":true,"href":"https:\/\/primicias2262.com\/noticias\/wp-json\/wp\/v2\/comments?post=102021"}],"version-history":[{"count":1,"href":"https:\/\/primicias2262.com\/noticias\/wp-json\/wp\/v2\/posts\/102021\/revisions"}],"predecessor-version":[{"id":102022,"href":"https:\/\/primicias2262.com\/noticias\/wp-json\/wp\/v2\/posts\/102021\/revisions\/102022"}],"wp:featuredmedia":[{"embeddable":true,"href":"https:\/\/primicias2262.com\/noticias\/wp-json\/wp\/v2\/media\/101878"}],"wp:attachment":[{"href":"https:\/\/primicias2262.com\/noticias\/wp-json\/wp\/v2\/media?parent=102021"}],"wp:term":[{"taxonomy":"category","embeddable":true,"href":"https:\/\/primicias2262.com\/noticias\/wp-json\/wp\/v2\/categories?post=102021"},{"taxonomy":"post_tag","embeddable":true,"href":"https:\/\/primicias2262.com\/noticias\/wp-json\/wp\/v2\/tags?post=102021"}],"curies":[{"name":"wp","href":"https:\/\/api.w.org\/{rel}","templated":true}]}}