{"id":102023,"date":"2023-07-18T17:53:09","date_gmt":"2023-07-18T17:53:09","guid":{"rendered":"https:\/\/primicias2262.com\/noticias\/?p=102023"},"modified":"2023-07-18T17:53:09","modified_gmt":"2023-07-18T17:53:09","slug":"lo-celso-en-la-mira-del-barcelona","status":"publish","type":"post","link":"https:\/\/primicias2262.com\/noticias\/lo-celso-en-la-mira-del-barcelona\/","title":{"rendered":"Lo Celso, en la mira del Barcelona"},"content":{"rendered":"<div class=\"col-12 col-sm-9\">\n<div class=\"nota_content mt-30\">\n<p>El mediocampista argentino <strong>Giovani Lo Celso<\/strong>, del Tottenham de Inglaterra, podr\u00eda convertirse en refuerzo el <strong>Barcelona,<\/strong> que este lunes present\u00f3 al alem\u00e1n <strong>Ilkay G\u00fcndogan<\/strong> pero sigue buscando otro mediocampista para la pr\u00f3xima temporada.<\/p>\n<p>\u201cLo Celso se ha convertido en uno de los candidatos con m\u00e1s opciones de ocupar el puesto de centrocampista que a\u00fan queda vacante en el Barcelona. La buena relaci\u00f3n que los cul\u00e9s mantienen con el Tottenham podr\u00eda resultar decisiva para provocar su desembarco en el equipo azulgrana\u201d, destaca este lunes el diario Sport.<\/p>\n<p>La informaci\u00f3n agrega que entre las \u201ctareas pendientes del Barcelona\u201d figura la de incorporar un futbolista que juegue de \u201cenganche\u201d y ese puesto inicialmente reservado a Lionel Messi podr\u00eda ser ocupado por Lo Celso.<\/p>\n<p>El jugador argentino, de 27 a\u00f1os regres\u00f3 a Tottenham luego de su paso de una temporada y media por el Villarreal de Espa\u00f1a, donde jug\u00f3 51 partidos oficiales, convirti\u00f3 tres goles y brind\u00f3 cuatro asistencias.<\/p>\n<\/div>\n<\/div>\n","protected":false},"excerpt":{"rendered":"<p>El mediocampista argentino Giovani Lo Celso, del Tottenham de Inglaterra, podr\u00eda convertirse en refuerzo el Barcelona, que este lunes present\u00f3 al alem\u00e1n Ilkay G\u00fcndogan pero sigue buscando otro mediocampista para la pr\u00f3xima temporada. \u201cLo Celso se ha convertido en uno de los candidatos con m\u00e1s opciones de ocupar el puesto de centrocampista que a\u00fan queda [&hellip;]<\/p>\n","protected":false},"author":3,"featured_media":102024,"comment_status":"open","ping_status":"open","sticky":false,"template":"","format":"standard","meta":{"footnotes":""},"categories":[7],"tags":[],"class_list":{"0":"post-102023","1":"post","2":"type-post","3":"status-publish","4":"format-standard","5":"has-post-thumbnail","7":"category-nac"},"_links":{"self":[{"href":"https:\/\/primicias2262.com\/noticias\/wp-json\/wp\/v2\/posts\/102023","targetHints":{"allow":["GET"]}}],"collection":[{"href":"https:\/\/primicias2262.com\/noticias\/wp-json\/wp\/v2\/posts"}],"about":[{"href":"https:\/\/primicias2262.com\/noticias\/wp-json\/wp\/v2\/types\/post"}],"author":[{"embeddable":true,"href":"https:\/\/primicias2262.com\/noticias\/wp-json\/wp\/v2\/users\/3"}],"replies":[{"embeddable":true,"href":"https:\/\/primicias2262.com\/noticias\/wp-json\/wp\/v2\/comments?post=102023"}],"version-history":[{"count":1,"href":"https:\/\/primicias2262.com\/noticias\/wp-json\/wp\/v2\/posts\/102023\/revisions"}],"predecessor-version":[{"id":102025,"href":"https:\/\/primicias2262.com\/noticias\/wp-json\/wp\/v2\/posts\/102023\/revisions\/102025"}],"wp:featuredmedia":[{"embeddable":true,"href":"https:\/\/primicias2262.com\/noticias\/wp-json\/wp\/v2\/media\/102024"}],"wp:attachment":[{"href":"https:\/\/primicias2262.com\/noticias\/wp-json\/wp\/v2\/media?parent=102023"}],"wp:term":[{"taxonomy":"category","embeddable":true,"href":"https:\/\/primicias2262.com\/noticias\/wp-json\/wp\/v2\/categories?post=102023"},{"taxonomy":"post_tag","embeddable":true,"href":"https:\/\/primicias2262.com\/noticias\/wp-json\/wp\/v2\/tags?post=102023"}],"curies":[{"name":"wp","href":"https:\/\/api.w.org\/{rel}","templated":true}]}}