{"id":102030,"date":"2023-07-18T17:56:48","date_gmt":"2023-07-18T17:56:48","guid":{"rendered":"https:\/\/primicias2262.com\/noticias\/?p=102030"},"modified":"2023-07-18T17:56:48","modified_gmt":"2023-07-18T17:56:48","slug":"grabois-y-la-interna-de-union-por-la-patria-no-estoy-tan-seguro-de-que-voy-a-perder","status":"publish","type":"post","link":"https:\/\/primicias2262.com\/noticias\/grabois-y-la-interna-de-union-por-la-patria-no-estoy-tan-seguro-de-que-voy-a-perder\/","title":{"rendered":"Grabois y la interna de Uni\u00f3n por la Patria: \u201cNo estoy tan seguro de que voy a perder\u201d"},"content":{"rendered":"<div class=\"col-12 col-sm-9\">\n<div class=\"nota_content mt-30\">\n<p><strong>El dirigente del Movimiento de Trabajadores Excluidos (MTE) y precandidato a presidente, Juan Grabois, carg\u00f3 contra su competidor en la interna de Uni\u00f3n por la Patria, el ministro de Econom\u00eda, Sergio Massa, y se mostr\u00f3 optimista de cara a los comicios que tendr\u00e1n lugar el 13 de agosto (abiertas) y el 22 de octubre (generales).<\/strong><\/p>\n<p>\u201cNo estoy tan seguro de que voy a perder\u201d, enfatiz\u00f3.<\/p>\n<p>Al respecto, puso de ejemplo la elecci\u00f3n en Santa Fe, espec\u00edficamente en la ciudad de Rosario en la que el precandidato Juan Monteverde dio el batacazo y venci\u00f3 al postulante del peronismo, Roberto Sukerman, en la interna oficialista.<\/p>\n<p>\u201cHay que ver lo que pas\u00f3 en Rosario. Juan Monteverde que pertenece a mi generaci\u00f3n, formado en los mismos principios, gan\u00f3 inesperadamente la interna de Uni\u00f3n por la Patria porque es un tipo honesto, con ideas nuevas, que no viene con todo el aparato\u201d, desarroll\u00f3.<\/p>\n<p>Grabois plante\u00f3 adem\u00e1s que su postulaci\u00f3n responde a que \u201chay un poco de rebeli\u00f3n en contra de ciertos mandatos absolutamente incomprensibles de por qu\u00e9 las cosas terminan siendo de una manera\u201d, y se pregunt\u00f3: \u201c\u00bfC\u00f3mo lleg\u00f3 el campo popular, latinoamericanista a tener el candidato que tiene? \u00bfPor qu\u00e9 no es Wado (de Pedro, ministro del Interior) el candidato?\u201d.<\/p>\n<p>No es la primera vez que el dirigente social reclama a Wado de Pedro como representaci\u00f3n de la coalici\u00f3n de Gobierno, incluso lleg\u00f3 a bajar su candidatura cuando el mercedino oficializ\u00f3 su intenciones de competir por la presidencia.<\/p>\n<p>Finalmente, Uni\u00f3n por la Patria anunci\u00f3 que Sergio Massa- Agust\u00edn Rossi ser\u00eda la f\u00f3rmula que competir\u00eda por la coalici\u00f3n, y Grabois a relanz\u00f3 su lista acompa\u00f1ado por Paula Abal Medina.<\/p>\n<p>\u201cMe cuesta aceptarlo, por eso dijimos que vamos a jugar en las PASO, sabiendo que tenemos la cancha inclinada y que representa un grupo pol\u00edtico empresario muy poderosos con conexiones en el exterior que a nosotros no nos interesa tener\u201d, explic\u00f3 en una entrevista brindada a LN+.<\/p>\n<p>Para el referente de Patria Grande, el ministro de Econom\u00eda y l\u00edder del Frente Renovador \u201cser\u00eda otra persona en otra coalici\u00f3n, pero est\u00e1 en Uni\u00f3n por la Patria, entonces hay un l\u00edmite\u201d, y agreg\u00f3: \u201cLa deshumanizaci\u00f3n del discurso jalonado por (Javier) Milei en los discursos de (Patricia) Bullrich y (Horacio Rodr\u00edguez) Larreta es lo que delimita a Uni\u00f3n por la Patria de Juntos por el Cambio\u201d.<\/p>\n<p>Asimismo, sostuvo que el jefe de Gobierno porte\u00f1o \u201cpas\u00f3 del centro a la derecha\u201d, y lo acus\u00f3 de haber quedado \u201cdesdibujado\u201d en el escenario pol\u00edtico. Adem\u00e1s, afirm\u00f3 que la titular del PRO en uso de licencia radicaliz\u00f3 su discurso \u201cde la derecha a la extrema derecha\u201d.<\/p>\n<hr \/>\n<h5><strong>\u201cEl peso est\u00e1 muerto, hay que cambiar de moneda\u201d<\/strong><\/h5>\n<hr \/>\n<hr \/>\n<p>Adem\u00e1s, se defini\u00f3 como humanista y cristiano, y asegur\u00f3 que la f\u00f3rmula que integra \u201ctienen un poquito m\u00e1s que ver con el peronismo que Massa-Rossi\u201d.<\/p>\n<p>\u201cTiene que ver con el valor de la justicia social que no est\u00e1 siendo representada. \u00bfC\u00f3mo puede ser que crece la torta, crece el PBI y crezca la pobreza? Es que hay un patr\u00f3n regresivo en la distribuci\u00f3n de la riqueza que tiene que ver con el peso est\u00e1 muerto y no hicimos el duelo\u201d, diagnostic\u00f3.<\/p>\n<p>\u201cEl peso est\u00e1 muerto y no le hicimos el duelo. Hay que cambiar la denominaci\u00f3n, hay que cambiar la moneda y nosotros tenemos un planteo de la unificaci\u00f3n monetaria con Brasil que se puede revisar pero evidentemente con esta moneda no vamos para ning\u00fan lado\u201d, propuso en una clara cr\u00edtica a la gesti\u00f3n econ\u00f3mica del gobierno de Alberto Fern\u00e1ndez.<\/p>\n<hr \/>\n<h5><strong>\u201cNo lo conozco a Massa\u201d<\/strong><\/h5>\n<p>En otro pasaje de la entrevista, reiter\u00f3 sus cr\u00edticas al precandidato a presidente que expresa la f\u00f3rmula de apoyo mayoritario: \u201cYo no lo conozco a Massa. \u00bfCu\u00e1l es Massa el de la UCeDe?\u00bfEl Massa antikirchnerista? \u00bfEl Massa que ahora -a mi modo de ver, un poco indignamente- anda pidiendo por favor a La C\u00e1mpora y a Cristina que lo levanten upa porque tiene miedo a ver si me van dos o tres puntos m\u00e1s para m\u00ed?\u201d, asever\u00f3.<\/p>\n<p>\u201cEs indigno, les pide saquen este comunicado, esta foto . No me gusta eso que hace, me parece que podr\u00eda haber un poco m\u00e1s de fair play\u201d, denunci\u00f3 Grabois.<\/p>\n<p>A pesar de sus cuestionamientos dej\u00f3 en claro que, en caso de salir derrotado en la interna, acompa\u00f1ar\u00e1 la lista vencedora y justific\u00f3 su lanzamiento al sostener que debido a \u201c\u00e9tica de la responsabilidad\u201d, su espacio no se resign\u00f3 a aceptar que \u201clo mejor podr\u00eda haber sido era Massa\u201d.<\/p>\n<p>\u201cPor eso nos presentamos. \u00bfDesde cu\u00e1ndo no hay internas en el peronismo? Desde Menem y Cafiero, nosotros rompimos la tendencia del monopolio pol\u00edtico de la rosca\u201d, concluy\u00f3.<\/p>\n<\/div>\n<\/div>\n","protected":false},"excerpt":{"rendered":"<p>El dirigente del Movimiento de Trabajadores Excluidos (MTE) y precandidato a presidente, Juan Grabois, carg\u00f3 contra su competidor en la interna de Uni\u00f3n por la Patria, el ministro de Econom\u00eda, Sergio Massa, y se mostr\u00f3 optimista de cara a los comicios que tendr\u00e1n lugar el 13 de agosto (abiertas) y el 22 de octubre (generales). [&hellip;]<\/p>\n","protected":false},"author":3,"featured_media":102031,"comment_status":"open","ping_status":"open","sticky":false,"template":"","format":"standard","meta":{"footnotes":""},"categories":[7],"tags":[],"class_list":{"0":"post-102030","1":"post","2":"type-post","3":"status-publish","4":"format-standard","5":"has-post-thumbnail","7":"category-nac"},"_links":{"self":[{"href":"https:\/\/primicias2262.com\/noticias\/wp-json\/wp\/v2\/posts\/102030","targetHints":{"allow":["GET"]}}],"collection":[{"href":"https:\/\/primicias2262.com\/noticias\/wp-json\/wp\/v2\/posts"}],"about":[{"href":"https:\/\/primicias2262.com\/noticias\/wp-json\/wp\/v2\/types\/post"}],"author":[{"embeddable":true,"href":"https:\/\/primicias2262.com\/noticias\/wp-json\/wp\/v2\/users\/3"}],"replies":[{"embeddable":true,"href":"https:\/\/primicias2262.com\/noticias\/wp-json\/wp\/v2\/comments?post=102030"}],"version-history":[{"count":2,"href":"https:\/\/primicias2262.com\/noticias\/wp-json\/wp\/v2\/posts\/102030\/revisions"}],"predecessor-version":[{"id":102033,"href":"https:\/\/primicias2262.com\/noticias\/wp-json\/wp\/v2\/posts\/102030\/revisions\/102033"}],"wp:featuredmedia":[{"embeddable":true,"href":"https:\/\/primicias2262.com\/noticias\/wp-json\/wp\/v2\/media\/102031"}],"wp:attachment":[{"href":"https:\/\/primicias2262.com\/noticias\/wp-json\/wp\/v2\/media?parent=102030"}],"wp:term":[{"taxonomy":"category","embeddable":true,"href":"https:\/\/primicias2262.com\/noticias\/wp-json\/wp\/v2\/categories?post=102030"},{"taxonomy":"post_tag","embeddable":true,"href":"https:\/\/primicias2262.com\/noticias\/wp-json\/wp\/v2\/tags?post=102030"}],"curies":[{"name":"wp","href":"https:\/\/api.w.org\/{rel}","templated":true}]}}