{"id":102037,"date":"2023-07-19T16:53:00","date_gmt":"2023-07-19T16:53:00","guid":{"rendered":"https:\/\/primicias2262.com\/noticias\/?p=102037"},"modified":"2023-07-20T14:21:22","modified_gmt":"2023-07-20T14:21:22","slug":"habra-tres-dias-de-festejos-y-tocara-la-nueva-luna-por-los-169-anos-de-quequen","status":"publish","type":"post","link":"https:\/\/primicias2262.com\/noticias\/habra-tres-dias-de-festejos-y-tocara-la-nueva-luna-por-los-169-anos-de-quequen\/","title":{"rendered":"Habr\u00e1 tres d\u00edas de festejos y tocar\u00e1 La Nueva Luna por los 169 a\u00f1os de Quequ\u00e9n"},"content":{"rendered":"<p><strong>As\u00ed lo confirm\u00f3 el delegado municipal Mario Wilgenhoff, quien anticip\u00f3 los preparativos del 169\u00ba Aniversario de Quequ\u00e9n, que se cumple el jueves 3 de agosto.<\/strong><\/p>\n<p>A dos semanas de cumplirse el 169\u00ba Aniversario de la fundaci\u00f3n de Quequ\u00e9n, el delegado municipal, Mario Wilgenhoff, adelant\u00f3 que el jueves 3 de agosto habr\u00e1 un tedeum en la Capilla de la Merced y un acto protocolar con las autoridades frente a la Plaza de los Ni\u00f1os, mientras que el festejo constar\u00e1 de tres d\u00edas en la Plaza \u201cHip\u00f3lito Yrigoyen\u201d, del viernes 4 al domingo 6.<\/p>\n<p>El funcionario mencion\u00f3 que en la plaza habr\u00e1 distintos espect\u00e1culos, propuestas gastron\u00f3micas, emprendedores que ofrecer\u00e1n sus productos y un parque de diversiones, \u201cy por supuesto la presencia de muchos artistas locales\u00a0 y n\u00fameros nacionales, ya que el s\u00e1bado va a cerrar la Nueva Luna y el domingo estar\u00e1 Nico Mattioli\u201d, inform\u00f3.<\/p>\n<p>Adem\u00e1s, el domingo 6 a partir de las 10 habr\u00e1 un desfile c\u00edvico militar con la presencia de la Banda de la Armada, con 200 militares en escena, mientras que por la tarde, precisamente desde las 15, se realizar\u00e1 el tradicional corte de torta.<\/p>\n<p>Quien es delegado municipal desde hace diez meses, hizo extensiva la invitaci\u00f3n a la celebraci\u00f3n de los 169 a\u00f1os de Quequ\u00e9n a todo el distrito y la zona, y a la hora de brindar una reflexi\u00f3n actual sobre la ciudad subray\u00f3 que \u201cQuequ\u00e9n tiene entre 30 y 40 a\u00f1os de olvido, pero el intendente Arturo Rojas ha hecho muchas obras que quiz\u00e1 no se ven porque est\u00e1n bajo tierra, como cloacas y agua, que no solo es obra p\u00fablica, sino salud\u201d.<\/p>\n<p><a href=\"https:\/\/primicias2262.com\/noticias\/wp-content\/uploads\/2023\/07\/19-07-FOTO-Mario-Wilgenhoff.jpeg\"><img loading=\"lazy\" decoding=\"async\" class=\"aligncenter size-full wp-image-102038\" src=\"https:\/\/primicias2262.com\/noticias\/wp-content\/uploads\/2023\/07\/19-07-FOTO-Mario-Wilgenhoff.jpeg\" alt=\"\" width=\"1600\" height=\"1066\" srcset=\"https:\/\/primicias2262.com\/noticias\/wp-content\/uploads\/2023\/07\/19-07-FOTO-Mario-Wilgenhoff.jpeg 1600w, https:\/\/primicias2262.com\/noticias\/wp-content\/uploads\/2023\/07\/19-07-FOTO-Mario-Wilgenhoff-300x200.jpeg 300w, https:\/\/primicias2262.com\/noticias\/wp-content\/uploads\/2023\/07\/19-07-FOTO-Mario-Wilgenhoff-1024x682.jpeg 1024w, https:\/\/primicias2262.com\/noticias\/wp-content\/uploads\/2023\/07\/19-07-FOTO-Mario-Wilgenhoff-768x512.jpeg 768w, https:\/\/primicias2262.com\/noticias\/wp-content\/uploads\/2023\/07\/19-07-FOTO-Mario-Wilgenhoff-1536x1023.jpeg 1536w, https:\/\/primicias2262.com\/noticias\/wp-content\/uploads\/2023\/07\/19-07-FOTO-Mario-Wilgenhoff-150x100.jpeg 150w, https:\/\/primicias2262.com\/noticias\/wp-content\/uploads\/2023\/07\/19-07-FOTO-Mario-Wilgenhoff-696x464.jpeg 696w, https:\/\/primicias2262.com\/noticias\/wp-content\/uploads\/2023\/07\/19-07-FOTO-Mario-Wilgenhoff-1068x712.jpeg 1068w\" sizes=\"auto, (max-width: 1600px) 100vw, 1600px\" \/><\/a>Incluso, se\u00f1al\u00f3 Wilgenhoff que \u201chay un mont\u00f3n de obras programadas para lo que viene que tienen que ver con m\u00e1s de estos servicios b\u00e1sicos como cloaca y cord\u00f3n cuneta\u201d, pero tambi\u00e9n se dedic\u00f3 a resaltar \u201cel crecimiento que ha tenido la inversi\u00f3n del privado en Quequ\u00e9n, sobre todo en el sector de la costa\u201d, argumentando que \u201cha habido inversiones importantes y eso lo genera la confianza en el Intendente\u201d.<\/p>\n<p>\u201cCreo que el sector privado apuesta cuando ve que hay seriedad y que hay un intendente que ha puesto un distrito en marcha, entonces se arriesga a una inversi\u00f3n y lo cierto es que Quequ\u00e9n esta \u00faltima temporada fue elegido por mucha gente, con una oferta tur\u00edstica muy interesante, la cual est\u00e1 en crecimiento, de hecho, para m\u00ed tur\u00edsticamente Quequ\u00e9n se est\u00e1 despertando y tiene un gran potencial en adelante, y en ese sentido desde el sector p\u00fablico estamos acompa\u00f1ando al privado, haciendo lo que tenemos que hacer con la obra p\u00fablica y mejorando la calidad de vida a los quequenenses\u201d, concluy\u00f3 el delegado.<\/p>\n","protected":false},"excerpt":{"rendered":"<p>As\u00ed lo confirm\u00f3 el delegado municipal Mario Wilgenhoff, quien anticip\u00f3 los preparativos del 169\u00ba Aniversario de Quequ\u00e9n, que se cumple el jueves 3 de agosto. A dos semanas de cumplirse el 169\u00ba Aniversario de la fundaci\u00f3n de Quequ\u00e9n, el delegado municipal, Mario Wilgenhoff, adelant\u00f3 que el jueves 3 de agosto habr\u00e1 un tedeum en la [&hellip;]<\/p>\n","protected":false},"author":3,"featured_media":102039,"comment_status":"open","ping_status":"open","sticky":false,"template":"","format":"standard","meta":{"footnotes":""},"categories":[3],"tags":[],"class_list":["post-102037","post","type-post","status-publish","format-standard","has-post-thumbnail","category-masnoticias"],"_links":{"self":[{"href":"https:\/\/primicias2262.com\/noticias\/wp-json\/wp\/v2\/posts\/102037","targetHints":{"allow":["GET"]}}],"collection":[{"href":"https:\/\/primicias2262.com\/noticias\/wp-json\/wp\/v2\/posts"}],"about":[{"href":"https:\/\/primicias2262.com\/noticias\/wp-json\/wp\/v2\/types\/post"}],"author":[{"embeddable":true,"href":"https:\/\/primicias2262.com\/noticias\/wp-json\/wp\/v2\/users\/3"}],"replies":[{"embeddable":true,"href":"https:\/\/primicias2262.com\/noticias\/wp-json\/wp\/v2\/comments?post=102037"}],"version-history":[{"count":1,"href":"https:\/\/primicias2262.com\/noticias\/wp-json\/wp\/v2\/posts\/102037\/revisions"}],"predecessor-version":[{"id":102040,"href":"https:\/\/primicias2262.com\/noticias\/wp-json\/wp\/v2\/posts\/102037\/revisions\/102040"}],"wp:featuredmedia":[{"embeddable":true,"href":"https:\/\/primicias2262.com\/noticias\/wp-json\/wp\/v2\/media\/102039"}],"wp:attachment":[{"href":"https:\/\/primicias2262.com\/noticias\/wp-json\/wp\/v2\/media?parent=102037"}],"wp:term":[{"taxonomy":"category","embeddable":true,"href":"https:\/\/primicias2262.com\/noticias\/wp-json\/wp\/v2\/categories?post=102037"},{"taxonomy":"post_tag","embeddable":true,"href":"https:\/\/primicias2262.com\/noticias\/wp-json\/wp\/v2\/tags?post=102037"}],"curies":[{"name":"wp","href":"https:\/\/api.w.org\/{rel}","templated":true}]}}