{"id":102054,"date":"2023-07-19T17:32:06","date_gmt":"2023-07-19T17:32:06","guid":{"rendered":"https:\/\/primicias2262.com\/noticias\/?p=102054"},"modified":"2023-07-20T11:32:28","modified_gmt":"2023-07-20T11:32:28","slug":"se-acordo-un-aumento-salarial-del-24-con-los-haberes-de-julio-para-los-municipales","status":"publish","type":"post","link":"https:\/\/primicias2262.com\/noticias\/se-acordo-un-aumento-salarial-del-24-con-los-haberes-de-julio-para-los-municipales\/","title":{"rendered":"Se acord\u00f3 un aumento salarial del 24% con los haberes de julio para los Municipales"},"content":{"rendered":"<p><strong>De esta manera, los trabajadores municipales llegan a un acumulado del 50,92% en lo que de paritaria durante el presente a\u00f1o.<\/strong><\/p>\n<p>En una reuni\u00f3n encabezada por el intendente Arturo Rojas, el Departamento Ejecutivo recibi\u00f3 antes del mediod\u00eda de este mi\u00e9rcoles 19 a los representantes del STMN, ATE y AGNQ para rubricar el acta acuerdo que establece un aumento salarial del 24% (veinticuatro por ciento) para el personal de la comuna con los haberes correspondientes a este mes de julio, calculado sobre la base del sueldo b\u00e1sico inicial.<\/p>\n<p>La r\u00fabrica de este entendimiento, que corresponde al segundo trimestre de la paritaria 2023, implica un incremento acumulado para los trabajadores del Estado local del 50,92%.<\/p>\n<p>Dicho aumento comprender\u00e1 a los municipales que revisten car\u00e1cter de personal de planta permanente, mensualizado, temporario, reemplazante y horas catedra, excluy\u00e9ndose al personal de carrera m\u00e9dica hospitalaria y personal docente de los jardines municipales.<\/p>\n<p>Durante el c\u00f3nclave estuvieron acompa\u00f1ando al Jefe de la comuna los secretarios de Gobierno, Jorge Mart\u00ednez, y de Legal y T\u00e9cnica, Ernesto Povilaitis; mientras que el Sindicato de Trabajadores Municipales estuvo representando por Gast\u00f3n D\u00edaz y Alberto Gim\u00e9nez, la Asociaci\u00f3n de Trabajadores del Estado por Claudia Van Der Vluet y Enzo Otranto, y la Asociaci\u00f3n de Guardavidas Necochea y Quequ\u00e9n por Mauro Ialungo y Sebasti\u00e1n Mart\u00ednez.<\/p>\n","protected":false},"excerpt":{"rendered":"<p>De esta manera, los trabajadores municipales llegan a un acumulado del 50,92% en lo que de paritaria durante el presente a\u00f1o. En una reuni\u00f3n encabezada por el intendente Arturo Rojas, el Departamento Ejecutivo recibi\u00f3 antes del mediod\u00eda de este mi\u00e9rcoles 19 a los representantes del STMN, ATE y AGNQ para rubricar el acta acuerdo que [&hellip;]<\/p>\n","protected":false},"author":3,"featured_media":102056,"comment_status":"open","ping_status":"open","sticky":false,"template":"","format":"standard","meta":{"footnotes":""},"categories":[3],"tags":[],"class_list":["post-102054","post","type-post","status-publish","format-standard","has-post-thumbnail","category-masnoticias"],"_links":{"self":[{"href":"https:\/\/primicias2262.com\/noticias\/wp-json\/wp\/v2\/posts\/102054","targetHints":{"allow":["GET"]}}],"collection":[{"href":"https:\/\/primicias2262.com\/noticias\/wp-json\/wp\/v2\/posts"}],"about":[{"href":"https:\/\/primicias2262.com\/noticias\/wp-json\/wp\/v2\/types\/post"}],"author":[{"embeddable":true,"href":"https:\/\/primicias2262.com\/noticias\/wp-json\/wp\/v2\/users\/3"}],"replies":[{"embeddable":true,"href":"https:\/\/primicias2262.com\/noticias\/wp-json\/wp\/v2\/comments?post=102054"}],"version-history":[{"count":2,"href":"https:\/\/primicias2262.com\/noticias\/wp-json\/wp\/v2\/posts\/102054\/revisions"}],"predecessor-version":[{"id":102078,"href":"https:\/\/primicias2262.com\/noticias\/wp-json\/wp\/v2\/posts\/102054\/revisions\/102078"}],"wp:featuredmedia":[{"embeddable":true,"href":"https:\/\/primicias2262.com\/noticias\/wp-json\/wp\/v2\/media\/102056"}],"wp:attachment":[{"href":"https:\/\/primicias2262.com\/noticias\/wp-json\/wp\/v2\/media?parent=102054"}],"wp:term":[{"taxonomy":"category","embeddable":true,"href":"https:\/\/primicias2262.com\/noticias\/wp-json\/wp\/v2\/categories?post=102054"},{"taxonomy":"post_tag","embeddable":true,"href":"https:\/\/primicias2262.com\/noticias\/wp-json\/wp\/v2\/tags?post=102054"}],"curies":[{"name":"wp","href":"https:\/\/api.w.org\/{rel}","templated":true}]}}