{"id":102066,"date":"2023-07-19T14:42:11","date_gmt":"2023-07-19T14:42:11","guid":{"rendered":"https:\/\/primicias2262.com\/noticias\/?p=102066"},"modified":"2023-07-19T17:43:04","modified_gmt":"2023-07-19T17:43:04","slug":"el-gobierno-bonaerense-acordo-un-nuevo-aumento-salarial-para-los-estatales","status":"publish","type":"post","link":"https:\/\/primicias2262.com\/noticias\/el-gobierno-bonaerense-acordo-un-nuevo-aumento-salarial-para-los-estatales\/","title":{"rendered":"El Gobierno bonaerense acord\u00f3 un nuevo aumento salarial para los estatales"},"content":{"rendered":"<div class=\"col-xs-12 col-sm-9 col-md-6 col-lg-8\">\n<div class=\"row\">\n<div class=\"col-12 col-sm-9\">\n<div class=\"nota_content mt-30\">\n<p><strong>El Gobierno bonaerense acord\u00f3 un nuevo aumento salarial para las y los trabajadores del Estado, que implica un incremento acumulado en los sueldos que llegar\u00e1 al 70 por ciento e incluye tambi\u00e9n un aumento del 15 por ciento en septiembre, se inform\u00f3 oficialmente.<\/strong><\/p>\n<p>Seg\u00fan un comunicado, el gobernador Axel Kicillof se reuni\u00f3 con los representantes de los gremios estatales, docentes, personal de salud, judiciales y dem\u00e1s reg\u00edmenes especiales de la provincia para anunciar un nuevo incremento salarial a partir de julio.<\/p>\n<p>El nuevo acuerdo implica que el incremento acumulado llegar\u00e1 al 70%; e incluye tambi\u00e9n un aumento del 15% en septiembre.<\/p>\n<p>Asimismo, se aumentar\u00e1 el monto de las asignaciones familiares ordinarias y extraordinarias hasta casi duplicarlo, de manera tal que la Asignaci\u00f3n por Hijo (AUH) del tramo 1 pasar\u00e1 de $ 6.096 a $ 12.000.<\/p>\n<\/div>\n<\/div>\n<\/div>\n<\/div>\n<div class=\"col-xs-12 col-sm-6 col-md-4 col-lg-4\"><\/div>\n","protected":false},"excerpt":{"rendered":"<p>El Gobierno bonaerense acord\u00f3 un nuevo aumento salarial para las y los trabajadores del Estado, que implica un incremento acumulado en los sueldos que llegar\u00e1 al 70 por ciento e incluye tambi\u00e9n un aumento del 15 por ciento en septiembre, se inform\u00f3 oficialmente. Seg\u00fan un comunicado, el gobernador Axel Kicillof se reuni\u00f3 con los representantes [&hellip;]<\/p>\n","protected":false},"author":3,"featured_media":100415,"comment_status":"open","ping_status":"open","sticky":false,"template":"","format":"standard","meta":{"footnotes":""},"categories":[7],"tags":[],"class_list":{"0":"post-102066","1":"post","2":"type-post","3":"status-publish","4":"format-standard","5":"has-post-thumbnail","7":"category-nac"},"_links":{"self":[{"href":"https:\/\/primicias2262.com\/noticias\/wp-json\/wp\/v2\/posts\/102066","targetHints":{"allow":["GET"]}}],"collection":[{"href":"https:\/\/primicias2262.com\/noticias\/wp-json\/wp\/v2\/posts"}],"about":[{"href":"https:\/\/primicias2262.com\/noticias\/wp-json\/wp\/v2\/types\/post"}],"author":[{"embeddable":true,"href":"https:\/\/primicias2262.com\/noticias\/wp-json\/wp\/v2\/users\/3"}],"replies":[{"embeddable":true,"href":"https:\/\/primicias2262.com\/noticias\/wp-json\/wp\/v2\/comments?post=102066"}],"version-history":[{"count":2,"href":"https:\/\/primicias2262.com\/noticias\/wp-json\/wp\/v2\/posts\/102066\/revisions"}],"predecessor-version":[{"id":102068,"href":"https:\/\/primicias2262.com\/noticias\/wp-json\/wp\/v2\/posts\/102066\/revisions\/102068"}],"wp:featuredmedia":[{"embeddable":true,"href":"https:\/\/primicias2262.com\/noticias\/wp-json\/wp\/v2\/media\/100415"}],"wp:attachment":[{"href":"https:\/\/primicias2262.com\/noticias\/wp-json\/wp\/v2\/media?parent=102066"}],"wp:term":[{"taxonomy":"category","embeddable":true,"href":"https:\/\/primicias2262.com\/noticias\/wp-json\/wp\/v2\/categories?post=102066"},{"taxonomy":"post_tag","embeddable":true,"href":"https:\/\/primicias2262.com\/noticias\/wp-json\/wp\/v2\/tags?post=102066"}],"curies":[{"name":"wp","href":"https:\/\/api.w.org\/{rel}","templated":true}]}}