{"id":102069,"date":"2023-07-19T17:44:34","date_gmt":"2023-07-19T17:44:34","guid":{"rendered":"https:\/\/primicias2262.com\/noticias\/?p=102069"},"modified":"2023-07-19T17:44:34","modified_gmt":"2023-07-19T17:44:34","slug":"messi-tambien-volvera-a-jugar-con-jordi-alba","status":"publish","type":"post","link":"https:\/\/primicias2262.com\/noticias\/messi-tambien-volvera-a-jugar-con-jordi-alba\/","title":{"rendered":"Messi tambi\u00e9n volver\u00e1 a jugar con Jordi Alba"},"content":{"rendered":"<p><strong>Inter Miami<\/strong> cerr\u00f3 los \u00faltimos detalles para la contrataci\u00f3n del defensor catal\u00e1n<strong> Jordi Alba<\/strong> y as\u00ed unirse al plantel, que ya cuenta en sus filas con <strong>Lionel Messi<\/strong> y el espa\u00f1ol <strong>Sergio Busquets<\/strong>, compa\u00f1eros en Barcelona de Espa\u00f1a.<\/p>\n<p>En los pr\u00f3ximas d\u00edas, el jugador oriundo de Catalu\u00f1a, arribar\u00e1 a Fort Lauderdale para reunirse con sus aliados en el conjunto \u201cCul\u00e9\u201d, de acuerdo a las palabras que el propietario <strong>Jorge M\u00e1s Canosa<\/strong> le brind\u00f3 al canal TyC Sports en horas de la ma\u00f1ana.<\/p>\n<p>El due\u00f1o de la franquicia floridiana recalc\u00f3 que el jugador, integrante de la Selecci\u00f3n Espa\u00f1ola en la Copa del Mundo de Qatar 2022, ya sell\u00f3 su contrato y se lleg\u00f3 a un acuerdo, sin precisar m\u00e1s detalles sobre el convenio entre ambas partes.<\/p>\n<p>Alba, de 34 a\u00f1os, llegar\u00e1 al equipo conducido por Gerardo Martino, tras comunicarle a la instituci\u00f3n \u2018azulgrana\u2019 su negativa de continuar en el club, el pasado 24 de mayo, luego de cumplir 11 temporadas, donde obtuvo 18 t\u00edtulos: 6 ligas locales, 4 Supercopas de Espa\u00f1a, 5 Copas del Rey, una Supercopa de Europa, una Copa de Campeones y un Mundial de Clubes.<\/p>\n<p>Sus compa\u00f1eros, Messi y Busquets, completaron la primera pr\u00e1ctica formal en Inter Miami, este martes por la ma\u00f1ana, en el centro de entrenamiento, \u201cFlorida Blue\u201d, ubicado en las adyacencias del estadio \u201cDrive Pink\u201d en Fort Lauderdale.<\/p>\n","protected":false},"excerpt":{"rendered":"<p>Inter Miami cerr\u00f3 los \u00faltimos detalles para la contrataci\u00f3n del defensor catal\u00e1n Jordi Alba y as\u00ed unirse al plantel, que ya cuenta en sus filas con Lionel Messi y el espa\u00f1ol Sergio Busquets, compa\u00f1eros en Barcelona de Espa\u00f1a. En los pr\u00f3ximas d\u00edas, el jugador oriundo de Catalu\u00f1a, arribar\u00e1 a Fort Lauderdale para reunirse con sus [&hellip;]<\/p>\n","protected":false},"author":3,"featured_media":102070,"comment_status":"open","ping_status":"open","sticky":false,"template":"","format":"standard","meta":{"footnotes":""},"categories":[7],"tags":[],"class_list":{"0":"post-102069","1":"post","2":"type-post","3":"status-publish","4":"format-standard","5":"has-post-thumbnail","7":"category-nac"},"_links":{"self":[{"href":"https:\/\/primicias2262.com\/noticias\/wp-json\/wp\/v2\/posts\/102069","targetHints":{"allow":["GET"]}}],"collection":[{"href":"https:\/\/primicias2262.com\/noticias\/wp-json\/wp\/v2\/posts"}],"about":[{"href":"https:\/\/primicias2262.com\/noticias\/wp-json\/wp\/v2\/types\/post"}],"author":[{"embeddable":true,"href":"https:\/\/primicias2262.com\/noticias\/wp-json\/wp\/v2\/users\/3"}],"replies":[{"embeddable":true,"href":"https:\/\/primicias2262.com\/noticias\/wp-json\/wp\/v2\/comments?post=102069"}],"version-history":[{"count":1,"href":"https:\/\/primicias2262.com\/noticias\/wp-json\/wp\/v2\/posts\/102069\/revisions"}],"predecessor-version":[{"id":102071,"href":"https:\/\/primicias2262.com\/noticias\/wp-json\/wp\/v2\/posts\/102069\/revisions\/102071"}],"wp:featuredmedia":[{"embeddable":true,"href":"https:\/\/primicias2262.com\/noticias\/wp-json\/wp\/v2\/media\/102070"}],"wp:attachment":[{"href":"https:\/\/primicias2262.com\/noticias\/wp-json\/wp\/v2\/media?parent=102069"}],"wp:term":[{"taxonomy":"category","embeddable":true,"href":"https:\/\/primicias2262.com\/noticias\/wp-json\/wp\/v2\/categories?post=102069"},{"taxonomy":"post_tag","embeddable":true,"href":"https:\/\/primicias2262.com\/noticias\/wp-json\/wp\/v2\/tags?post=102069"}],"curies":[{"name":"wp","href":"https:\/\/api.w.org\/{rel}","templated":true}]}}