{"id":102072,"date":"2023-07-20T11:22:44","date_gmt":"2023-07-20T11:22:44","guid":{"rendered":"https:\/\/primicias2262.com\/noticias\/?p=102072"},"modified":"2023-07-20T11:22:44","modified_gmt":"2023-07-20T11:22:44","slug":"quinta-seccion-25-listas-van-por-las-11-bancas-en-juego-en-la-legislatura-bonaerense","status":"publish","type":"post","link":"https:\/\/primicias2262.com\/noticias\/quinta-seccion-25-listas-van-por-las-11-bancas-en-juego-en-la-legislatura-bonaerense\/","title":{"rendered":"Quinta Secci\u00f3n: 25 listas van por las 11 bancas en juego en la Legislatura bonaerense"},"content":{"rendered":"<p><strong>Este 2023 se renuevan los 11 cargos de diputados provinciales elegidos en 2019, quienes en diciembre finalizan sus mandatos. Juntos por el Cambio y Uni\u00f3n por la Patria, de acuerdo a los pron\u00f3sticos, van por la victoria en la regi\u00f3n. La Libertad Avanza busca llegar a la C\u00e1mara baja bonaerense.<\/strong><\/p>\n<p><strong>Por Jorge G\u00f3mez<\/strong><\/p>\n<p>La Junta Electoral bonaerense oficializ\u00f3 25 listas para las elecciones de la Quinta Secci\u00f3n electoral donde en los comicios de este a\u00f1o se elegir\u00e1n 11 diputados provinciales. En todas ellas se observa una fuerte presencia de la pol\u00edtica marplatense y donde General Pueyrredon aporta casi la mitad del padr\u00f3n. Informes y cr\u00f3nicas al respecto surgen desde la ciudad de Mar del Plata y son parte de este informe.<\/p>\n<p>Como cada cuatro a\u00f1os, nuestra secci\u00f3n que nuclea a 27 distritos principalmente del sudeste bonaerense con partidos como Chascom\u00fas, Tandil, Necochea y San Cayetano, adem\u00e1s de los vecinos General Alvarado, Balcarce y Mar Chiquita; le corresponder\u00e1 renovar sus 11 bancas en la C\u00e1mara de Diputados, sobre el total de 92 que se reparten entre las ocho secciones electorales.<\/p>\n<p>Quien pone mayor cantidad de bancas en juego es el oficialismo provincial, con seis que acumulan entre las cinco del actual bloque del Frente de Todos y una de Unidad Para la Victoria, un desprendimiento del que participa la marplatense D\u00e9bora Indarte.<\/p>\n<p>En tanto, las restantes cinco pertenecen a la oposici\u00f3n provincial, cuatro del bloque Juntos por el Cambio y una de Espacio Abierto Juntos, del necochense Mart\u00edn Dom\u00ednguez Yelpo, alineado a Diego Santilli y Melchor Posse.<\/p>\n<p>La curiosidad es que, en las elecciones de 2019, Juntos por el Cambio obtuvo seis bancas con el 48% de la lista encabezada por el ahora candidato a senador nacional y presidente de la UCR bonaerense, Maximiliano Abad, frente al 43% que logr\u00f3 el Frente de Todos liderado por el exintendente de La Costa, Juan Pablo de Jes\u00fas, que sum\u00f3 cinco esca\u00f1os.<\/p>\n<p><strong>Uni\u00f3n por la Patria<\/strong><\/p>\n<p>Tras el acuerdo entre el Frente de Todos y Acci\u00f3n Marplatenses en General Pueyrredon, el ex intendente Gustavo Pulti encabeza la lista seccional para por primera vez ocupar un cargo fuera de Mar del Plata.<\/p>\n<p>Est\u00e1 secundado por la titular de Anses en San Miguel del Monte, Marcela Basualdo. Tercero se ubica Juan Pablo de Jes\u00fas, quien apuesta a renovar su banca. Cuarta va Luciana Padulo (Frente Renovador), quien tambi\u00e9n busca continuar en la Legislatura, aunque en 2019 ingres\u00f3 por la S\u00e9ptima Secci\u00f3n. Un referente de La C\u00e1mpora de Chascom\u00fas, Jos\u00e9 Ignacio Rossi, se ubica en quinto lugar.<\/p>\n<p><strong>Juntos por el Cambio<\/strong><\/p>\n<p>La lista interna \u201cLa Fuerza del Cambio\u201d que lleva la candidatura a gobernador de N\u00e9stor Grindetti y presidencial de Patricia Bullrich, lleva como primer candidato al marplatense Diego Garciarena, dirigente radical, ex concejal por el Frente Para la Victoria (2007-2011), actual prosecretario legislativo de la C\u00e1mara de Diputados de la Provincia y hombre de extrema confianza de Abad.<\/p>\n<p>El segundo lugar es para Sof\u00eda Pomponio (Pro), una joven funcionaria de la Secretar\u00eda de Seguridad en el gobierno de Montenegro y alineada a Bullrich.<\/p>\n<p>M\u00e1s atr\u00e1s aparecen Ra\u00fal Cad\u00e1a, otro dirigente ajeno a la Quinta Secci\u00f3n -se desempe\u00f1a como funcionario en el gobierno de Julio Garro en La Plata-, la tambi\u00e9n marplatense Johanna Panebianco (Pro) -quien busca renovar su banca- y quinto Emilio Sucar Grau, presidente del partido Unir de Mar del Plata y ex subsecretario de Inspecci\u00f3n General de Carlos Arroyo.<\/p>\n<p>En tanto, por la lista \u201cFalta Menos para Vivir sin Miedo\u201d que impulsa la candidatura a gobernador de Diego Santilli y la presidencial de Horacio Rodr\u00edguez Larreta, va en primer t\u00e9rmino Mat\u00edas Civale, presidente de la Usina de Tandil y dirigente vinculado al intendente radical Miguel Lunghi.<\/p>\n<p>Segunda va Romina Braga, quien preside la Coalici\u00f3n C\u00edvica de Pergamino (Segunda Secci\u00f3n) pero se presenta por la Quinta.<\/p>\n<p>Tercero aparece el concejal marplatense Fernando Muro (Pro), cuarta Aldana Echeverr\u00eda, actual presidenta de la Juventud Radical de Mar del Plata -enfrentada al oficialismo de Abad- y quinto el necochense Mart\u00edn Dom\u00ednguez Yelpo, quien va por su tercer mandato, o sea por otros cuatro a\u00f1os.<\/p>\n<p>M\u00e1s relegados aparecen el dirigente marplatense de la Coalici\u00f3n C\u00edvica, Carlos Abruza (Octavo) y la concejala del Pro, Florencia Ranellucci (D\u00e9cima).<\/p>\n<p><strong>La Libertad Avanza<\/strong><\/p>\n<p>Es el restante espacio que aparece con posibilidades de ganar alguna de las bancas en juego, ya que debe obtener un piso del 9% de los votos para entrar en la conversaci\u00f3n, un n\u00famero que depender\u00e1 en gran parte de la capacidad de evitar el corte de boleta por el arrastre de la lista presidencial de Javier Milei.<\/p>\n<p>La n\u00f3mina es encabezada por el concejal marplatense Alejandro Carrancio, quien desde el partido Crear tuvo a su cargo el armado libertario en la Quinta Secci\u00f3n.<\/p>\n<p>Lo acompa\u00f1an Sabrina Sabat y Gast\u00f3n Abonjo.<\/p>\n<p>La lista tambi\u00e9n est\u00e1 integrada por la exsecretaria de Desarrollo Social de Carlos Arroyo, Patricia Leniz, en octavo t\u00e9rmino.<\/p>\n<p><strong>Frente de Izquierda y los Trabajadores Unidad<\/strong><\/p>\n<p>Es el otro espacio que ir\u00e1 a internas y que suele superar con holgura el 1,5% en las PASO para as\u00ed participar de las Elecciones Generales de octubre.<\/p>\n<p>La lista interna \u201cUnidad de Luchadores y la Izquierda\u201d entre el Partido Obrero y el MST lleva como primera candidata a Sonia Magasinik (MST), acompa\u00f1ada por el dirigente del Polo Obrero, Walter Orozco, ambos marplatense.<\/p>\n<p>Por la lista interna \u201cUnir y Fortalecer la Izquierda\u201d, del PTS e Izquierda Socialista, proponen a Axel Jara (PTS) y Denise Alonso.<\/p>\n<p>Las restantes 19 listas tendr\u00e1n como principal desaf\u00edo superar el 1,5% de los votos v\u00e1lidos que les permita participar de las Generales. Con su respectivo primer candidato a diputado provincial, ellas son:<\/p>\n<ul>\n<li>Pol\u00edtica Obrera: Mar\u00eda Agustina Vaccaroni<\/li>\n<li>Movimiento Avanzada Socialista (Nuevo MAS): Facundo Beccalli<\/li>\n<li>Movimiento Libres del Sur: Adela Vismara<\/li>\n<li>Principios y Valores: Denise Mouche<\/li>\n<li>Liber.Ar: Emilio Cort\u00e9s<\/li>\n<li>Buenos Aires Primero: Rodolfo Nievas<\/li>\n<li>Todos por Buenos Aires: Mart\u00edn Intili<\/li>\n<li>Corriente de Pensamiento Bonaerense (CoPeBo): V\u00edctor Baz\u00e1n<\/li>\n<li>Movimiento de Integraci\u00f3n Federal: Gisela Mance\u00f1ido<\/li>\n<li>Justicia y Dignidad Patri\u00f3tica: Alverto Fauro<\/li>\n<li>Frente Federal de Acci\u00f3n Solidaria: Alfredo Bord\u00f3n<\/li>\n<li>Confianza P\u00fablica: Carlos Ram\u00edrez<\/li>\n<li>Encuentro Republicano Federal: Roberto Marqu\u00ednez<\/li>\n<li>Pol\u00edtica Abierta para la Integraci\u00f3n Social (PAIS): Marcela Fabero<\/li>\n<li>Esperanza del Pueblo: Irma Armoa<\/li>\n<li>Vocaci\u00f3n Social: Aylen Andrada<\/li>\n<li>Frente Patriota Vecinal: Juan Jos\u00e9 Paonessa<\/li>\n<li>Proyecto Joven: Miguel Ivorra<\/li>\n<li>Celeste Provida: Claudio Torres<\/li>\n<\/ul>\n","protected":false},"excerpt":{"rendered":"<p>Este 2023 se renuevan los 11 cargos de diputados provinciales elegidos en 2019, quienes en diciembre finalizan sus mandatos. Juntos por el Cambio y Uni\u00f3n por la Patria, de acuerdo a los pron\u00f3sticos, van por la victoria en la regi\u00f3n. La Libertad Avanza busca llegar a la C\u00e1mara baja bonaerense. Por Jorge G\u00f3mez La Junta [&hellip;]<\/p>\n","protected":false},"author":3,"featured_media":102073,"comment_status":"open","ping_status":"open","sticky":false,"template":"","format":"standard","meta":{"footnotes":""},"categories":[7],"tags":[],"class_list":{"0":"post-102072","1":"post","2":"type-post","3":"status-publish","4":"format-standard","5":"has-post-thumbnail","7":"category-nac"},"_links":{"self":[{"href":"https:\/\/primicias2262.com\/noticias\/wp-json\/wp\/v2\/posts\/102072","targetHints":{"allow":["GET"]}}],"collection":[{"href":"https:\/\/primicias2262.com\/noticias\/wp-json\/wp\/v2\/posts"}],"about":[{"href":"https:\/\/primicias2262.com\/noticias\/wp-json\/wp\/v2\/types\/post"}],"author":[{"embeddable":true,"href":"https:\/\/primicias2262.com\/noticias\/wp-json\/wp\/v2\/users\/3"}],"replies":[{"embeddable":true,"href":"https:\/\/primicias2262.com\/noticias\/wp-json\/wp\/v2\/comments?post=102072"}],"version-history":[{"count":1,"href":"https:\/\/primicias2262.com\/noticias\/wp-json\/wp\/v2\/posts\/102072\/revisions"}],"predecessor-version":[{"id":102074,"href":"https:\/\/primicias2262.com\/noticias\/wp-json\/wp\/v2\/posts\/102072\/revisions\/102074"}],"wp:featuredmedia":[{"embeddable":true,"href":"https:\/\/primicias2262.com\/noticias\/wp-json\/wp\/v2\/media\/102073"}],"wp:attachment":[{"href":"https:\/\/primicias2262.com\/noticias\/wp-json\/wp\/v2\/media?parent=102072"}],"wp:term":[{"taxonomy":"category","embeddable":true,"href":"https:\/\/primicias2262.com\/noticias\/wp-json\/wp\/v2\/categories?post=102072"},{"taxonomy":"post_tag","embeddable":true,"href":"https:\/\/primicias2262.com\/noticias\/wp-json\/wp\/v2\/tags?post=102072"}],"curies":[{"name":"wp","href":"https:\/\/api.w.org\/{rel}","templated":true}]}}