{"id":102082,"date":"2023-07-22T13:46:42","date_gmt":"2023-07-22T13:46:42","guid":{"rendered":"https:\/\/primicias2262.com\/noticias\/?p=102082"},"modified":"2023-07-24T16:13:00","modified_gmt":"2023-07-24T16:13:00","slug":"la-familia-de-pascual-corapi-organiza-un-almuerzo-a-beneficio-de-la-cooperadora-del-hospital-irurzun","status":"publish","type":"post","link":"https:\/\/primicias2262.com\/noticias\/la-familia-de-pascual-corapi-organiza-un-almuerzo-a-beneficio-de-la-cooperadora-del-hospital-irurzun\/","title":{"rendered":"La familia de Pascual Corapi organiza un almuerzo a beneficio de la cooperadora del Hospital Irurzun"},"content":{"rendered":"<p><strong>La celebraci\u00f3n de los 70 a\u00f1os del recordado empresario qued\u00f3 trunca por su fallecimiento, pero su esposa e hijos decidieron reconvertir ese festejo en un almuerzo a beneficio de la \u00faltima instituci\u00f3n intermedia que fundara Pascual Corapi, la Asociaci\u00f3n Civil de fomento de la salud del Hospital Irurzun. Ser\u00e1 el 1\u00ba de octubre a partir de las 13 en Necopesca.<\/strong><\/p>\n<p>Por ello, la hija mayor de Pascual, Romina Corapi, pas\u00f3 por los estudios de \u201cVoces de la Ciudad\u201d y en nota con el periodista Jorge G\u00f3mez habl\u00f3 con emoci\u00f3n de su padre y la decisi\u00f3n que tomaron en familia. \u201cPap\u00e1 se extra\u00f1a mucho, es muy dif\u00edcil, pero fue muy linda su presencia y fue buen padre. Ten\u00edamos preparado todo para festejar su cumplea\u00f1os el 11 de junio, \u00e9l ya hab\u00eda mandado las invitaciones, pero falleci\u00f3 el 31 de mayo\u201d, record\u00f3.<\/p>\n<p>A partir de all\u00ed, relat\u00f3 que \u201cest\u00e1bamos con mis hermanos y mi mam\u00e1 diciendo qu\u00e9 hacemos, porque ya estaba todo pago, y se nos ocurri\u00f3 darle una donaci\u00f3n a la comisi\u00f3n de fomento del hospital. Mi pap\u00e1 estaba muy feliz desde que lograron tener la personer\u00eda jur\u00eddica, as\u00ed que todo lo que se recaude en el almuerzo ser\u00e1 a beneficio. Es una manera de mantenerlo vivo, haciendo lo que \u00e9l hac\u00eda, hablando con los lugares que a \u00e9l lo reconfortaban, y la verdad es que dej\u00f3 un legado hermoso\u201d.<\/p>\n<p>\u201c\u00c9l era institucionalista, \u00e9l cre\u00eda mucho en la instituci\u00f3n intermedia para que las cosas fluyan, y el 1\u00ba de octubre vamos a hacer un lindo asado a beneficio\u201d, concluy\u00f3 Romina.<\/p>\n<p><strong>La carta de Romina Corapi<\/strong><\/p>\n<p>Como todos saben el 31 de mayo falleci\u00f3 mi pap\u00e1. El 10 de junio cumpl\u00eda 70 a\u00f1os, y esperaba su fiesta con mucha emoci\u00f3n&#8230; pero la vida nos dio un rev\u00e9s y los planes cambiaron.<\/p>\n<p>Una de las tardes que lo visit\u00e9 en el hospital \u00e9l me dijo, el cumplea\u00f1os se hace conmigo o sin m\u00ed. Entonces, toda la familia decidi\u00f3 aunar dos de sus sue\u00f1os.<\/p>\n<p>Hace poco, hab\u00edan formado la Asociaci\u00f3n Civil de fomento de la salud del Hospital Irurzun, que pap\u00e1 presidia, y que so\u00f1aba, igual que toda la comisi\u00f3n, hacer obras para mejorar el hospital&#8230; entonces decidimos donar su fiesta de cumplea\u00f1os a la comisi\u00f3n.<\/p>\n<p>Es as\u00ed que el pr\u00f3ximo 1 de octubre, a las 13 hs, en el sal\u00f3n del Necopesca, se hace el almuerzo, en homenaje a mi viejo, y para juntar fondos para que se realicen obras en ese hospital.<\/p>\n<p>Los invitamos a acompa\u00f1arnos&#8230; quienes quieran comprar las tarjetas pueden contactarme, que tengo entradas a la venta.<\/p>\n<p><a href=\"https:\/\/primicias2262.com\/noticias\/wp-content\/uploads\/2023\/07\/flyer-homenaje-corapi.jpeg\"><img loading=\"lazy\" decoding=\"async\" class=\"aligncenter size-full wp-image-102083\" src=\"https:\/\/primicias2262.com\/noticias\/wp-content\/uploads\/2023\/07\/flyer-homenaje-corapi.jpeg\" alt=\"\" width=\"488\" height=\"867\" srcset=\"https:\/\/primicias2262.com\/noticias\/wp-content\/uploads\/2023\/07\/flyer-homenaje-corapi.jpeg 488w, https:\/\/primicias2262.com\/noticias\/wp-content\/uploads\/2023\/07\/flyer-homenaje-corapi-169x300.jpeg 169w, https:\/\/primicias2262.com\/noticias\/wp-content\/uploads\/2023\/07\/flyer-homenaje-corapi-150x266.jpeg 150w, https:\/\/primicias2262.com\/noticias\/wp-content\/uploads\/2023\/07\/flyer-homenaje-corapi-300x533.jpeg 300w\" sizes=\"auto, (max-width: 488px) 100vw, 488px\" \/><\/a><\/p>\n","protected":false},"excerpt":{"rendered":"<p>La celebraci\u00f3n de los 70 a\u00f1os del recordado empresario qued\u00f3 trunca por su fallecimiento, pero su esposa e hijos decidieron reconvertir ese festejo en un almuerzo a beneficio de la \u00faltima instituci\u00f3n intermedia que fundara Pascual Corapi, la Asociaci\u00f3n Civil de fomento de la salud del Hospital Irurzun. Ser\u00e1 el 1\u00ba de octubre a partir [&hellip;]<\/p>\n","protected":false},"author":3,"featured_media":102084,"comment_status":"open","ping_status":"open","sticky":false,"template":"","format":"standard","meta":{"footnotes":""},"categories":[5],"tags":[],"class_list":{"0":"post-102082","1":"post","2":"type-post","3":"status-publish","4":"format-standard","5":"has-post-thumbnail","7":"category-neco"},"_links":{"self":[{"href":"https:\/\/primicias2262.com\/noticias\/wp-json\/wp\/v2\/posts\/102082","targetHints":{"allow":["GET"]}}],"collection":[{"href":"https:\/\/primicias2262.com\/noticias\/wp-json\/wp\/v2\/posts"}],"about":[{"href":"https:\/\/primicias2262.com\/noticias\/wp-json\/wp\/v2\/types\/post"}],"author":[{"embeddable":true,"href":"https:\/\/primicias2262.com\/noticias\/wp-json\/wp\/v2\/users\/3"}],"replies":[{"embeddable":true,"href":"https:\/\/primicias2262.com\/noticias\/wp-json\/wp\/v2\/comments?post=102082"}],"version-history":[{"count":1,"href":"https:\/\/primicias2262.com\/noticias\/wp-json\/wp\/v2\/posts\/102082\/revisions"}],"predecessor-version":[{"id":102085,"href":"https:\/\/primicias2262.com\/noticias\/wp-json\/wp\/v2\/posts\/102082\/revisions\/102085"}],"wp:featuredmedia":[{"embeddable":true,"href":"https:\/\/primicias2262.com\/noticias\/wp-json\/wp\/v2\/media\/102084"}],"wp:attachment":[{"href":"https:\/\/primicias2262.com\/noticias\/wp-json\/wp\/v2\/media?parent=102082"}],"wp:term":[{"taxonomy":"category","embeddable":true,"href":"https:\/\/primicias2262.com\/noticias\/wp-json\/wp\/v2\/categories?post=102082"},{"taxonomy":"post_tag","embeddable":true,"href":"https:\/\/primicias2262.com\/noticias\/wp-json\/wp\/v2\/tags?post=102082"}],"curies":[{"name":"wp","href":"https:\/\/api.w.org\/{rel}","templated":true}]}}