{"id":102086,"date":"2023-07-22T13:51:04","date_gmt":"2023-07-22T13:51:04","guid":{"rendered":"https:\/\/primicias2262.com\/noticias\/?p=102086"},"modified":"2023-07-22T22:02:30","modified_gmt":"2023-07-22T22:02:30","slug":"organizan-la-pena-y-mateada-solidaria-todos-por-isaias","status":"publish","type":"post","link":"https:\/\/primicias2262.com\/noticias\/organizan-la-pena-y-mateada-solidaria-todos-por-isaias\/","title":{"rendered":"Organizan la pe\u00f1a y mateada solidaria \u201cTodos por Isa\u00edas\u201d"},"content":{"rendered":"<p><strong>Ser\u00e1 el domingo 20 de agosto en el Centro de Jubilados de Quequ\u00e9n, a total beneficio de Isa\u00edas y su familia, un ni\u00f1o de 7 a\u00f1os que afronta el tratamiento de una enfermedad. \u00a0<\/strong><\/p>\n<p>Quien est\u00e1 al frente de la movida solidaria es Patricia Laorca, responsable del merendero \u201cPancitas Contentas\u201d, en Quequ\u00e9n en 510 N\u00ba 769 y en el Barrio Fonavi en 63 bis 4639. Patricia dialog\u00f3 telef\u00f3nicamente con el periodista Jorge G\u00f3mez en \u201cVoces de la Ciudad\u201d, donde precis\u00f3 que se anuncia una pe\u00f1a y mateada solidaria \u201cTodos por Isa\u00edas\u201d, para el domingo 20 de agosto de 14 a 20 en el Centro de Jubilados de Quequ\u00e9n, con un valor de 300 pesos, todo destinado a recaudar fondos para asistir a la familia de Isa\u00edas.<\/p>\n<p>\u201cEs un peque\u00f1o de 7 a\u00f1os que padece linfoma de Hodgkin, est\u00e1 en tratamiento y viaja constantemente entre Buenos Aires y La Plata, necesita de nuestra ayuda, no solo \u00e9l sino su familia, porque tiene seis hermanitos\u201d, detall\u00f3 Laorca.<\/p>\n<p>Asimismo, apunt\u00f3 que \u201cestamos tambi\u00e9n con una rifa a 400 pesos el n\u00famero, son 100 n\u00fameros y tiene un sorteo de nueve premios\u2026 ya tenemos unos cuantos n\u00fameros vendidos y ese dinero se lo vamos enviando directamente a la mam\u00e1 de Isa\u00edas. Ni bien terminemos de vender todos los n\u00fameros se van a rifar los premios, mientras que en el evento del 20 de agosto vamos a vender numeritos para sortear diferentes cosas que nos vayan donando\u201d.<\/p>\n<p>No obstante, dej\u00f3 bien en claro que \u201clo m\u00e1s importante que necesitamos ahora es la colaboraci\u00f3n para la cantina de ese d\u00eda. Se van a vender tortas, pastelitos, gaseosas y jugos, y esas son las cosas que estamos solicitando que se colaboren\u201d, y aport\u00f3 a la pasada que menores de 8 a\u00f1os no pagan y adem\u00e1s no se vender\u00e1n bebidas alcoh\u00f3licas.<\/p>\n<p>Incluso, destac\u00f3 Patricia que cuentan con una grilla de cantantes de Necochea y Quequ\u00e9n anotados para colaborar, grupos de folclore, reggaet\u00f3n y hasta una guardia. \u201cSe est\u00e1 armando algo muy lindo\u201d, asegur\u00f3, y finalmente resalt\u00f3 el gesto de Daniel Argibay del Centro de Jubilados de Quequ\u00e9n, quien cede el lugar de forma totalmente gratuita para hacer la pe\u00f1a solidaria.<\/p>\n","protected":false},"excerpt":{"rendered":"<p>Ser\u00e1 el domingo 20 de agosto en el Centro de Jubilados de Quequ\u00e9n, a total beneficio de Isa\u00edas y su familia, un ni\u00f1o de 7 a\u00f1os que afronta el tratamiento de una enfermedad. \u00a0 Quien est\u00e1 al frente de la movida solidaria es Patricia Laorca, responsable del merendero \u201cPancitas Contentas\u201d, en Quequ\u00e9n en 510 N\u00ba [&hellip;]<\/p>\n","protected":false},"author":3,"featured_media":102151,"comment_status":"open","ping_status":"open","sticky":false,"template":"","format":"standard","meta":{"footnotes":""},"categories":[5],"tags":[],"class_list":{"0":"post-102086","1":"post","2":"type-post","3":"status-publish","4":"format-standard","5":"has-post-thumbnail","7":"category-neco"},"_links":{"self":[{"href":"https:\/\/primicias2262.com\/noticias\/wp-json\/wp\/v2\/posts\/102086","targetHints":{"allow":["GET"]}}],"collection":[{"href":"https:\/\/primicias2262.com\/noticias\/wp-json\/wp\/v2\/posts"}],"about":[{"href":"https:\/\/primicias2262.com\/noticias\/wp-json\/wp\/v2\/types\/post"}],"author":[{"embeddable":true,"href":"https:\/\/primicias2262.com\/noticias\/wp-json\/wp\/v2\/users\/3"}],"replies":[{"embeddable":true,"href":"https:\/\/primicias2262.com\/noticias\/wp-json\/wp\/v2\/comments?post=102086"}],"version-history":[{"count":2,"href":"https:\/\/primicias2262.com\/noticias\/wp-json\/wp\/v2\/posts\/102086\/revisions"}],"predecessor-version":[{"id":102118,"href":"https:\/\/primicias2262.com\/noticias\/wp-json\/wp\/v2\/posts\/102086\/revisions\/102118"}],"wp:featuredmedia":[{"embeddable":true,"href":"https:\/\/primicias2262.com\/noticias\/wp-json\/wp\/v2\/media\/102151"}],"wp:attachment":[{"href":"https:\/\/primicias2262.com\/noticias\/wp-json\/wp\/v2\/media?parent=102086"}],"wp:term":[{"taxonomy":"category","embeddable":true,"href":"https:\/\/primicias2262.com\/noticias\/wp-json\/wp\/v2\/categories?post=102086"},{"taxonomy":"post_tag","embeddable":true,"href":"https:\/\/primicias2262.com\/noticias\/wp-json\/wp\/v2\/tags?post=102086"}],"curies":[{"name":"wp","href":"https:\/\/api.w.org\/{rel}","templated":true}]}}