{"id":102088,"date":"2023-07-20T14:21:13","date_gmt":"2023-07-20T14:21:13","guid":{"rendered":"https:\/\/primicias2262.com\/noticias\/?p=102088"},"modified":"2023-07-21T12:01:38","modified_gmt":"2023-07-21T12:01:38","slug":"notable-puesta-en-valor-del-club-de-ajedrez-de-necochea","status":"publish","type":"post","link":"https:\/\/primicias2262.com\/noticias\/notable-puesta-en-valor-del-club-de-ajedrez-de-necochea\/","title":{"rendered":"Notable puesta en valor del Club de Ajedrez de Necochea"},"content":{"rendered":"<p><strong>La comisi\u00f3n encabezada por Pablo Bagal\u00e1 le cambi\u00f3 la cara a la hist\u00f3rica instituci\u00f3n con sede en la Galer\u00eda Central, luego de haber atravesado una etapa incierta durante la pandemia.<\/strong><\/p>\n<p>El actual presidente de dicho club pas\u00f3 por los estudios de \u201cVoces de la Ciudad\u201d, y en nota \u00a0con el periodista Jorge G\u00f3mez relat\u00f3 que \u201carranqu\u00e9 mi gesti\u00f3n el a\u00f1o pasado, reci\u00e9n sal\u00edamos de la pandemia y hab\u00edamos tenido un parate de dos a\u00f1os, ten\u00edamos deudas de expensas e impuestos de todos lados\u201d.<\/p>\n<p>Incluso, revel\u00f3 que estaba totalmente ajeno a la actividad cuando fueron a buscarlo. \u201cEstaba alejado del ajedrez hac\u00eda como 20 a\u00f1os, soy de la camada de Leo Trist\u00e1n, pero me fueron a buscar un d\u00eda dici\u00e9ndome que necesitaban gente y me acerqu\u00e9, y me desayun\u00e9 un mont\u00f3n de cosas\u201d.<\/p>\n<p><a href=\"https:\/\/primicias2262.com\/noticias\/wp-content\/uploads\/2023\/07\/pablo-bagala.jpeg\"><img loading=\"lazy\" decoding=\"async\" class=\"aligncenter size-full wp-image-102091\" src=\"https:\/\/primicias2262.com\/noticias\/wp-content\/uploads\/2023\/07\/pablo-bagala.jpeg\" alt=\"\" width=\"1024\" height=\"768\" srcset=\"https:\/\/primicias2262.com\/noticias\/wp-content\/uploads\/2023\/07\/pablo-bagala.jpeg 1024w, https:\/\/primicias2262.com\/noticias\/wp-content\/uploads\/2023\/07\/pablo-bagala-300x225.jpeg 300w, https:\/\/primicias2262.com\/noticias\/wp-content\/uploads\/2023\/07\/pablo-bagala-768x576.jpeg 768w, https:\/\/primicias2262.com\/noticias\/wp-content\/uploads\/2023\/07\/pablo-bagala-150x113.jpeg 150w, https:\/\/primicias2262.com\/noticias\/wp-content\/uploads\/2023\/07\/pablo-bagala-696x522.jpeg 696w\" sizes=\"auto, (max-width: 1024px) 100vw, 1024px\" \/><\/a>Desde all\u00ed \u201ctuvimos que hacer campa\u00f1a de socios, ir a buscar gente, conseguir algunos inversores y pusimos en valor el local: pintamos, pusimos luces led, cambiamos las mesas, pusimos mobiliario, cambiamos el piso y pusimos internet, as\u00ed que est\u00e1 nuevo\u201d, en referencia a la sede en el entrepiso de la Galer\u00eda Central, local n\u00ba 119, el cual fue comprado por el club.<\/p>\n<p>\u201cEstamos lunes, mi\u00e9rcoles y viernes desde las 20 hasta que se vaya el \u00faltimo, y tenemos una escuelita que funciona martes de 15 a 17 y jueves m\u00e1s a la tardecita\u201d, se\u00f1al\u00f3 Bagal\u00e1.<\/p>\n<p>Si bien tuvieron que cambiar de nombre en la instituci\u00f3n tras los tr\u00e1mites de personer\u00eda, y pasar a ser la Asociaci\u00f3n Ajedrez de Necochea, lo cierto es que para adentro y la sociedad siguen siendo el Club, cuya comisi\u00f3n se componen de nombres hist\u00f3ricos como el de Jos\u00e9 Luis Latorre, en calidad de vice. \u201cHay gente que naci\u00f3, se cri\u00f3 y se va a ir con el ajedrez, son hist\u00f3ricos\u201d, destac\u00f3 Bagala.<\/p>\n<p><a href=\"https:\/\/primicias2262.com\/noticias\/wp-content\/uploads\/2023\/07\/club-ajedrez2.jpg\"><img loading=\"lazy\" decoding=\"async\" class=\"aligncenter size-full wp-image-102090\" src=\"https:\/\/primicias2262.com\/noticias\/wp-content\/uploads\/2023\/07\/club-ajedrez2.jpg\" alt=\"\" width=\"960\" height=\"960\" srcset=\"https:\/\/primicias2262.com\/noticias\/wp-content\/uploads\/2023\/07\/club-ajedrez2.jpg 960w, https:\/\/primicias2262.com\/noticias\/wp-content\/uploads\/2023\/07\/club-ajedrez2-300x300.jpg 300w, https:\/\/primicias2262.com\/noticias\/wp-content\/uploads\/2023\/07\/club-ajedrez2-150x150.jpg 150w, https:\/\/primicias2262.com\/noticias\/wp-content\/uploads\/2023\/07\/club-ajedrez2-768x768.jpg 768w, https:\/\/primicias2262.com\/noticias\/wp-content\/uploads\/2023\/07\/club-ajedrez2-696x696.jpg 696w\" sizes=\"auto, (max-width: 960px) 100vw, 960px\" \/><\/a>Adem\u00e1s, en lo que parece ser un a\u00f1o de restituciones para el ajedrez local, el presidente del club no dej\u00f3 de resaltar que \u201cen marzo de este a\u00f1o, despu\u00e9s de cinco a\u00f1os de pausa, retomamos el Playas de Necochea (torneo hist\u00f3rico), y nos fue muy bien, y ahora estamos teniendo competencia regional con la creaci\u00f3n de un Prix entre Mar del Plata, Lober\u00eda, Miramar y Partido de la Costa\u201d.<\/p>\n<p>En referencia a \u00e9ste \u00faltimo, Bagal\u00e1 inform\u00f3 que se juega una fecha por mes en cada ciudad, desde Sub 8 hasta categor\u00eda senior, ya han ido a Mar del Plata y en agosto se hace en Necochea con sede a confirmar, aunque ya saben que esperan a unos 150 participantes.<\/p>\n<p>Finalmente, vale destacar que el club se fund\u00f3 el 1\u00ba de enero de 1928, cumpli\u00f3 95 a\u00f1os y fue creciendo casi de la mano con la historia de la ciudad. En pocos a\u00f1os tendr\u00e1 su centenario, por ello, la comisi\u00f3n trabaja con m\u00e1s ganas que nunca y en cuatro meses, con el apoyo de los socios y mucho trabajo, logr\u00f3 las siguientes acciones en la sede de la galer\u00eda.<\/p>\n<p>*cambio de los vidrios de frente.<\/p>\n<p>*cer\u00e1micos nuevos.<\/p>\n<p>*pintura del local.<\/p>\n<p>*tapizaron las sillas.<\/p>\n<p>*pusieron mesas nuevas.<\/p>\n<p>*adquisici\u00f3n de mobiliario.<\/p>\n<p>*dotaron de internet.<\/p>\n<p>*colocaron m\u00e1s y mejor luz.<\/p>\n","protected":false},"excerpt":{"rendered":"<p>La comisi\u00f3n encabezada por Pablo Bagal\u00e1 le cambi\u00f3 la cara a la hist\u00f3rica instituci\u00f3n con sede en la Galer\u00eda Central, luego de haber atravesado una etapa incierta durante la pandemia. El actual presidente de dicho club pas\u00f3 por los estudios de \u201cVoces de la Ciudad\u201d, y en nota \u00a0con el periodista Jorge G\u00f3mez relat\u00f3 que [&hellip;]<\/p>\n","protected":false},"author":3,"featured_media":102089,"comment_status":"open","ping_status":"open","sticky":false,"template":"","format":"standard","meta":{"footnotes":""},"categories":[3],"tags":[],"class_list":["post-102088","post","type-post","status-publish","format-standard","has-post-thumbnail","category-masnoticias"],"_links":{"self":[{"href":"https:\/\/primicias2262.com\/noticias\/wp-json\/wp\/v2\/posts\/102088","targetHints":{"allow":["GET"]}}],"collection":[{"href":"https:\/\/primicias2262.com\/noticias\/wp-json\/wp\/v2\/posts"}],"about":[{"href":"https:\/\/primicias2262.com\/noticias\/wp-json\/wp\/v2\/types\/post"}],"author":[{"embeddable":true,"href":"https:\/\/primicias2262.com\/noticias\/wp-json\/wp\/v2\/users\/3"}],"replies":[{"embeddable":true,"href":"https:\/\/primicias2262.com\/noticias\/wp-json\/wp\/v2\/comments?post=102088"}],"version-history":[{"count":2,"href":"https:\/\/primicias2262.com\/noticias\/wp-json\/wp\/v2\/posts\/102088\/revisions"}],"predecessor-version":[{"id":102117,"href":"https:\/\/primicias2262.com\/noticias\/wp-json\/wp\/v2\/posts\/102088\/revisions\/102117"}],"wp:featuredmedia":[{"embeddable":true,"href":"https:\/\/primicias2262.com\/noticias\/wp-json\/wp\/v2\/media\/102089"}],"wp:attachment":[{"href":"https:\/\/primicias2262.com\/noticias\/wp-json\/wp\/v2\/media?parent=102088"}],"wp:term":[{"taxonomy":"category","embeddable":true,"href":"https:\/\/primicias2262.com\/noticias\/wp-json\/wp\/v2\/categories?post=102088"},{"taxonomy":"post_tag","embeddable":true,"href":"https:\/\/primicias2262.com\/noticias\/wp-json\/wp\/v2\/tags?post=102088"}],"curies":[{"name":"wp","href":"https:\/\/api.w.org\/{rel}","templated":true}]}}