{"id":102100,"date":"2023-07-20T16:56:42","date_gmt":"2023-07-20T16:56:42","guid":{"rendered":"https:\/\/primicias2262.com\/noticias\/?p=102100"},"modified":"2023-07-21T17:33:57","modified_gmt":"2023-07-21T17:33:57","slug":"hay-que-refederalizar-a-argentina-porque-la-constitucion-es-federal-pero-en-la-practica-es-unitaria","status":"publish","type":"post","link":"https:\/\/primicias2262.com\/noticias\/hay-que-refederalizar-a-argentina-porque-la-constitucion-es-federal-pero-en-la-practica-es-unitaria\/","title":{"rendered":"\u201cHay que refederalizar a Argentina, porque la Constituci\u00f3n es federal pero en la pr\u00e1ctica es unitaria\u201d"},"content":{"rendered":"<p><strong>As\u00ed lo afirm\u00f3 el diputado nacional, Alejandro Rodr\u00edguez, quien junto a la oriunda de Juan N. Fern\u00e1ndez, Maite Crespo Bjerg, ambos anotados como precandidatos a diputados nacionales por la coalici\u00f3n Hacemos por Nuestro Pa\u00eds, que promociona la f\u00f3rmula presidencial Juan Schiaretti \u2013 Florencio Randazzo, estuvieorn de visita en \u201cVoces de la Ciudad\u201d, durante una nota realizada por el periodista Jorge G\u00f3mez.<\/strong><\/p>\n<p>De cara a las elecciones que se vienen, el tandilense apunt\u00f3 que \u201ctengo la impresi\u00f3n de que, como pocas veces antes, las principales f\u00f3rmula presidencialess son exageradamente bonaerenses o porte\u00f1as, y no veo candidatos a presidente que representen experiencia de trabajo en el coraz\u00f3n federal del pa\u00eds\u201d.<\/p>\n<p>En cambio, \u201cSchiaretti llega a promoverse como candidato a presidente despu\u00e9s de tres mandatos como gobernador de C\u00f3rdoba, que es la segunda provincia m\u00e1s grande y con resultados vistos desde el coraz\u00f3n federal del pa\u00eds\u201dm diferenci\u00f3 Rodr\u00edguez, argumentando que \u201ccada vez se nota m\u00e1s la diferencia entre lo que es el Gran Buenos Aires y un mundo distinto que hay afuera de ese gran conglomerado\u201d.<\/p>\n<p>Sobre los d\u00edas que se transitan de cara a las PASO, el diputado opin\u00f3 que \u201ccreemos que no es momento de campa\u00f1a para pedir el voto, si no de escuchar y dialogar, ir conformando la visi\u00f3n de Argentina que tenemos entre todos y plantear cu\u00e1les son nuestros objetivos\u201d, y fue all\u00ed cuando afirm\u00f3: \u201cA Argentina hay que refederalizarla, porque la Constituci\u00f3n es federal pero la pr\u00e1ctica es unitaria, y tenemos posibilidades de hacerlo\u201d.<\/p>\n<p>Por ejemplo, inform\u00f3 que \u201cen la C\u00e1mara de Diputados de la Naci\u00f3n voy a presentar un proyecto en estos d\u00edas para que terminemos en los pr\u00f3ximos cinco a\u00f1os de manera gradual, pasando del 5% actual al 20% de biodiesel, pero tambi\u00e9n es importante que toda la flota de autos, camionetas y camiones de todos los municipios y de todas las provincias tengan que funcionar con 100% de biodiesel, en la medida en que los municipios adhieran, e invitar a que se adhieran los veh\u00edculos pesados: colectivos, trenes y dem\u00e1s. Esto significar\u00eda cuidar el medio ambiente y especialmente generar puestos de trabajo\u201d.<\/p>\n<p><a href=\"https:\/\/primicias2262.com\/noticias\/wp-content\/uploads\/2023\/07\/topo-rodriguez-maite-crespo.jpeg\"><img loading=\"lazy\" decoding=\"async\" class=\"aligncenter size-full wp-image-102103\" src=\"https:\/\/primicias2262.com\/noticias\/wp-content\/uploads\/2023\/07\/topo-rodriguez-maite-crespo.jpeg\" alt=\"\" width=\"1024\" height=\"768\" srcset=\"https:\/\/primicias2262.com\/noticias\/wp-content\/uploads\/2023\/07\/topo-rodriguez-maite-crespo.jpeg 1024w, https:\/\/primicias2262.com\/noticias\/wp-content\/uploads\/2023\/07\/topo-rodriguez-maite-crespo-300x225.jpeg 300w, https:\/\/primicias2262.com\/noticias\/wp-content\/uploads\/2023\/07\/topo-rodriguez-maite-crespo-768x576.jpeg 768w, https:\/\/primicias2262.com\/noticias\/wp-content\/uploads\/2023\/07\/topo-rodriguez-maite-crespo-150x113.jpeg 150w, https:\/\/primicias2262.com\/noticias\/wp-content\/uploads\/2023\/07\/topo-rodriguez-maite-crespo-696x522.jpeg 696w\" sizes=\"auto, (max-width: 1024px) 100vw, 1024px\" \/><\/a>Y continu\u00f3 pronunciando que \u201crefederalizar la Argentina no es tomar decisiones burocr\u00e1ticas, sino generar trabajo y oportunidades de inversi\u00f3n y creaci\u00f3n de empleo, para el consumo interno y para la exportaci\u00f3n\u201d, y que como lo logr\u00f3 Schiaretti, \u201cla producci\u00f3n y el trabajo es el eje a seguir, es el modelo que le dio mucho m\u00e1s estabilidad social a la Argentina\u201d.<\/p>\n<p><strong>El \u00abTopo\u00bb y la f\u00f3rmula para solucionar el tema de la inflaci\u00f3n<\/strong><\/p>\n<p>Luego, el \u201cTopo\u201d abord\u00f3 el tema de la inflaci\u00f3n, y desarroll\u00f3 la f\u00f3rmula para llevarla a un d\u00edgito. \u201cHoy Argentina tiene un problema generalizado, del cual excepto los sectores mucho m\u00e1s favorecidos, no escapa nadie, que es la inflaci\u00f3n, que se come la capacidad de compra de cualquier ingreso, y nosotros vamos a poner en marcha un programa econ\u00f3mico que diga la verdad, y que en cuatro a\u00f1os pueda llevar a tener una inflaci\u00f3n anual de un d\u00edgito\u201d.<\/p>\n<p>Siguiendo esa l\u00ednea, argument\u00f3 que \u201cnosotros ya lo hemos experimentado con Roberto Lavagna en el peor momento del pa\u00eds, pero no hay atajos y movimientos de pases m\u00e1gicos, sino que hay que avanzar en un programa de estabilizaci\u00f3n econ\u00f3mica de cuatro a\u00f1os que tenga en cuenta progresivamente ir bajando y moderando la emisi\u00f3n monetaria, tendiendo al ordenamiento del gasto fiscal, tener una pol\u00edtica de recomposici\u00f3n de reservas, y junto con eso llevar adelante una pol\u00edtica de defensa de la competencia, que no es control de precios, sino maximizar la posibilidad de competencia all\u00ed donde es posible que compitan y no se concentren los oferentes, y tener una pol\u00edtica de ingresos sostenidas durante cuatro a\u00f1os\u201d.<\/p>\n<p>\u201cPero esas medidas econ\u00f3micas -sigui\u00f3 desarrollando el diputado- no funcionan si no est\u00e1 el componente pol\u00edtico sobre la base de tres pilares: un fuerte apoyo social, un apoyo institucional en el Congreso y lo que hoy escasea en la Argentina: un s\u00f3lido liderazgo pol\u00edtico. Entonces, para enfrentar la inflaci\u00f3n se necesitan componentes econ\u00f3micos y un contexto pol\u00edtico favorable\u201d.<\/p>\n<p>Finalmente, el \u201cTopo\u201d Rodr\u00edguez enfatiz\u00f3 que \u201cson cosas que no se hablan en campa\u00f1a, y tampoco se hace campa\u00f1a cara a cara caminando cada uno de los lugares de la provincia, y nosotros lo vamos a hacer, b\u00e1sicamente porque es lo que hacemos de manera permanente\u201d.<\/p>\n","protected":false},"excerpt":{"rendered":"<p>As\u00ed lo afirm\u00f3 el diputado nacional, Alejandro Rodr\u00edguez, quien junto a la oriunda de Juan N. Fern\u00e1ndez, Maite Crespo Bjerg, ambos anotados como precandidatos a diputados nacionales por la coalici\u00f3n Hacemos por Nuestro Pa\u00eds, que promociona la f\u00f3rmula presidencial Juan Schiaretti \u2013 Florencio Randazzo, estuvieorn de visita en \u201cVoces de la Ciudad\u201d, durante una nota [&hellip;]<\/p>\n","protected":false},"author":3,"featured_media":102104,"comment_status":"open","ping_status":"open","sticky":false,"template":"","format":"standard","meta":{"footnotes":""},"categories":[3],"tags":[],"class_list":["post-102100","post","type-post","status-publish","format-standard","has-post-thumbnail","category-masnoticias"],"_links":{"self":[{"href":"https:\/\/primicias2262.com\/noticias\/wp-json\/wp\/v2\/posts\/102100","targetHints":{"allow":["GET"]}}],"collection":[{"href":"https:\/\/primicias2262.com\/noticias\/wp-json\/wp\/v2\/posts"}],"about":[{"href":"https:\/\/primicias2262.com\/noticias\/wp-json\/wp\/v2\/types\/post"}],"author":[{"embeddable":true,"href":"https:\/\/primicias2262.com\/noticias\/wp-json\/wp\/v2\/users\/3"}],"replies":[{"embeddable":true,"href":"https:\/\/primicias2262.com\/noticias\/wp-json\/wp\/v2\/comments?post=102100"}],"version-history":[{"count":1,"href":"https:\/\/primicias2262.com\/noticias\/wp-json\/wp\/v2\/posts\/102100\/revisions"}],"predecessor-version":[{"id":102105,"href":"https:\/\/primicias2262.com\/noticias\/wp-json\/wp\/v2\/posts\/102100\/revisions\/102105"}],"wp:featuredmedia":[{"embeddable":true,"href":"https:\/\/primicias2262.com\/noticias\/wp-json\/wp\/v2\/media\/102104"}],"wp:attachment":[{"href":"https:\/\/primicias2262.com\/noticias\/wp-json\/wp\/v2\/media?parent=102100"}],"wp:term":[{"taxonomy":"category","embeddable":true,"href":"https:\/\/primicias2262.com\/noticias\/wp-json\/wp\/v2\/categories?post=102100"},{"taxonomy":"post_tag","embeddable":true,"href":"https:\/\/primicias2262.com\/noticias\/wp-json\/wp\/v2\/tags?post=102100"}],"curies":[{"name":"wp","href":"https:\/\/api.w.org\/{rel}","templated":true}]}}