{"id":102130,"date":"2023-07-21T14:15:47","date_gmt":"2023-07-21T14:15:47","guid":{"rendered":"https:\/\/primicias2262.com\/noticias\/?p=102130"},"modified":"2023-07-21T14:15:47","modified_gmt":"2023-07-21T14:15:47","slug":"las-negociaciones-con-el-fmi-son-dificiles-cuando-uno-busca-preservar-sus-decisiones","status":"publish","type":"post","link":"https:\/\/primicias2262.com\/noticias\/las-negociaciones-con-el-fmi-son-dificiles-cuando-uno-busca-preservar-sus-decisiones\/","title":{"rendered":"\u00abLas negociaciones con el FMI son dif\u00edciles cuando uno busca preservar sus decisiones\u00bb"},"content":{"rendered":"<p><b>El presidente Alberto Fern\u00e1ndez <\/b>asegur\u00f3 que conf\u00eda en que<b> \u00abse va a poder avanzar y encontrar los acuerdos necesarios\u00bb con el Fondo Monetario Internacional<\/b> y afirm\u00f3 que \u00abla deuda maldita que contrajo Mauricio Macri representa un peso impresionante para la econom\u00eda argentina\u00bb.<\/p>\n<p>\u00abEstamos negociando; <b>todas las negociaciones con el Fondo son dif\u00edciles cuando uno busca preservar sus decisiones propias.<\/b> Conf\u00edo en que vamos a poder avanzar y encontrar los acuerdos necesarios y podamos seguir adelante\u00bb, afirm\u00f3 el Presidente en una entrevista con Radio 10.<\/p>\n<p>Fern\u00e1ndez destac\u00f3 que el ministro de Econom\u00eda y precandidato presidencial<b> Sergio Massa est\u00e1 \u00abparticularmente involucrado en la negociaci\u00f3n\u00bb.<\/b><\/p>\n<div id=\"talkFireEvent\"><\/div>\n<p><b>\u00abEstas cosas cuanto antes se resuelven mejor\u00bb,<\/b> afirm\u00f3 el mandatario y asegur\u00f3: \u00abNo estamos especulando con la elecci\u00f3n, estamos viendo c\u00f3mo hacer una negociaci\u00f3n que no frustre el crecimiento argentino\u00bb.<\/p>\n<h2>Alberto y su rol en la campa\u00f1a<\/h2>\n<p>Alberto Fern\u00e1ndez tambi\u00e9n habl\u00f3 sobre <b>su rol durante la campa\u00f1a electoral de cara a las PASO del 13 de agosto pr\u00f3ximo.<\/b><\/p>\n<p><b>\u00abTrato de concentrarme en el Gobierno, que es lo mejor que puedo hacer en la campa\u00f1a en un contexto muy dif\u00edcil.<\/b> Estoy trabajando mucho con Sergio (Massa) y Agust\u00edn (Rossi) pero dedicado a gobernar. Sigo lo que pasa en la campa\u00f1a porque los dos candidatos son ministros m\u00edos, pero estoy m\u00e1s dedicado al tema de terminar la gesti\u00f3n, con muchos temas por delante\u00bb, dijo.<\/p>\n","protected":false},"excerpt":{"rendered":"<p>El presidente Alberto Fern\u00e1ndez asegur\u00f3 que conf\u00eda en que \u00abse va a poder avanzar y encontrar los acuerdos necesarios\u00bb con el Fondo Monetario Internacional y afirm\u00f3 que \u00abla deuda maldita que contrajo Mauricio Macri representa un peso impresionante para la econom\u00eda argentina\u00bb. \u00abEstamos negociando; todas las negociaciones con el Fondo son dif\u00edciles cuando uno busca [&hellip;]<\/p>\n","protected":false},"author":3,"featured_media":102131,"comment_status":"open","ping_status":"open","sticky":false,"template":"","format":"standard","meta":{"footnotes":""},"categories":[7],"tags":[],"class_list":{"0":"post-102130","1":"post","2":"type-post","3":"status-publish","4":"format-standard","5":"has-post-thumbnail","7":"category-nac"},"_links":{"self":[{"href":"https:\/\/primicias2262.com\/noticias\/wp-json\/wp\/v2\/posts\/102130","targetHints":{"allow":["GET"]}}],"collection":[{"href":"https:\/\/primicias2262.com\/noticias\/wp-json\/wp\/v2\/posts"}],"about":[{"href":"https:\/\/primicias2262.com\/noticias\/wp-json\/wp\/v2\/types\/post"}],"author":[{"embeddable":true,"href":"https:\/\/primicias2262.com\/noticias\/wp-json\/wp\/v2\/users\/3"}],"replies":[{"embeddable":true,"href":"https:\/\/primicias2262.com\/noticias\/wp-json\/wp\/v2\/comments?post=102130"}],"version-history":[{"count":1,"href":"https:\/\/primicias2262.com\/noticias\/wp-json\/wp\/v2\/posts\/102130\/revisions"}],"predecessor-version":[{"id":102132,"href":"https:\/\/primicias2262.com\/noticias\/wp-json\/wp\/v2\/posts\/102130\/revisions\/102132"}],"wp:featuredmedia":[{"embeddable":true,"href":"https:\/\/primicias2262.com\/noticias\/wp-json\/wp\/v2\/media\/102131"}],"wp:attachment":[{"href":"https:\/\/primicias2262.com\/noticias\/wp-json\/wp\/v2\/media?parent=102130"}],"wp:term":[{"taxonomy":"category","embeddable":true,"href":"https:\/\/primicias2262.com\/noticias\/wp-json\/wp\/v2\/categories?post=102130"},{"taxonomy":"post_tag","embeddable":true,"href":"https:\/\/primicias2262.com\/noticias\/wp-json\/wp\/v2\/tags?post=102130"}],"curies":[{"name":"wp","href":"https:\/\/api.w.org\/{rel}","templated":true}]}}