{"id":102133,"date":"2023-07-21T16:24:19","date_gmt":"2023-07-21T16:24:19","guid":{"rendered":"https:\/\/primicias2262.com\/noticias\/?p=102133"},"modified":"2023-07-22T21:51:34","modified_gmt":"2023-07-22T21:51:34","slug":"damian-unibaso-presenta-este-sabado-su-plan-de-seguridad-para-el-distrito","status":"publish","type":"post","link":"https:\/\/primicias2262.com\/noticias\/damian-unibaso-presenta-este-sabado-su-plan-de-seguridad-para-el-distrito\/","title":{"rendered":"Dami\u00e1n Unibaso presenta este s\u00e1bado su plan de seguridad para el distrito"},"content":{"rendered":"<p><strong>El precandidato a intendente de la Uni\u00f3n C\u00edvica Radical, dentro del espacio de Juntos, Dami\u00e1n Unibaso, pas\u00f3 por los estudios de \u201cVoces de la Ciudad\u201d y anunci\u00f3 qui\u00e9nes lo estar\u00e1n acompa\u00f1ando en la presentaci\u00f3n que har\u00e1 en un bar del centro. Adem\u00e1s, puso su foco tambi\u00e9n en la salud p\u00fablica, producci\u00f3n y econom\u00eda.<\/strong><\/p>\n<p>En una nota realizada por el periodista Jorge G\u00f3mez, Unibaso afirm\u00f3 que \u201cla seguridad es un gran problema, tanto en la ciudad como en el campo, y para eso ma\u00f1ana tenemos una charla en Deleite, 64 y 57, a partir de las 11 con Alejandro Alvez, quien es asesor \u00a0y especialista en el tema\u201d.<\/p>\n<p><a href=\"https:\/\/primicias2262.com\/noticias\/wp-content\/uploads\/2023\/07\/WhatsApp-Image-2023-07-21-at-9.31.33-AM.jpeg\"><img loading=\"lazy\" decoding=\"async\" class=\"alignleft size-medium wp-image-102134\" src=\"https:\/\/primicias2262.com\/noticias\/wp-content\/uploads\/2023\/07\/WhatsApp-Image-2023-07-21-at-9.31.33-AM-169x300.jpeg\" alt=\"\" width=\"169\" height=\"300\" srcset=\"https:\/\/primicias2262.com\/noticias\/wp-content\/uploads\/2023\/07\/WhatsApp-Image-2023-07-21-at-9.31.33-AM-169x300.jpeg 169w, https:\/\/primicias2262.com\/noticias\/wp-content\/uploads\/2023\/07\/WhatsApp-Image-2023-07-21-at-9.31.33-AM-576x1024.jpeg 576w, https:\/\/primicias2262.com\/noticias\/wp-content\/uploads\/2023\/07\/WhatsApp-Image-2023-07-21-at-9.31.33-AM-768x1365.jpeg 768w, https:\/\/primicias2262.com\/noticias\/wp-content\/uploads\/2023\/07\/WhatsApp-Image-2023-07-21-at-9.31.33-AM-864x1536.jpeg 864w, https:\/\/primicias2262.com\/noticias\/wp-content\/uploads\/2023\/07\/WhatsApp-Image-2023-07-21-at-9.31.33-AM-150x267.jpeg 150w, https:\/\/primicias2262.com\/noticias\/wp-content\/uploads\/2023\/07\/WhatsApp-Image-2023-07-21-at-9.31.33-AM-300x533.jpeg 300w, https:\/\/primicias2262.com\/noticias\/wp-content\/uploads\/2023\/07\/WhatsApp-Image-2023-07-21-at-9.31.33-AM-696x1237.jpeg 696w, https:\/\/primicias2262.com\/noticias\/wp-content\/uploads\/2023\/07\/WhatsApp-Image-2023-07-21-at-9.31.33-AM.jpeg 900w\" sizes=\"auto, (max-width: 169px) 100vw, 169px\" \/><\/a>De paso, el precandidato de la Uni\u00f3n C\u00edvica Radical anticip\u00f3 que \u201cvamos a dar a conocer nuestra propuesta de seguridad para el municipio\u201d, dando cuenta a su vez que \u201cvenimos de una larga recorrida, ayer estuvimos en Balcarce, reunidos tambi\u00e9n con intendentes y candidatos de Lober\u00eda y Mar del Plata, convencidos de que se requiere de una regionalizaci\u00f3n, ya que Necochea no puede estar ajena porque tenemos muchos intereses comunes y muchas particularidades que nos hermanan y requieren cierta coordinaci\u00f3n\u201d.<\/p>\n<p>Se\u00f1al\u00f3 seguidamente que \u201cestamos conversando mucho el tema de la seguridad en puntos lindantes, porque nos encontramos con que el chacarero de un d\u00eda para otro pierde 20 toneladas de girasol, o le terminan cuatreando una vaca, esas cosas suceden y suceder\u00e1n, pero no podemos permitir que queden en la nada, y si bien estamos de acuerdo en que el principal responsable es el gobierno de la provincia de Buenos Aires, el municipio tiene que actuar s\u00ed o s\u00ed\u201d.<\/p>\n<p>Para ello, hay \u00a0tres etapas: la prevenci\u00f3n, disuasi\u00f3n y persecuci\u00f3n del delito, \u201cy en prevenci\u00f3n y disuasi\u00f3n el municipio tiene que estar presente s\u00ed o s\u00ed, y en eso tiene que haber una coordinaci\u00f3n perfecta con los municipios vecinos para dar respuesta\u201d, argument\u00f3 Dami\u00e1n.<\/p>\n<p>Por otra parte, Unibaso puso la lupa en la salud. \u201cEs otro eje que tenemos pendiente y as\u00ed lo dej\u00f3 al desnudo la pandemia, el sistema municipal de salud es ineficiente e ineficaz en muchos lugares. Podemos decir que hay falta de profesionales en un pueblo medianamente chico, pero lo que no podemos es no tener un plan para poder resolverlo a mediano y largo plazo\u201d.<\/p>\n<p>En ese aspecto, \u201cpodemos empezar a trabajar fuertemente con la residencia y la posibilidad de que los m\u00e9dicos se encuentren tentados de venir a trabajar a Necochea e instalarse, y empezar a trabajar con las nuevas tecnolog\u00edas\u201d, propuso.<\/p>\n<p>Finalmente, no soslay\u00f3 la parte productiva y econ\u00f3mica, al asegurar que \u201ctenemos propuestas para micro, peque\u00f1as y medianas empresas de Necochea, que son el motor de la econom\u00eda local, entendiendo que los dos polos productivos est\u00e1n siendo desatendidos y hay que volverlos a tender, tanto el modelo agroexportador como el turismo\u201d.<\/p>\n<p>Referido al tema, manifest\u00f3 que \u201cpodemos dar escenarios para paliar la crisis econ\u00f3mica, por tanto para econom\u00eda tenemos el proyecto destinado a Mi Pymes\u201d, y enfatiz\u00f3 que para estas cuestiones -producci\u00f3n, campo y turismo- tambi\u00e9n \u201cvenimos muy hermanados con el circuito de los municipios de Mar y Sierras\u201d.<\/p>\n","protected":false},"excerpt":{"rendered":"<p>El precandidato a intendente de la Uni\u00f3n C\u00edvica Radical, dentro del espacio de Juntos, Dami\u00e1n Unibaso, pas\u00f3 por los estudios de \u201cVoces de la Ciudad\u201d y anunci\u00f3 qui\u00e9nes lo estar\u00e1n acompa\u00f1ando en la presentaci\u00f3n que har\u00e1 en un bar del centro. Adem\u00e1s, puso su foco tambi\u00e9n en la salud p\u00fablica, producci\u00f3n y econom\u00eda. En una [&hellip;]<\/p>\n","protected":false},"author":3,"featured_media":100286,"comment_status":"open","ping_status":"open","sticky":false,"template":"","format":"standard","meta":{"footnotes":""},"categories":[3],"tags":[],"class_list":["post-102133","post","type-post","status-publish","format-standard","has-post-thumbnail","category-masnoticias"],"_links":{"self":[{"href":"https:\/\/primicias2262.com\/noticias\/wp-json\/wp\/v2\/posts\/102133","targetHints":{"allow":["GET"]}}],"collection":[{"href":"https:\/\/primicias2262.com\/noticias\/wp-json\/wp\/v2\/posts"}],"about":[{"href":"https:\/\/primicias2262.com\/noticias\/wp-json\/wp\/v2\/types\/post"}],"author":[{"embeddable":true,"href":"https:\/\/primicias2262.com\/noticias\/wp-json\/wp\/v2\/users\/3"}],"replies":[{"embeddable":true,"href":"https:\/\/primicias2262.com\/noticias\/wp-json\/wp\/v2\/comments?post=102133"}],"version-history":[{"count":1,"href":"https:\/\/primicias2262.com\/noticias\/wp-json\/wp\/v2\/posts\/102133\/revisions"}],"predecessor-version":[{"id":102135,"href":"https:\/\/primicias2262.com\/noticias\/wp-json\/wp\/v2\/posts\/102133\/revisions\/102135"}],"wp:featuredmedia":[{"embeddable":true,"href":"https:\/\/primicias2262.com\/noticias\/wp-json\/wp\/v2\/media\/100286"}],"wp:attachment":[{"href":"https:\/\/primicias2262.com\/noticias\/wp-json\/wp\/v2\/media?parent=102133"}],"wp:term":[{"taxonomy":"category","embeddable":true,"href":"https:\/\/primicias2262.com\/noticias\/wp-json\/wp\/v2\/categories?post=102133"},{"taxonomy":"post_tag","embeddable":true,"href":"https:\/\/primicias2262.com\/noticias\/wp-json\/wp\/v2\/tags?post=102133"}],"curies":[{"name":"wp","href":"https:\/\/api.w.org\/{rel}","templated":true}]}}