{"id":102139,"date":"2023-07-22T17:36:06","date_gmt":"2023-07-22T17:36:06","guid":{"rendered":"https:\/\/primicias2262.com\/noticias\/?p=102139"},"modified":"2023-07-24T17:40:58","modified_gmt":"2023-07-24T17:40:58","slug":"las-oficinas-administrativas-de-transito-ahora-funcionan-al-lado-del-palacio-municipal","status":"publish","type":"post","link":"https:\/\/primicias2262.com\/noticias\/las-oficinas-administrativas-de-transito-ahora-funcionan-al-lado-del-palacio-municipal\/","title":{"rendered":"Las oficinas administrativas de Tr\u00e1nsito ahora funcionan al lado del Palacio Municipal"},"content":{"rendered":"<p><strong>As\u00ed lo confirm\u00f3 en \u201cVoces de la Ciudad\u201d el director de Tr\u00e1nsito de la comuna, Pablo Gonz\u00e1lez Dozo, aclarando en nota con el periodista Jorge G\u00f3mez que el predio de 59 y 84 qued\u00f3 plenamente para dep\u00f3sito de veh\u00edculos, tanto motos como automotores.<\/strong><\/p>\n<p>Lo cierto es que el \u00e1rea de Tr\u00e1nsito cambi\u00f3 su lugar de asiento, dejando el barrio de las Aguas Corrientes y volviendo al lado del municipio, y al respecto, el funcionario confirm\u00f3 que \u201cya nos mudamos, desde que arranqu\u00e9 en la Direcci\u00f3n estaba pendiente y la semana pasada hicimos el cambio a unas instalaciones mucho mejores que las del predio de Agua Corrientes, no por el lugar en s\u00ed, sino por la ubicaci\u00f3n, que para la parte operativa de la Direcci\u00f3n es mucho mejor\u201d.<\/p>\n<p>Igualmente, Gonz\u00e1lez Dozo aclar\u00f3 que \u201caquel predio sigue estando bajo la supervisi\u00f3n de Tr\u00e1nsito, plenamente para dep\u00f3sito de veh\u00edculos, tanto motos como automotores, e incluso hay una parte administrativa all\u00ed donde se lleva a cabo la entrega y recepci\u00f3n de los veh\u00edculos\u201d.<\/p>\n<p>En tanto, al lado de la Municipalidad se pas\u00f3 la parte administrativa referida a suministros, actas y personal, como as\u00ed tambi\u00e9n para los inspectores. \u201cPor una cuesti\u00f3n log\u00edstica es mejor tener una ubicaci\u00f3n c\u00e9ntrica como \u00e9sta para poder llevar a cabo la planificaci\u00f3n operativa del \u00e1rea, estar m\u00e1s cerca de los focos es mejor que estar tan alejados, mientras que para secuestros y dep\u00f3sitos de veh\u00edculos est\u00e1 bien que el predio est\u00e9 un poco m\u00e1s apartado\u201d, manifest\u00f3 el director de Tr\u00e1nsito.<\/p>\n<p><a href=\"https:\/\/primicias2262.com\/noticias\/wp-content\/uploads\/2023\/07\/21-07-FOTO-oficina-Transito.jpeg\"><img loading=\"lazy\" decoding=\"async\" class=\"alignleft size-medium wp-image-102140\" src=\"https:\/\/primicias2262.com\/noticias\/wp-content\/uploads\/2023\/07\/21-07-FOTO-oficina-Transito-300x200.jpeg\" alt=\"\" width=\"300\" height=\"200\" srcset=\"https:\/\/primicias2262.com\/noticias\/wp-content\/uploads\/2023\/07\/21-07-FOTO-oficina-Transito-300x200.jpeg 300w, https:\/\/primicias2262.com\/noticias\/wp-content\/uploads\/2023\/07\/21-07-FOTO-oficina-Transito-1024x682.jpeg 1024w, https:\/\/primicias2262.com\/noticias\/wp-content\/uploads\/2023\/07\/21-07-FOTO-oficina-Transito-768x512.jpeg 768w, https:\/\/primicias2262.com\/noticias\/wp-content\/uploads\/2023\/07\/21-07-FOTO-oficina-Transito-1536x1023.jpeg 1536w, https:\/\/primicias2262.com\/noticias\/wp-content\/uploads\/2023\/07\/21-07-FOTO-oficina-Transito-150x100.jpeg 150w, https:\/\/primicias2262.com\/noticias\/wp-content\/uploads\/2023\/07\/21-07-FOTO-oficina-Transito-696x464.jpeg 696w, https:\/\/primicias2262.com\/noticias\/wp-content\/uploads\/2023\/07\/21-07-FOTO-oficina-Transito-1068x712.jpeg 1068w, https:\/\/primicias2262.com\/noticias\/wp-content\/uploads\/2023\/07\/21-07-FOTO-oficina-Transito.jpeg 1600w\" sizes=\"auto, (max-width: 300px) 100vw, 300px\" \/><\/a>Mientras tanto, se\u00f1al\u00f3 que en simult\u00e1neo se siguen realizando operativos, aunque ahora con el apoyo del Observatorio Vial, intentando cambiar una cultura de manejo, y tambi\u00e9n con el moderno Centro Operativo de Monitoreo, para sumar otra herramienta fiscalizadora.<\/p>\n","protected":false},"excerpt":{"rendered":"<p>As\u00ed lo confirm\u00f3 en \u201cVoces de la Ciudad\u201d el director de Tr\u00e1nsito de la comuna, Pablo Gonz\u00e1lez Dozo, aclarando en nota con el periodista Jorge G\u00f3mez que el predio de 59 y 84 qued\u00f3 plenamente para dep\u00f3sito de veh\u00edculos, tanto motos como automotores. Lo cierto es que el \u00e1rea de Tr\u00e1nsito cambi\u00f3 su lugar de [&hellip;]<\/p>\n","protected":false},"author":3,"featured_media":102141,"comment_status":"open","ping_status":"open","sticky":false,"template":"","format":"standard","meta":{"footnotes":""},"categories":[3],"tags":[],"class_list":["post-102139","post","type-post","status-publish","format-standard","has-post-thumbnail","category-masnoticias"],"_links":{"self":[{"href":"https:\/\/primicias2262.com\/noticias\/wp-json\/wp\/v2\/posts\/102139","targetHints":{"allow":["GET"]}}],"collection":[{"href":"https:\/\/primicias2262.com\/noticias\/wp-json\/wp\/v2\/posts"}],"about":[{"href":"https:\/\/primicias2262.com\/noticias\/wp-json\/wp\/v2\/types\/post"}],"author":[{"embeddable":true,"href":"https:\/\/primicias2262.com\/noticias\/wp-json\/wp\/v2\/users\/3"}],"replies":[{"embeddable":true,"href":"https:\/\/primicias2262.com\/noticias\/wp-json\/wp\/v2\/comments?post=102139"}],"version-history":[{"count":2,"href":"https:\/\/primicias2262.com\/noticias\/wp-json\/wp\/v2\/posts\/102139\/revisions"}],"predecessor-version":[{"id":102196,"href":"https:\/\/primicias2262.com\/noticias\/wp-json\/wp\/v2\/posts\/102139\/revisions\/102196"}],"wp:featuredmedia":[{"embeddable":true,"href":"https:\/\/primicias2262.com\/noticias\/wp-json\/wp\/v2\/media\/102141"}],"wp:attachment":[{"href":"https:\/\/primicias2262.com\/noticias\/wp-json\/wp\/v2\/media?parent=102139"}],"wp:term":[{"taxonomy":"category","embeddable":true,"href":"https:\/\/primicias2262.com\/noticias\/wp-json\/wp\/v2\/categories?post=102139"},{"taxonomy":"post_tag","embeddable":true,"href":"https:\/\/primicias2262.com\/noticias\/wp-json\/wp\/v2\/tags?post=102139"}],"curies":[{"name":"wp","href":"https:\/\/api.w.org\/{rel}","templated":true}]}}