{"id":102143,"date":"2023-07-21T17:51:05","date_gmt":"2023-07-21T17:51:05","guid":{"rendered":"https:\/\/primicias2262.com\/noticias\/?p=102143"},"modified":"2023-07-22T21:59:03","modified_gmt":"2023-07-22T21:59:03","slug":"empezaron-las-obras-para-emplazar-un-moderno-espacio-publico-en-10-y-91","status":"publish","type":"post","link":"https:\/\/primicias2262.com\/noticias\/empezaron-las-obras-para-emplazar-un-moderno-espacio-publico-en-10-y-91\/","title":{"rendered":"Empezaron las obras para emplazar un moderno espacio p\u00fablico en 10 y 91"},"content":{"rendered":"<p><strong>Se trata de una de las tres plazas nuevas que desarrollar\u00e1 el municipio a trav\u00e9s del plan nacional \u201cArgentina Hace\u201d. En la ma\u00f1ana de \u201cVoces de la Ciudad\u201d, quien brind\u00f3 informaci\u00f3n al respecto fue el secretario de Planeamiento, Obras y Servicios P\u00fablicos, Adri\u00e1n Furno.<\/strong><\/p>\n<p>Ante la consulta del caso por parte del periodista Jorge G\u00f3mez, el funcionario confirm\u00f3 que se empez\u00f3 a trabajar en una de las tres plazas nuevas, en el sector de la calesita del Parque Miguel Lillo en 10 y 91, a trav\u00e9s de la empresa Kosko Group. \u201cSon tres obras del plan nacional \u201cArgentina Hace\u201d 2022 para ejecutarse este a\u00f1o, las otras estar\u00e1n en 16 y 59 y en la plaza 3 de agosto de Quequ\u00e9n\u201d, record\u00f3.<\/p>\n<p>Por lo pronto, en 91 y 10 ya se empezaron a hacer los replanteos y los alteos de los lugares donde van a ir los juegos nuevos, \u201cque es una selva gigante similar a lo que se coloc\u00f3 en la Plaza Dardo Rocha, con dos juegos inclusivos\u201d, mencion\u00f3 Furno, para acotar que \u201cse retiraron todos los juegos que ten\u00eda el parque, los cuales van a ser recuperados para colocar en otros espacios p\u00fablicos y en plazas de diferentes barrios\u201d.<\/p>\n<div style=\"width: 640px;\" class=\"wp-video\"><video class=\"wp-video-shortcode\" id=\"video-102143-1\" width=\"640\" height=\"368\" preload=\"metadata\" controls=\"controls\"><source type=\"video\/mp4\" src=\"https:\/\/primicias2262.com\/noticias\/wp-content\/uploads\/2023\/07\/WhatsApp-Video-2023-07-21-at-2.47.38-PM1.mp4?_=1\" \/><a href=\"https:\/\/primicias2262.com\/noticias\/wp-content\/uploads\/2023\/07\/WhatsApp-Video-2023-07-21-at-2.47.38-PM1.mp4\">https:\/\/primicias2262.com\/noticias\/wp-content\/uploads\/2023\/07\/WhatsApp-Video-2023-07-21-at-2.47.38-PM1.mp4<\/a><\/video><\/div>\n<p>En cuanto al espacio de Av. 59 y 16, \u201chay un nuevo dise\u00f1o donde est\u00e1 el paisajista Juan Miceli dando una mano con un espacio que la gente va a poder disfrutar con un gale\u00f3n tem\u00e1tico del puerto, y en la 3 de agosto ir\u00e1 un velero. Eso cambiar\u00e1 totalmente el lugar, la est\u00e9tica y la impronta de esa zona del puerto, lo mismo que en la plaza de Quequ\u00e9n, donde van muchos chicos a jugar y realmente el lugar es merecedor de esas reformas\u201d, se\u00f1al\u00f3.<\/p>\n<p>As\u00ed como con los juegos que se retiraron del parque, Furno confirm\u00f3 que los juegos que se retiren de la Plaza 3 de Agosto ir\u00e1n a otros espacios de Quequ\u00e9n, por ejemplo a la Plaza de los Ni\u00f1os, frente a la Capilla de la Merced.<\/p>\n<div style=\"width: 640px;\" class=\"wp-video\"><video class=\"wp-video-shortcode\" id=\"video-102143-2\" width=\"640\" height=\"368\" preload=\"metadata\" controls=\"controls\"><source type=\"video\/mp4\" src=\"https:\/\/primicias2262.com\/noticias\/wp-content\/uploads\/2023\/07\/WhatsApp-Video-2023-07-21-at-2.47.38-PM.mp4?_=2\" \/><a href=\"https:\/\/primicias2262.com\/noticias\/wp-content\/uploads\/2023\/07\/WhatsApp-Video-2023-07-21-at-2.47.38-PM.mp4\">https:\/\/primicias2262.com\/noticias\/wp-content\/uploads\/2023\/07\/WhatsApp-Video-2023-07-21-at-2.47.38-PM.mp4<\/a><\/video><\/div>\n<p>\u201cEsto viene a complementar las obra de corredores seguros con iluminaci\u00f3n en los barrios, la pavimentaci\u00f3n del Barrio Luz y Fuerza, y un mont\u00f3n de obras que est\u00e1n comenzando, y eso se va a notar con los trabajos en la calle\u201d, concluy\u00f3 el secretario.<\/p>\n","protected":false},"excerpt":{"rendered":"<p>Se trata de una de las tres plazas nuevas que desarrollar\u00e1 el municipio a trav\u00e9s del plan nacional \u201cArgentina Hace\u201d. En la ma\u00f1ana de \u201cVoces de la Ciudad\u201d, quien brind\u00f3 informaci\u00f3n al respecto fue el secretario de Planeamiento, Obras y Servicios P\u00fablicos, Adri\u00e1n Furno. Ante la consulta del caso por parte del periodista Jorge G\u00f3mez, [&hellip;]<\/p>\n","protected":false},"author":3,"featured_media":102144,"comment_status":"open","ping_status":"open","sticky":false,"template":"","format":"standard","meta":{"footnotes":""},"categories":[3],"tags":[],"class_list":["post-102143","post","type-post","status-publish","format-standard","has-post-thumbnail","category-masnoticias"],"_links":{"self":[{"href":"https:\/\/primicias2262.com\/noticias\/wp-json\/wp\/v2\/posts\/102143","targetHints":{"allow":["GET"]}}],"collection":[{"href":"https:\/\/primicias2262.com\/noticias\/wp-json\/wp\/v2\/posts"}],"about":[{"href":"https:\/\/primicias2262.com\/noticias\/wp-json\/wp\/v2\/types\/post"}],"author":[{"embeddable":true,"href":"https:\/\/primicias2262.com\/noticias\/wp-json\/wp\/v2\/users\/3"}],"replies":[{"embeddable":true,"href":"https:\/\/primicias2262.com\/noticias\/wp-json\/wp\/v2\/comments?post=102143"}],"version-history":[{"count":1,"href":"https:\/\/primicias2262.com\/noticias\/wp-json\/wp\/v2\/posts\/102143\/revisions"}],"predecessor-version":[{"id":102147,"href":"https:\/\/primicias2262.com\/noticias\/wp-json\/wp\/v2\/posts\/102143\/revisions\/102147"}],"wp:featuredmedia":[{"embeddable":true,"href":"https:\/\/primicias2262.com\/noticias\/wp-json\/wp\/v2\/media\/102144"}],"wp:attachment":[{"href":"https:\/\/primicias2262.com\/noticias\/wp-json\/wp\/v2\/media?parent=102143"}],"wp:term":[{"taxonomy":"category","embeddable":true,"href":"https:\/\/primicias2262.com\/noticias\/wp-json\/wp\/v2\/categories?post=102143"},{"taxonomy":"post_tag","embeddable":true,"href":"https:\/\/primicias2262.com\/noticias\/wp-json\/wp\/v2\/tags?post=102143"}],"curies":[{"name":"wp","href":"https:\/\/api.w.org\/{rel}","templated":true}]}}