{"id":102152,"date":"2023-07-22T22:07:01","date_gmt":"2023-07-22T22:07:01","guid":{"rendered":"https:\/\/primicias2262.com\/noticias\/?p=102152"},"modified":"2023-07-22T22:07:01","modified_gmt":"2023-07-22T22:07:01","slug":"continuan-las-conversaciones-con-el-fmi-durante-el-fin-de-semana-para-alcanzar-un-acuerdo","status":"publish","type":"post","link":"https:\/\/primicias2262.com\/noticias\/continuan-las-conversaciones-con-el-fmi-durante-el-fin-de-semana-para-alcanzar-un-acuerdo\/","title":{"rendered":"Contin\u00faan las conversaciones con el FMI durante el fin de semana para alcanzar un acuerdo"},"content":{"rendered":"<p><strong>El<a href=\"https:\/\/www.ambito.com\/politica\/elecciones-2023\/calendario-electoral-2023-cuando-se-vota-presidente-la-argentina-n5635610\" target=\"_blank\" rel=\"follow noopener\">\u00a0Gobierno\u00a0<\/a>y el<a href=\"https:\/\/www.ambito.com\/economia\/fmi-gobierno-pagara-los-vencimientos-forma-unificada-fin-mes-n5762896\" target=\"_blank\" rel=\"follow noopener\">\u00a0FMI\u00a0<\/a>\u00abcontin\u00faan con las negociaciones\u00bb\u00a0<\/strong>durante el fin de semana, con miras de alcanzar un\u00a0<strong>acuerdo\u00a0<\/strong>en los pr\u00f3ximos d\u00edas.<\/p>\n<p>Fuentes muy cercanas al ministro de Econom\u00eda y precandidato presidencial por<strong>\u00a0Uni\u00f3n por la Patria,<a href=\"https:\/\/www.ambito.com\/economia\/fmi-sergio-massa-viaja-eeuu-y-esperan-cerrar-el-acuerdo-el-viernes-n5771689\" target=\"_blank\" rel=\"follow noopener\">\u00a0Sergio Massa<\/a><\/strong>, indicaron a la agencia de noticias\u00a0<em>T\u00e9lam\u00a0<\/em>que hoy s\u00e1bado<strong>\u00a0\u00abcontin\u00faan la conversaciones con el FMI\u00bb<\/strong>, y que las comunicaciones entre el ministro y sus funcionarios y el Fondo \u00abson peri\u00f3dicas\u00bb.<\/p>\n<article class=\"article-body article-body--third-paragraph content-protected-false\">La delegaci\u00f3n de funcionarios argentinos enviados por Massa\u00a0<strong>permanece en Washington<\/strong>, y no se descartaba que hoy las conversaciones con el organismo contin\u00faen en la misma Embajada en Washington DC, en la que el anfitri\u00f3n ser\u00e1<strong>\u00a0Jorge Arg\u00fcello<\/strong>.<\/p>\n<\/article>\n<article class=\"article-body article-body--fourth-paragraph content-protected-false\">Las negociaciones en la capital de Estados Unidos arrancaron el pasado martes con la presencia de<strong>l viceministro Gabriel Rubinstein<\/strong>\u00a0y el\u00a0<strong>vicepresidente del Banco Central Lisandro Cleri<\/strong>, junto con el director de esa entidad\u00a0<strong>Jorge Carrera.\u00a0<\/strong>El jueves por la ma\u00f1ana se sumaron m\u00e1s refuerzos, cuando lleg\u00f3 el\u00a0<strong>jefe de asesores del Ministerio, Leonardo Madcur<\/strong>, y el secretario de Hacienda\u00a0<strong>Ra\u00fal Rigo<\/strong>.<\/p>\n<\/article>\n","protected":false},"excerpt":{"rendered":"<p>El\u00a0Gobierno\u00a0y el\u00a0FMI\u00a0\u00abcontin\u00faan con las negociaciones\u00bb\u00a0durante el fin de semana, con miras de alcanzar un\u00a0acuerdo\u00a0en los pr\u00f3ximos d\u00edas. Fuentes muy cercanas al ministro de Econom\u00eda y precandidato presidencial por\u00a0Uni\u00f3n por la Patria,\u00a0Sergio Massa, indicaron a la agencia de noticias\u00a0T\u00e9lam\u00a0que hoy s\u00e1bado\u00a0\u00abcontin\u00faan la conversaciones con el FMI\u00bb, y que las comunicaciones entre el ministro y sus funcionarios [&hellip;]<\/p>\n","protected":false},"author":3,"featured_media":102153,"comment_status":"open","ping_status":"open","sticky":false,"template":"","format":"standard","meta":{"footnotes":""},"categories":[7],"tags":[],"class_list":{"0":"post-102152","1":"post","2":"type-post","3":"status-publish","4":"format-standard","5":"has-post-thumbnail","7":"category-nac"},"_links":{"self":[{"href":"https:\/\/primicias2262.com\/noticias\/wp-json\/wp\/v2\/posts\/102152","targetHints":{"allow":["GET"]}}],"collection":[{"href":"https:\/\/primicias2262.com\/noticias\/wp-json\/wp\/v2\/posts"}],"about":[{"href":"https:\/\/primicias2262.com\/noticias\/wp-json\/wp\/v2\/types\/post"}],"author":[{"embeddable":true,"href":"https:\/\/primicias2262.com\/noticias\/wp-json\/wp\/v2\/users\/3"}],"replies":[{"embeddable":true,"href":"https:\/\/primicias2262.com\/noticias\/wp-json\/wp\/v2\/comments?post=102152"}],"version-history":[{"count":1,"href":"https:\/\/primicias2262.com\/noticias\/wp-json\/wp\/v2\/posts\/102152\/revisions"}],"predecessor-version":[{"id":102154,"href":"https:\/\/primicias2262.com\/noticias\/wp-json\/wp\/v2\/posts\/102152\/revisions\/102154"}],"wp:featuredmedia":[{"embeddable":true,"href":"https:\/\/primicias2262.com\/noticias\/wp-json\/wp\/v2\/media\/102153"}],"wp:attachment":[{"href":"https:\/\/primicias2262.com\/noticias\/wp-json\/wp\/v2\/media?parent=102152"}],"wp:term":[{"taxonomy":"category","embeddable":true,"href":"https:\/\/primicias2262.com\/noticias\/wp-json\/wp\/v2\/categories?post=102152"},{"taxonomy":"post_tag","embeddable":true,"href":"https:\/\/primicias2262.com\/noticias\/wp-json\/wp\/v2\/tags?post=102152"}],"curies":[{"name":"wp","href":"https:\/\/api.w.org\/{rel}","templated":true}]}}