{"id":102155,"date":"2023-07-22T22:11:21","date_gmt":"2023-07-22T22:11:21","guid":{"rendered":"https:\/\/primicias2262.com\/noticias\/?p=102155"},"modified":"2023-07-22T22:11:50","modified_gmt":"2023-07-22T22:11:50","slug":"procrear-ii-como-inscribirse-y-cuales-son-los-requisitos-obligatorios","status":"publish","type":"post","link":"https:\/\/primicias2262.com\/noticias\/procrear-ii-como-inscribirse-y-cuales-son-los-requisitos-obligatorios\/","title":{"rendered":"Procrear II: c\u00f3mo inscribirse y cu\u00e1les son los requisitos obligatorios"},"content":{"rendered":"<p>El\u00a0<strong>Ministerio de Desarrollo Territorial y H\u00e1bitat<\/strong>\u00a0habilit\u00f3 esta semana la\u00a0<strong>inscripci\u00f3n\u00a0<\/strong>para acceder a\u00a0<strong>m\u00e1s de 1.600 viviendas<\/strong>\u00a0en\u00a0<strong>12 nuevos\u00a0<a href=\"https:\/\/www.ambito.com\/informacion-general\/procrear-ii-anotate-hoy-el-sorteo-mas-1600-viviendas-n5772452\" target=\"_blank\" rel=\"follow noopener\">Desarrollos Urban\u00edsticos<\/a><\/strong>\u00a0del programa\u00a0<strong><a href=\"https:\/\/www.ambito.com\/informacion-general\/abren-12-nuevos-predios-procrear-ii-donde-se-ubican-n5770642\" target=\"_blank\" rel=\"follow noopener\">Procrear II<\/a>.<\/strong>\u00a0Conoc\u00e9 cu\u00e1les son los requisitos generales.<\/p>\n<p>Estos nuevos predios est\u00e1n ubicados en\u00a0<strong>Baradero, Jun\u00edn, Mercedes, Monte Hermoso, El Palomar,<\/strong>\u00a0(Buenos Aires);\u00a0<strong>Trelew\u00a0<\/strong>(Chubut);\u00a0<strong>Monte Ma\u00edz, Viamonte, Pascanas<\/strong>\u00a0(C\u00f3rdoba);\u00a0<strong>R\u00edo Gallegos<\/strong>\u00a0(Santa Cruz);\u00a0<strong>San Juan &#8211; La Ramada<\/strong>\u00a0(San Juan) y\u00a0<strong>Las Parejas<\/strong>\u00a0(Santa Fe). Adem\u00e1s, se volver\u00e1n a abrir otros tres predios:\u00a0<strong>San Mart\u00edn II<\/strong>\u00a0(Buenos Aires);\u00a0<strong>Roque Saenz Pe\u00f1a<\/strong>\u00a0(Chaco) y\u00a0<strong>General Lagos<\/strong>\u00a0(Santa Fe).<\/p>\n<p>Tambi\u00e9n estar\u00e1n disponibles a inscripci\u00f3n viviendas ubicadas en los\u00a0<strong>Desarrollos Urban\u00edsticos Bah\u00eda Blanca, Bol\u00edvar, Carmen de Patagones, Ciudad Evita, Ituzaing\u00f3, Lincoln, Merlo, Mor\u00f3n, San Antonio de Areco, San Mart\u00edn, San Nicol\u00e1s<\/strong>\u00a0(Buenos Aires);\u00a0<strong>Estaci\u00f3n Buenos Aires y Estaci\u00f3n Saenz<\/strong>\u00a0(CABA);\u00a0<strong>Barrio Liceo, Cavanagh, San Francisco<\/strong>\u00a0(C\u00f3rdoba);\u00a0<strong>Paran\u00e1\u00a0<\/strong>(Entre R\u00edos),\u00a0<strong>Jujuy\u00a0<\/strong>(Jujuy);\u00a0<strong>Maip\u00fa, Malarg\u00fce, Mendoza Capital, San Rafael<\/strong>\u00a0(Mendoza);\u00a0<strong>Posadas\u00a0<\/strong>(Misiones);\u00a0<strong>R\u00edo Gallegos<\/strong>\u00a0(Santa Cruz);\u00a0<strong>Huaico\u00a0<\/strong>(Salta);\u00a0<strong>Estaci\u00f3n Cambios, Sunchales<\/strong>\u00a0(Santa Fe);\u00a0<strong>La Banda, Santiago del Estero<\/strong>\u00a0(Santiago del Estero) y<strong>\u00a0R\u00edo Grande<\/strong>\u00a0(Tierra del Fuego).<\/p>\n<div class=\"col-12 col-md-8 detail-news__main-column\">\n<article class=\"article-body article-body--fourth-paragraph content-protected-false\"><strong>Procrear II: cu\u00e1les son los requisitos generales<\/strong><\/p>\n<ul>\n<li>No haber resultado beneficiado\/a con planes de vivienda en los \u00faltimos diez (10) a\u00f1os.<\/li>\n<li>No tener, tanto el\/la titular, como el\/la cotitular, bienes inmuebles registrados a su nombre.<\/li>\n<li>Contar con el Documento Nacional de Identidad vigente.<\/li>\n<li>Ser argentinos\/as o extranjeros\/as con residencia permanente en el pa\u00eds.<\/li>\n<li>Tener entre 18 y 64 a\u00f1os al momento de completar la inscripci\u00f3n.<\/li>\n<li>Acreditar el estado civil declarado en el formulario de inscripci\u00f3n.<\/li>\n<li>Presentar Certificado de Discapacidad en caso de corresponder.<\/li>\n<li>Demostrar ingresos netos mensuales del grupo familiar conviviente \u2013tanto el\/la solicitante como su c\u00f3nyuge o pareja conviviente\u2013 entre 1 SMVyM y 10 SMVyM. Los ingresos m\u00ednimos necesarios para acceder a una determinada vivienda podr\u00e1n variar seg\u00fan el predio y la tipolog\u00eda seleccionada. De acuerdo a la informaci\u00f3n declarada en el formulario, se indicar\u00e1 si existen tipolog\u00edas disponibles.<\/li>\n<li>Demostrar, como m\u00ednimo, doce (12) meses de continuidad laboral registrada.<\/li>\n<li>No registrar antecedentes negativos en el Sistema Financiero durante los \u00faltimos nueve (9) meses.<\/li>\n<li>Podr\u00e1n incluir solo un\/a cotitular (deber\u00e1n encontrarse unidos por un v\u00ednculo de matrimonio, uni\u00f3n convivencial o uni\u00f3n de hecho). Para el caso de los y las participantes de estado civil casado\/a, el\/la c\u00f3nyuge, ser\u00e1 considerado cotitular autom\u00e1ticamente.<\/li>\n<\/ul>\n<p><strong>En esta ocasi\u00f3n, todas las tipolog\u00edas de vivienda estar\u00e1n abiertas para el rango etario de 18 a 64 a\u00f1os.<\/strong><\/p>\n<\/article>\n<article class=\"article-body article-body--remaining-paragraph content-protected-false\">\n<div id=\"7817702-Libre-436392595_wrap\" class=\"embed_cont type_imagen\" contenteditable=\"false\">\n<div id=\"7817702-Libre-436392595_content\" class=\"embed_content\"><img decoding=\"async\" id=\"7817702-Libre-436392595_embed\" title=\"\" src=\"https:\/\/www.ambito.com\/css-custom\/239\/lazy.svg\" alt=\"\" width=\"730\" height=\"\" data-td-src-property=\"https:\/\/media.ambito.com\/p\/935d0e3fbfbb5280fc9f2b994613c82e\/adjuntos\/239\/imagenes\/040\/842\/0040842743\/730x0\/smart\/procrear.jpg\" \/><\/div>\n<\/div>\n<h2>Cr\u00e9ditos de la l\u00ednea Desarrollos Urban\u00edsticos<\/h2>\n<p>El Ministerio explic\u00f3, en un comunicado, que la l\u00ednea\u00a0<strong>Desarrollos Urban\u00edsticos<\/strong>\u00a0de\u00a0<strong>Procrear II<\/strong>\u00a0brinda a las familias el\u00a0<strong>acceso a cr\u00e9dito hipotecario<\/strong>\u00a0para la compra de\u00a0<strong>viviendas nuevas<\/strong>\u00a0en uno de los predios donde el\u00a0<strong>Estado\u00a0<\/strong>lleva adelante las\u00a0<strong>viviendas<\/strong>.<\/p>\n<p>Cabe mencionar que los cr\u00e9ditos de la l\u00ednea\u00a0<strong>Desarrollos Urban\u00edsticos<\/strong>\u00a0se otorgan a\u00a0<strong>tasa fija<\/strong>\u00a0y con plazos m\u00e1ximos de hasta\u00a0<strong>30 a\u00f1os<\/strong>. Incorporan el coeficiente\u00a0<strong>Casa Propia<\/strong>\u00a0como f\u00f3rmula de actualizaci\u00f3n crediticia.<\/p>\n<p>Los interesados podr\u00e1n consultar la ubicaci\u00f3n de los\u00a0<strong>Desarrollos Urban\u00edsticos<\/strong>\u00a0y las bases y condiciones completas en el sitio web oficial del\u00a0<strong>Ministerio<\/strong>.<\/p>\n<\/article>\n<div class=\"news-topics\">\n<p><span class=\"news-topics__title\">Temas<\/span><\/p>\n<ul class=\"news-topics__list\">\n<li class=\"news-topics__list-item\"><a href=\"https:\/\/www.ambito.com\/procrear-a5124624\">Procrear<\/a><\/li>\n<\/ul>\n<\/div>\n<form id=\"form-news-v2\" class=\"newsletter-subscription needs-validation form\" role=\"form\" data-td-script-src=\"https:\/\/www.ambito.com\/js-custom\/239\/v3\/newsletter-min-version-1672829449.js\"><span class=\"newsletter-subscription__obj-title\">Suscribite al Newsletter<\/span><\/p>\n<div class=\"newsletter-subscription__input-wrapper\"><input id=\"newsletterEmail\" class=\"newsletter-subscription__form-control form-control form__control\" name=\"email\" required=\"\" type=\"email\" placeholder=\"Ingres\u00e1 tu mail\" \/><button id=\"sendButton\" class=\"btn btn-primary newsletter-subscription__btn form__btn\" type=\"submit\">SUSCRIBITE<\/button><\/div>\n<\/form>\n<div id=\"comments\" class=\"comments\" data-td-script-src=\"https:\/\/connect.facebook.net\/es_LA\/sdk.js#xfbml=1&amp;version=v9.0&amp;appId=592069321760905&amp;autoLogAppEvents=1\">\n<h3 class=\"comments__obj-title\">Dej\u00e1 tu comentario<\/h3>\n<div class=\"fb-comments\" data-href=\"https:\/\/www.ambito.com\/c5776708\" data-numposts=\"5\" data-colorscheme=\"light\" data-width=\"100%\"><\/div>\n<\/div>\n<div class=\"banner-container\">\n<div class=\"banner-wrapper free-banner\">\n<div id=\"taboola-below-article-thumbnails\" class=\" trc_related_container trc_spotlight_widget tbl-feed-container tbl-feed-frame-DIVIDER render-late-effect\" data-feed-container-num=\"1\" data-feed-main-container-id=\"taboola-below-article-thumbnails\" data-parent-placement-name=\"Below Article Thumbnails\" data-pub-lang=\"es\">\n<div class=\" tbl-feed-header tbl-logo-right-position\">\n<div class=\"tbl-feed-header-logo\"><\/div>\n<\/div>\n<div id=\"taboola-below-article-thumbnails-pl1\" class=\" trc_related_container trc_spotlight_widget trc_elastic trc_elastic_thumbs-feed-01 tbl-feed-card \" data-card-index=\"1\" data-batch-num=\"1\" data-placement-name=\"Below Article Thumbnails | Card 1\">\n<div class=\"trc_rbox_container\">\n<div>\n<div id=\"trc_wrapper_16230\" class=\"trc_rbox thumbs-feed-01 trc-content-sponsored \">\n<div id=\"outer_16230\" class=\"trc_rbox_outer\">\n<div id=\"rbox-t2v\" class=\"trc_rbox_div trc_rbox_border_elm\">\n<div id=\"internal_trc_16230\">\n<div class=\"videoCube trc_spotlight_item origin-undefined thumbnail_top syndicatedItem textItem videoCube_1_child trc-first-recommendation trc-spotlight-first-recommendation trc_excludable \" data-item-id=\"~~V1~~8024171263919885089~~01DhLkq1apQFOUvgr8jekkDdBJ05YUP-J9JlMhSR4FD6nH0OabNJtzzP-ddPU2nvK8Bm7FKD2NW1M1BCiW1-kuMDMqg65-jJbi04eURsbtqeHe1S9jo_X4timp5pCZhQQas41f4COFvufOf52grWNe487k0pvO_9ezrwRupEiSMB7CKWDYR-vkpxcdUUzOgEqMBBvkdfag99mRDkZdH7GZIABZnE6iw0vZgovqPMyoCY6eD5jnG1QLwcl4nkEOHw5CoWLlX1uzG9gUBqYmKqk08KJRZ9mwaEcwcGgiTaJHWsUaZak2AcDXKoRwoERbO2SJxwhdJv3jKN701ohCgWIPvdAwBc-tgcz2_jjECScpI4w8PM6vv5gTX6XQUWwWKIP5ZnGm2FEG-o7XA_myzMAM7qYnj3CE5gmcA112T9tL-H_GFWv2oodB3fcUjIfKxlfDh9U7J_D0hlu2Okx4W0vvfMQTbODYSav6eZo0AAOL2WTd4Seyij9V_bqIC7XBuIfe3jmgHZXC04GgECm-uojQ\" data-item-title=\"\u00a1La alarma econ\u00f3mica que est\u00e1 revolucionando el mercado en Arroyo Chico!\" data-item-thumb=\"http:\/\/cdn.taboola.com\/libtrc\/static\/thumbnails\/55df91d2144662428b1b0f3b30e7cf78.jpg\" data-item-syndicated=\"true\">\n<div class=\"thumbBlock_holder\">\n<div class=\"videoCube_aspect\"><\/div>\n<\/div>\n<p><a class=\" item-label-href \" title=\"\u00a1La alarma econ\u00f3mica que est\u00e1 revolucionando el mercado en Arroyo Chico!\" href=\"https:\/\/affiliate.across.it\/v2\/click\/2vulbjmmfhsdss2tvas\" target=\"_blank\" rel=\"nofollow noopener sponsored\"><span class=\"video-label-box trc-main-label \"><span class=\"video-label video-title trc_ellipsis \">\u00a1La alarma econ\u00f3mica que est\u00e1 revolucionando el mercado en Arroyo Chico!<\/span><span class=\"branding composite-branding\"><span class=\"branding-inner\">Verisure<\/span><span class=\"branding-separator\">|<\/span><\/span><\/span><\/a><\/p>\n<div class=\"logoDiv link-disclosure attribution-disclosure-link-sponsored align-disclosure-left\"><a class=\"trc_desktop_disclosure_link trc_attribution_position_after_branding\" href=\"https:\/\/popup.taboola.com\/es\/?template=colorbox&amp;utm_source=grupoambito-ambito&amp;utm_medium=referral&amp;utm_content=thumbs-feed-01:Below%20Article%20Thumbnails%20|%20Card%201:\" target=\"_blank\" rel=\"nofollow sponsored noopener\">Patrocinado<\/a><\/div>\n<div class=\" trc_user_exclude_btn \" title=\"Quitar este anuncio\"><\/div>\n<div class=\" trc_exclude_overlay trc_fade \"><\/div>\n<div class=\" trc_undo_btn \"><\/div>\n<\/div>\n<\/div>\n<\/div>\n<\/div>\n<div class=\"trc_clearer\"><\/div>\n<\/div>\n<\/div>\n<\/div>\n<\/div>\n<div class=\"tbl-batch-anchor\"><\/div>\n<div id=\"_cm-css-reset\" class=\"_cm-ad-feed-manager vpaid-player-container multi-vpaids\">\n<div id=\"0__cm-css-reset\" class=\"_cm-ad-feed-manager vpaid-player-container multi-vpaids vpaid-handler\"><\/div>\n<\/div>\n<div id=\"1690063694496\" class=\"_cm-ad-feed-manager\"><\/div>\n<\/div>\n<\/div>\n<\/div>\n<\/div>\n<aside class=\"col-12 col-md-4 detail-news__aside\">\n<div class=\"last-news\">\n<h3 class=\"last-news__obj-title\">\u00daltimas noticias<\/h3>\n<article class=\"last-news__article\">\n<h2 class=\"last-news__article-title\"><a title=\"\u00e1mbito.com | Litio: Argentina se suma a una exclusiva lista de pa\u00edses que desarrollaron un insumo cr\u00edtico para bater\u00edas\" href=\"https:\/\/www.ambito.com\/energia\/litio-argentina-se-suma-una-exclusiva-lista-paises-que-desarrollaron-un-insumo-critico-baterias-n5776807\" target=\"\" rel=\"noopener\">Litio: Argentina se suma a una exclusiva lista de pa\u00edses que desarrollaron un insumo cr\u00edtico para bater\u00edas<\/a><\/h2>\n<\/article>\n<article class=\"last-news__article\">\n<h2 class=\"last-news__article-title\"><a title=\"\u00e1mbito.com | Criptomonedas: con el Bitcoin a la cabeza, crece un 30% interanual en la capitalizaci\u00f3n del mercado\" href=\"https:\/\/www.ambito.com\/finanzas\/criptomonedas-el-bitcoin-la-cabeza-crece-un-30-interanual-la-capitalizacion-del-mercado-n5776772\" target=\"\" rel=\"noopener\">Criptomonedas: con el Bitcoin a la cabeza, crece un 30% interanual en la capitalizaci\u00f3n del mercado<\/a><\/h2>\n<\/article>\n<article class=\"last-news__article\">\n<h2 class=\"last-news__article-title\"><a title=\"\u00e1mbito.com | Ley de Personal Militar: el Gobierno sostuvo que la oposici\u00f3n no ley\u00f3 el proyecto antes de criticarlo\" href=\"https:\/\/www.ambito.com\/politica\/ley-personal-militar-el-gobierno-sostuvo-que-la-oposicion-no-leyo-el-proyecto-antes-criticarlo-n5776758\" target=\"\" rel=\"noopener\">Ley de Personal Militar: el Gobierno sostuvo que la oposici\u00f3n no ley\u00f3 el proyecto antes de criticarlo<\/a><\/h2>\n<\/article>\n<article class=\"last-news__article\">\n<h2 class=\"last-news__article-title\"><a title=\"\u00e1mbito.com | El h\u00fangaro Orban condena el federalismo de la UE y la ofensiva LGBTQ\" href=\"https:\/\/www.ambito.com\/mundo\/el-hungaro-orban-condena-el-federalismo-la-ue-y-la-ofensiva-lgbtq-n5776736\" target=\"\" rel=\"noopener\">El h\u00fangaro Orban condena el federalismo de la UE y la \u00abofensiva\u00bb LGBTQ<\/a><\/h2>\n<\/article>\n<article class=\"last-news__article\">\n<h2 class=\"last-news__article-title\"><a title=\"\u00e1mbito.com | Negociaci\u00f3n con el FMI: Rossi asegur\u00f3 que el Gobierno defender\u00e1 los intereses de los argentinos\" href=\"https:\/\/www.ambito.com\/politica\/negociacion-el-fmi-rossi-aseguro-que-el-gobierno-defendera-los-intereses-los-argentinos-n5776714\" target=\"\" rel=\"noopener\">Negociaci\u00f3n con el FMI: Rossi asegur\u00f3 que el Gobierno defender\u00e1 \u00ablos intereses de los argentinos\u00bb<\/a><\/h2>\n<\/article>\n<\/div>\n<div class=\"banner banner--free-banner\">\n<div class=\"banner__content-wrapper\">\n<div id=\"Not-300x250-01\" class=\"ad-slot-box ad-slot\" data-lazyload=\"0\" data-adzonerun=\"1\" data-google-query-id=\"CKC6oNqpo4ADFX5S3QIdffgC0w\">\n<div id=\"google_ads_iframe_\/78858960\/Ambito\/Not-300x250-01_0__container__\"><iframe loading=\"lazy\" id=\"google_ads_iframe_\/78858960\/Ambito\/Not-300x250-01_0\" tabindex=\"0\" title=\"3rd party ad content\" role=\"region\" src=\"https:\/\/205777e41b30287e81ebf98ecd066a64.safeframe.googlesyndication.com\/safeframe\/1-0-40\/html\/container.html\" name=\"\" width=\"300\" height=\"250\" frameborder=\"0\" marginwidth=\"0\" marginheight=\"0\" scrolling=\"no\" sandbox=\"allow-forms allow-popups allow-popups-to-escape-sandbox allow-same-origin allow-scripts allow-top-navigation-by-user-activation\" data-is-safeframe=\"true\" aria-label=\"Advertisement\" data-google-container-id=\"4\" data-load-complete=\"true\" data-mce-fragment=\"1\"><\/iframe><\/div>\n<\/div>\n<\/div>\n<\/div>\n<div class=\"top-ranked-news\">\n<header class=\"top-ranked-news__header\"><span class=\"top-ranked-news__obj-title\">Las m\u00e1s le\u00eddas<\/span><\/header>\n<article class=\"top-ranked-news__news-article\">\n<h2 class=\"top-ranked-news__news-article-title\"><a title=\"\u00e1mbito.com | Inflaci\u00f3n: cu\u00e1l es el pa\u00eds que m\u00e1s r\u00e1pido redujo el peor dato de los \u00faltimos 40 a\u00f1os\" href=\"https:\/\/www.ambito.com\/economia\/inflacion-cual-es-el-pais-que-mas-rapido-redujo-la-peor-dato-los-ultimos-40-anos-n5776547\" target=\"\" rel=\"noopener\">Inflaci\u00f3n: cu\u00e1l es el pa\u00eds que m\u00e1s r\u00e1pido redujo el peor dato de los \u00faltimos 40 a\u00f1os<\/a><\/h2>\n<\/article>\n<article class=\"top-ranked-news__news-article\">\n<h2 class=\"top-ranked-news__news-article-title\"><a title=\"\u00e1mbito.com | D\u00f3lar para importadores y el campo: el mercado se prepara para nuevas medidas de Massa\" href=\"https:\/\/www.ambito.com\/economia\/dolar-importadores-el-mercado-se-prepara-nuevas-medidas-massa-n5775241\" target=\"\" rel=\"noopener\">D\u00f3lar para importadores y el campo: el mercado se prepara para nuevas medidas de Massa<\/a><\/h2>\n<\/article>\n<article class=\"top-ranked-news__news-article\">\n<h2 class=\"top-ranked-news__news-article-title\"><a title=\"\u00e1mbito.com | Chau plazo fijo, hola criptomonedas: este es el m\u00e9todo para duplicar ganancias\" href=\"https:\/\/www.ambito.com\/finanzas\/chau-plazo-fijo-hola-criptomonedas-este-es-el-metodo-duplicar-ganancias-n5776698\" target=\"\" rel=\"noopener\">Chau plazo fijo, hola criptomonedas: este es el m\u00e9todo para duplicar ganancias<\/a><\/h2>\n<\/article>\n<article class=\"top-ranked-news__news-article\">\n<h2 class=\"top-ranked-news__news-article-title\"><a title=\"\u00e1mbito.com | Procrear II: c\u00f3mo inscribirse y cu\u00e1les son los requisitos obligatorios\" href=\"https:\/\/www.ambito.com\/informacion-general\/procrear-ii-como-inscribirse-y-cuales-son-los-requisitos-obligatorios-n5776708\" target=\"\" rel=\"noopener\">Procrear II: c\u00f3mo inscribirse y cu\u00e1les son los requisitos obligatorios<\/a><\/h2>\n<\/article>\n<\/div>\n<div class=\"banner banner--free-banner\">\n<div class=\"banner__content-wrapper\">\n<div id=\"Not-300x250-02\" class=\"ad-slot-box ad-slot\" data-lazyload=\"0\" data-adzonerun=\"1\" data-google-query-id=\"CLeoiPGpo4ADFZhU3QIdtEQPMQ\">\n<div id=\"google_ads_iframe_\/78858960\/Ambito\/Not-300x250-02_0__container__\"><iframe id=\"google_ads_iframe_\/78858960\/Ambito\/Not-300x250-02_0\" tabindex=\"0\" title=\"3rd party ad content\" role=\"region\" name=\"google_ads_iframe_\/78858960\/Ambito\/Not-300x250-02_0\" width=\"300\" height=\"250\" frameborder=\"0\" marginwidth=\"0\" marginheight=\"0\" scrolling=\"no\" aria-label=\"Advertisement\" data-load-complete=\"true\" data-google-container-id=\"7\" data-mce-fragment=\"1\"><\/iframe><\/div>\n<\/div>\n<\/div>\n<\/div>\n<div id=\"my-element-49996\" class=\"market-values-table\" data-mercado-id=\"mercado-49996\" data-url=\"https:\/\/mercados.ambito.com\/\" data-td-script-src=\"https:\/\/www.ambito.com\/js-custom\/239\/v3\/vendor\/jquery\/jquery-3.6.0.min-min-version-1672829449.js,https:\/\/www.ambito.com\/js-custom\/239\/v3\/widget-mercados-min-version-1686164567.js,https:\/\/www.ambito.com\/js-custom\/239\/v3\/x-scroll-min-version-1673893889.js\">\n<header class=\"market-values-table__header\"><span class=\"market-values-table__obj-title\">Mercados<\/span><\/header>\n<nav class=\"market-values-table__nav\">\n<ul class=\"market-values-table__list\">\n<li class=\"market-values-table__list-item\"><label for=\"monedasCheck-49996\">MONEDAS<\/label><\/li>\n<li class=\"market-values-table__list-item\"><label for=\"bolsasCheck-49996\">BOLSAS<\/label><\/li>\n<li class=\"market-values-table__list-item\"><label for=\"commoditiesCheck-49996\">COMMODITIES<\/label><\/li>\n<li class=\"market-values-table__list-item\"><label for=\"cedearsCheck-49996\">CEDEARS<\/label><\/li>\n<\/ul>\n<\/nav>\n<div class=\"market-values-table__values-table-49996\">\n<div class=\"market-values-table__value-row\"><span class=\"market-values-table__value-name\">D\u00f3lar BNA<\/span><span class=\"market-values-table__value\">281,50<\/span><span class=\"market-values-table__value-fluctuation up\">0,54%<\/span><\/div>\n<div class=\"market-values-table__value-row\"><span class=\"market-values-table__value-name\">D\u00f3lar Informal<\/span><span class=\"market-values-table__value\">529,00<\/span><span class=\"market-values-table__value-fluctuation up\">0,76%<\/span><\/div>\n<div class=\"market-values-table__value-row\"><span class=\"market-values-table__value-name\">D\u00f3lar Ahorro<\/span><span class=\"market-values-table__value\">466,19<\/span><span class=\"market-values-table__value-fluctuation up\">0,31%<\/span><\/div>\n<div class=\"market-values-table__value-row\"><span class=\"market-values-table__value-name\">D\u00f3lar Qatar<\/span><span class=\"market-values-table__value\">565,08<\/span><span class=\"market-values-table__value-fluctuation up\">0,31%<\/span><\/div>\n<div class=\"market-values-table__value-row\"><span class=\"market-values-table__value-name\">D\u00f3lar Mep<\/span><span class=\"market-values-table__value\">498,08<\/span><span class=\"market-values-table__value-fluctuation up\">0,45%<\/span><\/div>\n<div class=\"market-values-table__value-row\"><span class=\"market-values-table__value-name\">D\u00f3lar Mayorista<\/span><span class=\"market-values-table__value\">269,45<\/span><span class=\"market-values-table__value-fluctuation up\">0,28%<\/span><\/div>\n<div class=\"market-values-table__value-row\"><span class=\"market-values-table__value-name\">D\u00f3lar Cripto<\/span><span class=\"market-values-table__value\">528,45<\/span><span class=\"market-values-table__value-fluctuation down\">-0,01%<\/span><\/div>\n<div class=\"market-values-table__value-row\"><span class=\"market-values-table__value-name\">Euro<\/span><span class=\"market-values-table__value\">312,64<\/span><span class=\"market-values-table__value-fluctuation up\">0,06%<\/span><\/div>\n<div class=\"market-values-table__value-row\"><span class=\"market-values-table__value-name\">Euro Informal<\/span><span class=\"market-values-table__value\">575,00<\/span><span class=\"market-values-table__value-fluctuation up\">0,7%<\/span><\/div>\n<\/div>\n<\/div>\n<div id=\"bannerStickyHeader\" class=\"banner-sticky-header\" data-td-script-src=\"https:\/\/www.ambito.com\/js-custom\/239\/banner-header-sticky-min-version-1585147081.js\">\n<div class=\"banner-wrapper\">\n<div id=\"Not-300x600-02\" class=\"ad-slot-bigbox ad-slot\" data-lazyload=\"0\" data-adzonerun=\"1\" data-google-query-id=\"CPmhn_Gpo4ADFSxR3QId1PAJMw\">\n<div id=\"google_ads_iframe_\/78858960\/Ambito\/Not-300x600-02_0__container__\"><iframe loading=\"lazy\" id=\"google_ads_iframe_\/78858960\/Ambito\/Not-300x600-02_0\" tabindex=\"0\" title=\"3rd party ad content\" role=\"region\" src=\"https:\/\/205777e41b30287e81ebf98ecd066a64.safeframe.googlesyndication.com\/safeframe\/1-0-40\/html\/container.html\" name=\"\" width=\"300\" height=\"600\" frameborder=\"0\" marginwidth=\"0\" marginheight=\"0\" scrolling=\"no\" sandbox=\"allow-forms allow-popups allow-popups-to-escape-sandbox allow-same-origin allow-scripts allow-top-navigation-by-user-activation\" data-is-safeframe=\"true\" aria-label=\"Advertisement\" data-google-container-id=\"8\" data-load-complete=\"true\" data-mce-fragment=\"1\"><\/iframe><\/div>\n<\/div>\n<\/div>\n<\/div>\n<\/aside>\n","protected":false},"excerpt":{"rendered":"<p>El\u00a0Ministerio de Desarrollo Territorial y H\u00e1bitat\u00a0habilit\u00f3 esta semana la\u00a0inscripci\u00f3n\u00a0para acceder a\u00a0m\u00e1s de 1.600 viviendas\u00a0en\u00a012 nuevos\u00a0Desarrollos Urban\u00edsticos\u00a0del programa\u00a0Procrear II.\u00a0Conoc\u00e9 cu\u00e1les son los requisitos generales. Estos nuevos predios est\u00e1n ubicados en\u00a0Baradero, Jun\u00edn, Mercedes, Monte Hermoso, El Palomar,\u00a0(Buenos Aires);\u00a0Trelew\u00a0(Chubut);\u00a0Monte Ma\u00edz, Viamonte, Pascanas\u00a0(C\u00f3rdoba);\u00a0R\u00edo Gallegos\u00a0(Santa Cruz);\u00a0San Juan &#8211; La Ramada\u00a0(San Juan) y\u00a0Las Parejas\u00a0(Santa Fe). Adem\u00e1s, se volver\u00e1n a abrir otros [&hellip;]<\/p>\n","protected":false},"author":3,"featured_media":102156,"comment_status":"open","ping_status":"open","sticky":false,"template":"","format":"standard","meta":{"footnotes":""},"categories":[7],"tags":[],"class_list":{"0":"post-102155","1":"post","2":"type-post","3":"status-publish","4":"format-standard","5":"has-post-thumbnail","7":"category-nac"},"_links":{"self":[{"href":"https:\/\/primicias2262.com\/noticias\/wp-json\/wp\/v2\/posts\/102155","targetHints":{"allow":["GET"]}}],"collection":[{"href":"https:\/\/primicias2262.com\/noticias\/wp-json\/wp\/v2\/posts"}],"about":[{"href":"https:\/\/primicias2262.com\/noticias\/wp-json\/wp\/v2\/types\/post"}],"author":[{"embeddable":true,"href":"https:\/\/primicias2262.com\/noticias\/wp-json\/wp\/v2\/users\/3"}],"replies":[{"embeddable":true,"href":"https:\/\/primicias2262.com\/noticias\/wp-json\/wp\/v2\/comments?post=102155"}],"version-history":[{"count":2,"href":"https:\/\/primicias2262.com\/noticias\/wp-json\/wp\/v2\/posts\/102155\/revisions"}],"predecessor-version":[{"id":102158,"href":"https:\/\/primicias2262.com\/noticias\/wp-json\/wp\/v2\/posts\/102155\/revisions\/102158"}],"wp:featuredmedia":[{"embeddable":true,"href":"https:\/\/primicias2262.com\/noticias\/wp-json\/wp\/v2\/media\/102156"}],"wp:attachment":[{"href":"https:\/\/primicias2262.com\/noticias\/wp-json\/wp\/v2\/media?parent=102155"}],"wp:term":[{"taxonomy":"category","embeddable":true,"href":"https:\/\/primicias2262.com\/noticias\/wp-json\/wp\/v2\/categories?post=102155"},{"taxonomy":"post_tag","embeddable":true,"href":"https:\/\/primicias2262.com\/noticias\/wp-json\/wp\/v2\/tags?post=102155"}],"curies":[{"name":"wp","href":"https:\/\/api.w.org\/{rel}","templated":true}]}}