{"id":102162,"date":"2023-07-22T22:17:27","date_gmt":"2023-07-22T22:17:27","guid":{"rendered":"https:\/\/primicias2262.com\/noticias\/?p=102162"},"modified":"2023-07-22T22:17:27","modified_gmt":"2023-07-22T22:17:27","slug":"sube-la-tarifa-del-transporte-de-carga","status":"publish","type":"post","link":"https:\/\/primicias2262.com\/noticias\/sube-la-tarifa-del-transporte-de-carga\/","title":{"rendered":"Sube la tarifa del transporte de carga"},"content":{"rendered":"<p>La Secretar\u00eda de Gesti\u00f3n de Transporte aprob\u00f3 un incremento del 30 por ciento en las tarifas de referencia del transporte automotor de cargas de cereales, oleaginosas, afines, productos, subproductos y derivados para el per\u00edodo comprendido entre febrero y junio, respecto de los valores establecidos para el per\u00edodo noviembre de 2022-febrero de 2023.<\/p>\n<p>Los nuevos valores se detallan en el anexo de la resoluci\u00f3n 32\/2023 publicada este viernes en el Bolet\u00edn Oficial, luego de lo acordado en la Mesa de Negociaci\u00f3n Participativa integrada por las c\u00e1maras empresarias y entidades representativas del transporte automotor de cargas y de la producci\u00f3n agraria, as\u00ed como funcionarios del Ministerio de Transporte y la Secretar\u00eda de Agricultura, Ganader\u00eda y Pesca.<\/p>\n<div id=\"talkFireEvent\"><\/div>\n<p>La Mesa fue convocada el 11 de julio, \u00abatento los incrementos suscitados en los rubros que afectan las variables m\u00e1s significativas del transporte automotor de cargas\u00bb, y en el encuentro se someti\u00f3 a an\u00e1lisis el estudio t\u00e9cnico de la Direcci\u00f3n de Gesti\u00f3n Econ\u00f3mica de Transporte Automotor de la Subsecretar\u00eda de Transporte Automotor, que registr\u00f3 una variaci\u00f3n de precios del 32,96 por ciento en relaci\u00f3n con los valores vigentes a febrero.<\/p>\n<p>En consecuencia, los participantes de la Mesa acordaron un incremento de la tarifa de referencia del 30 por ciento para el per\u00edodo febrero-junio, que la Secretar\u00eda de Gesti\u00f3n de Transporte consider\u00f3 \u00abprocedente aprobar\u00bb.<\/p>\n<p>El nuevo cuadro tarifario parte de un precio de 1.723,42 pesos por tonelada entre 1 y 10 kil\u00f3metros, hasta un m\u00e1ximo de 23.457,33 pesos por tonelada para 1.500 kil\u00f3metros.<\/p>\n<p>Los costos del transporte de cargas que hab\u00eda relevado la Federaci\u00f3n Argentina de Entidades Empresarias del Autotransporte de Cargas (Fadeeac) hab\u00edan mostrado una suba de 5,32 por ciento en junio, impulsada fundamentalmente por la suba de 5,5 por ciento en el gasoil, principal insumo de la actividad. A su vez, los lubricantes treparon un 8 por ciento. Neum\u00e1ticos volvi\u00f3 a registrar un incremento moderado de 5,36 por ciento, el Costo Financiero trep\u00f3 5,13 por ciento y Gastos Generales sufri\u00f3 una suba mensual de 4,14 por ciento.<\/p>\n<p>&nbsp;<\/p>\n<p>Aunque el mes mostr\u00f3 una desaceleraci\u00f3n, respecto de los incrementos de mayo (11,85) y abril (7,75), acumularon un 52,33 por ciento de crecimiento en el primer semestre. En la comparaci\u00f3n interanual, el incremento lleg\u00f3 al 126,8 por ciento (junio 2022-junio 2023).<\/p>\n","protected":false},"excerpt":{"rendered":"<p>La Secretar\u00eda de Gesti\u00f3n de Transporte aprob\u00f3 un incremento del 30 por ciento en las tarifas de referencia del transporte automotor de cargas de cereales, oleaginosas, afines, productos, subproductos y derivados para el per\u00edodo comprendido entre febrero y junio, respecto de los valores establecidos para el per\u00edodo noviembre de 2022-febrero de 2023. Los nuevos valores [&hellip;]<\/p>\n","protected":false},"author":3,"featured_media":102163,"comment_status":"open","ping_status":"open","sticky":false,"template":"","format":"standard","meta":{"footnotes":""},"categories":[7],"tags":[],"class_list":{"0":"post-102162","1":"post","2":"type-post","3":"status-publish","4":"format-standard","5":"has-post-thumbnail","7":"category-nac"},"_links":{"self":[{"href":"https:\/\/primicias2262.com\/noticias\/wp-json\/wp\/v2\/posts\/102162","targetHints":{"allow":["GET"]}}],"collection":[{"href":"https:\/\/primicias2262.com\/noticias\/wp-json\/wp\/v2\/posts"}],"about":[{"href":"https:\/\/primicias2262.com\/noticias\/wp-json\/wp\/v2\/types\/post"}],"author":[{"embeddable":true,"href":"https:\/\/primicias2262.com\/noticias\/wp-json\/wp\/v2\/users\/3"}],"replies":[{"embeddable":true,"href":"https:\/\/primicias2262.com\/noticias\/wp-json\/wp\/v2\/comments?post=102162"}],"version-history":[{"count":1,"href":"https:\/\/primicias2262.com\/noticias\/wp-json\/wp\/v2\/posts\/102162\/revisions"}],"predecessor-version":[{"id":102164,"href":"https:\/\/primicias2262.com\/noticias\/wp-json\/wp\/v2\/posts\/102162\/revisions\/102164"}],"wp:featuredmedia":[{"embeddable":true,"href":"https:\/\/primicias2262.com\/noticias\/wp-json\/wp\/v2\/media\/102163"}],"wp:attachment":[{"href":"https:\/\/primicias2262.com\/noticias\/wp-json\/wp\/v2\/media?parent=102162"}],"wp:term":[{"taxonomy":"category","embeddable":true,"href":"https:\/\/primicias2262.com\/noticias\/wp-json\/wp\/v2\/categories?post=102162"},{"taxonomy":"post_tag","embeddable":true,"href":"https:\/\/primicias2262.com\/noticias\/wp-json\/wp\/v2\/tags?post=102162"}],"curies":[{"name":"wp","href":"https:\/\/api.w.org\/{rel}","templated":true}]}}