{"id":102184,"date":"2023-07-24T16:52:25","date_gmt":"2023-07-24T16:52:25","guid":{"rendered":"https:\/\/primicias2262.com\/noticias\/?p=102184"},"modified":"2023-07-24T16:52:25","modified_gmt":"2023-07-24T16:52:25","slug":"milei-prometio-la-unificacion-cambiaria-y-la-eliminacion-total-de-las-retenciones","status":"publish","type":"post","link":"https:\/\/primicias2262.com\/noticias\/milei-prometio-la-unificacion-cambiaria-y-la-eliminacion-total-de-las-retenciones\/","title":{"rendered":"Milei prometi\u00f3 la \u201cunificaci\u00f3n cambiaria\u201d y la \u201celiminaci\u00f3n total de las retenciones\u201d"},"content":{"rendered":"<div class=\"col-12 col-sm-9\">\n<div class=\"nota_content mt-30\">\n<p><strong>El precandidato a presidente por la Libertad Avanza (LLA), Javier Milei, le prometi\u00f3 al sector agropecuario que, en caso de ganar las elecciones, aplicar\u00e1 una \u201cunificaci\u00f3n cambiaria\u201d y la \u201celiminaci\u00f3n total de las retenciones\u201d a las exportaciones.<\/strong><\/p>\n<p>\u201cEl campo argentino es el mejor campo del mundo y vamos a trabajar para devolver la rentabilidad y vitalidad que se la ha quitado en los \u00faltimos a\u00f1os chup\u00e1ndole la sangre\u201d, se\u00f1al\u00f3 Mieli durante la exposici\u00f3n de los postulantes presidenciales en el predio de Palermo.<\/p>\n<p>El referente libertario se\u00f1al\u00f3 que su espacio piensa en una \u201cunificaci\u00f3n cambiaria y eliminaci\u00f3n total de las retenciones\u201d, lo que, dijo, \u201cimplicar\u00eda triplicar los ingresos\u201d del sector agropecuario.<\/p>\n<p>Adem\u00e1s reiter\u00f3 su propuesta de \u201celiminar el cepo\u201d cambiario, al que tild\u00f3 de \u201cinmoral\u201d, y el Banco Central, para ir hacia una \u201cunificaci\u00f3n cambiaria de facto\u201d, adem\u00e1s de avanzar en la \u201cdolarizaci\u00f3n\u201d, que puede tomar entre \u201c9 y 24 meses\u201d.<\/p>\n<p>Seg\u00fan Milei, en caso de aplicarse esas medidas \u201cla tasa de crecimiento anual compuesto del campo podr\u00eda pasar a niveles del 15%\u201d.<\/p>\n<p>Tambi\u00e9n cuestion\u00f3 el dirigente la aplicaci\u00f3n de \u201cparches\u201d para los distintos tipos de d\u00f3lar y lo que llam\u00f3 \u201cdevaluaciones a dedo\u201d, al advertir que el \u201cprecio es el del mercado\u201d.<\/p>\n<p>Adem\u00e1s, cuestion\u00f3 la \u201cidea nefasta de la justicia social\u201d, que, dijo, \u201ces injusta porque implica un robo y un trato desigual frente a la ley, y hace que en Argentina, que produce alimentos para 400 millones de seres humanos, con una presi\u00f3n fiscal sobre el campo del 70%, hay 5 millones de argentinos que no les alcanza para comer\u201d.<\/p>\n<p>En una cr\u00edtica tanto al Gobierno como a la oposici\u00f3n, Milei se\u00f1al\u00f3 que el \u201cactual modelo\u201d econ\u00f3mico, \u201csea de buenos modales o malos modales, conduce a un desastre econ\u00f3mico\u201d.<\/p>\n<\/div>\n<\/div>\n","protected":false},"excerpt":{"rendered":"<p>El precandidato a presidente por la Libertad Avanza (LLA), Javier Milei, le prometi\u00f3 al sector agropecuario que, en caso de ganar las elecciones, aplicar\u00e1 una \u201cunificaci\u00f3n cambiaria\u201d y la \u201celiminaci\u00f3n total de las retenciones\u201d a las exportaciones. \u201cEl campo argentino es el mejor campo del mundo y vamos a trabajar para devolver la rentabilidad y [&hellip;]<\/p>\n","protected":false},"author":3,"featured_media":101775,"comment_status":"open","ping_status":"open","sticky":false,"template":"","format":"standard","meta":{"footnotes":""},"categories":[7],"tags":[],"class_list":{"0":"post-102184","1":"post","2":"type-post","3":"status-publish","4":"format-standard","5":"has-post-thumbnail","7":"category-nac"},"_links":{"self":[{"href":"https:\/\/primicias2262.com\/noticias\/wp-json\/wp\/v2\/posts\/102184","targetHints":{"allow":["GET"]}}],"collection":[{"href":"https:\/\/primicias2262.com\/noticias\/wp-json\/wp\/v2\/posts"}],"about":[{"href":"https:\/\/primicias2262.com\/noticias\/wp-json\/wp\/v2\/types\/post"}],"author":[{"embeddable":true,"href":"https:\/\/primicias2262.com\/noticias\/wp-json\/wp\/v2\/users\/3"}],"replies":[{"embeddable":true,"href":"https:\/\/primicias2262.com\/noticias\/wp-json\/wp\/v2\/comments?post=102184"}],"version-history":[{"count":1,"href":"https:\/\/primicias2262.com\/noticias\/wp-json\/wp\/v2\/posts\/102184\/revisions"}],"predecessor-version":[{"id":102185,"href":"https:\/\/primicias2262.com\/noticias\/wp-json\/wp\/v2\/posts\/102184\/revisions\/102185"}],"wp:featuredmedia":[{"embeddable":true,"href":"https:\/\/primicias2262.com\/noticias\/wp-json\/wp\/v2\/media\/101775"}],"wp:attachment":[{"href":"https:\/\/primicias2262.com\/noticias\/wp-json\/wp\/v2\/media?parent=102184"}],"wp:term":[{"taxonomy":"category","embeddable":true,"href":"https:\/\/primicias2262.com\/noticias\/wp-json\/wp\/v2\/categories?post=102184"},{"taxonomy":"post_tag","embeddable":true,"href":"https:\/\/primicias2262.com\/noticias\/wp-json\/wp\/v2\/tags?post=102184"}],"curies":[{"name":"wp","href":"https:\/\/api.w.org\/{rel}","templated":true}]}}